{"id":19709,"date":"2021-11-15T07:31:00","date_gmt":"2021-11-15T06:31:00","guid":{"rendered":"http:\/\/sp1.kielce.eu\/?p=19709"},"modified":"2021-11-13T14:34:16","modified_gmt":"2021-11-13T13:34:16","slug":"swietlicowy-konkurs-recytatorski","status":"publish","type":"post","link":"https:\/\/sp1.kielce.eu\/index.php\/2021\/11\/15\/swietlicowy-konkurs-recytatorski\/","title":{"rendered":"\u015awietlicowy konkurs recytatorski"},"content":{"rendered":"\n<p>9 i 10 listopada na \u015bwietlicy szkolnej odby\u0142 si\u0119 \u015awietlicowy konkurs recytatorski &#8222;Pi\u0119kna nasza Polska ca\u0142a&#8221;, kt\u00f3rego celem by\u0142o wyrecytowanie dowolnego wiersza o&nbsp;tematyce patriotycznej. Konkurs bezpo\u015brednio nawi\u0105zywa\u0142 do zbli\u017caj\u0105cego si\u0119 \u015bwi\u0119ta 103&nbsp;rocznicy Odzyskania Niepodleg\u0142o\u015bci i&nbsp;by\u0142 bardzo wa\u017cnym wydarzeniem dla wszystkich dzieci przebywaj\u0105cych na \u015bwietlicy.&nbsp;<\/p>\n\n\n\n<figure class=\"wp-block-embed is-type-video is-provider-youtube wp-block-embed-youtube wp-embed-aspect-4-3 wp-has-aspect-ratio\"><div class=\"wp-block-embed__wrapper\">\n<iframe loading=\"lazy\" title=\"\u015awietlicowy konkurs recytatorski SP1\" width=\"1160\" height=\"870\" src=\"https:\/\/www.youtube.com\/embed\/3J7ZEy2453g?feature=oembed\" frameborder=\"0\" allow=\"accelerometer; autoplay; clipboard-write; encrypted-media; gyroscope; picture-in-picture\" allowfullscreen><\/iframe>\n<\/div><\/figure>\n\n\n\n<p>Laureaci otrzymali pami\u0105tkowe dyplomy oraz drobne upominki.<\/p>\n\n\n\n<p>Wyniki przedstawiaj\u0105 si\u0119 nast\u0119puj\u0105co:<\/p>\n\n\n\n<p>I miejsce: Oliwia Sieczka 2b<br>II miejsce: Miko\u0142aj \u015amigielski 3a<br>III miejsce: Julia Wypych 1a<\/p>\n\n\n\n<p>Wyr\u00f3\u017cnienie: Oliwia Buczy\u0144ska-Wojtas 1b i Gabriela Guz 1b<\/p>\n\n\n\n<p>Gratulujemy serdecznie!<\/p>\n\n\n\n<p class=\"has-text-align-right\">Organizatorzy:\u00a0<br>El\u017cbieta Litwienk<br>Agata Szcze\u015bniak<br>Agnieszka Rycombel\u00a0<\/p>\n\n\n\n<figure class=\"wp-block-gallery columns-2 is-cropped wp-block-gallery-1 is-layout-flex wp-block-gallery-is-layout-flex\"><ul class=\"blocks-gallery-grid\"><li class=\"blocks-gallery-item\"><figure><a href=\"http:\/\/sp1.kielce.eu\/wp-content\/uploads\/2021\/11\/20211110_114237-Copy.jpg\"><img loading=\"lazy\" decoding=\"async\" width=\"465\" height=\"900\" src=\"http:\/\/sp1.kielce.eu\/wp-content\/uploads\/2021\/11\/20211110_114237-Copy.jpg\" alt=\"\" data-id=\"19710\" data-full-url=\"http:\/\/sp1.kielce.eu\/wp-content\/uploads\/2021\/11\/20211110_114237-Copy.jpg\" data-link=\"http:\/\/sp1.kielce.eu\/?attachment_id=19710\" class=\"wp-image-19710\" srcset=\"https:\/\/sp1.kielce.eu\/wp-content\/uploads\/2021\/11\/20211110_114237-Copy.jpg 465w, https:\/\/sp1.kielce.eu\/wp-content\/uploads\/2021\/11\/20211110_114237-Copy-155x300.jpg 155w\" sizes=\"auto, (max-width: 465px) 100vw, 465px\" \/><\/a><\/figure><\/li><li class=\"blocks-gallery-item\"><figure><a href=\"http:\/\/sp1.kielce.eu\/wp-content\/uploads\/2021\/11\/20211110_134045-Copy.jpg\"><img loading=\"lazy\" decoding=\"async\" width=\"638\" height=\"900\" src=\"http:\/\/sp1.kielce.eu\/wp-content\/uploads\/2021\/11\/20211110_134045-Copy.jpg\" alt=\"\" data-id=\"19711\" data-full-url=\"http:\/\/sp1.kielce.eu\/wp-content\/uploads\/2021\/11\/20211110_134045-Copy.jpg\" data-link=\"http:\/\/sp1.kielce.eu\/?attachment_id=19711\" class=\"wp-image-19711\" srcset=\"https:\/\/sp1.kielce.eu\/wp-content\/uploads\/2021\/11\/20211110_134045-Copy.jpg 638w, https:\/\/sp1.kielce.eu\/wp-content\/uploads\/2021\/11\/20211110_134045-Copy-213x300.jpg 213w\" sizes=\"auto, (max-width: 638px) 100vw, 638px\" \/><\/a><\/figure><\/li><\/ul><\/figure>\n","protected":false},"excerpt":{"rendered":"<p>9 i 10 listopada na \u015bwietlicy szkolnej odby\u0142 si\u0119 \u015awietlicowy konkurs recytatorski &#8222;Pi\u0119kna nasza Polska [&hellip;]<\/p>\n","protected":false},"author":13,"featured_media":19712,"comment_status":"closed","ping_status":"open","sticky":false,"template":"","format":"standard","meta":{"footnotes":""},"categories":[25],"tags":[],"class_list":["post-19709","post","type-post","status-publish","format-standard","has-post-thumbnail","hentry","category-swietlica"],"_links":{"self":[{"href":"https:\/\/sp1.kielce.eu\/index.php\/wp-json\/wp\/v2\/posts\/19709","targetHints":{"allow":["GET"]}}],"collection":[{"href":"https:\/\/sp1.kielce.eu\/index.php\/wp-json\/wp\/v2\/posts"}],"about":[{"href":"https:\/\/sp1.kielce.eu\/index.php\/wp-json\/wp\/v2\/types\/post"}],"author":[{"embeddable":true,"href":"https:\/\/sp1.kielce.eu\/index.php\/wp-json\/wp\/v2\/users\/13"}],"replies":[{"embeddable":true,"href":"https:\/\/sp1.kielce.eu\/index.php\/wp-json\/wp\/v2\/comments?post=19709"}],"version-history":[{"count":1,"href":"https:\/\/sp1.kielce.eu\/index.php\/wp-json\/wp\/v2\/posts\/19709\/revisions"}],"predecessor-version":[{"id":19713,"href":"https:\/\/sp1.kielce.eu\/index.php\/wp-json\/wp\/v2\/posts\/19709\/revisions\/19713"}],"wp:featuredmedia":[{"embeddable":true,"href":"https:\/\/sp1.kielce.eu\/index.php\/wp-json\/wp\/v2\/media\/19712"}],"wp:attachment":[{"href":"https:\/\/sp1.kielce.eu\/index.php\/wp-json\/wp\/v2\/media?parent=19709"}],"wp:term":[{"taxonomy":"category","embeddable":true,"href":"https:\/\/sp1.kielce.eu\/index.php\/wp-json\/wp\/v2\/categories?post=19709"},{"taxonomy":"post_tag","embeddable":true,"href":"https:\/\/sp1.kielce.eu\/index.php\/wp-json\/wp\/v2\/tags?post=19709"}],"curies":[{"name":"wp","href":"https:\/\/api.w.org\/{rel}","templated":true}]}}