{"id":19635,"date":"2021-11-11T12:07:12","date_gmt":"2021-11-11T11:07:12","guid":{"rendered":"http:\/\/sp1.kielce.eu\/?p=19635"},"modified":"2021-11-11T12:07:12","modified_gmt":"2021-11-11T11:07:12","slug":"poczet-sztandarowy-3","status":"publish","type":"post","link":"https:\/\/sp1.kielce.eu\/index.php\/2021\/11\/11\/poczet-sztandarowy-3\/","title":{"rendered":"Poczet Sztandarowy"},"content":{"rendered":"\n<p>Delegacja Naszej Szko\u0142y Pocztu Sztandarowego w\u00a0przeddzie\u0144 Narodowego \u015awi\u0119ta Niepodleg\u0142o\u015bci, wzi\u0119\u0142a udzia\u0142 przed dawn\u0105 siedzib\u0105 dow\u00f3dztwa 2. Dywizji Piechoty Legion\u00f3w w\u00a0Kielcach przy ul.\u00a0Kapitulnej\u00a02 w\u00a0ods\u0142oni\u0119ciu tablicy pami\u0119ci gen.\u00a0Boles\u0142awa Jerzego Roi, wsp\u00f3\u0142tw\u00f3rcy Wojska Polskiego. Spotkali\u015bmy si\u0119 w\u00a0historycznym miejscu, aby odda\u0107 cze\u015b\u0107 genera\u0142owi Boles\u0142awowi Roi, kt\u00f3ry szczyci\u0142 si\u0119 czterema Krzy\u017cami Walecznych, Orderem Srebrnym Virtuti Militari. Genera\u0142 Boles\u0142aw Roja, gdy si\u0119 urodzi\u0142 by\u0142 pi\u0105tym pokoleniem Polak\u00f3w \u017cyj\u0105cych w\u00a0niewoli. Nie mia\u0142 prawa zna\u0107 niepodleg\u0142ej Polski. By\u0142 reprezentantem tej specyficznej kresowej duszy, kt\u00f3r\u0105 znamy z\u00a0wierszy Adama Mickiewicza. Duszy, kt\u00f3ra pcha\u0142a nas do odzyskiwania niepodleg\u0142o\u015bci, do walki o\u00a0suwerenny wolny kraj. Droga \u017cyciowa genera\u0142a Boles\u0142awa Roi od pocz\u0105tku podporz\u0105dkowana by\u0142a idei tradycji niepodleg\u0142ej Polski.<br>Ods\u0142oni\u0119cie tablicy by\u0142o elementem dzia\u0142a\u0144 maj\u0105cych na celu zachowanie pami\u0119ci o\u00a0generale Boles\u0142awie Roi.<br>Organizatorami uroczysto\u015bci byli: Stowarzyszenie Rekonstrukcji Historycznej 4\u00a0Pu\u0142ku Piechoty Legion\u00f3w, Stowarzyszenie Pami\u0119\u0107 i\u00a0Tradycja im.\u00a0J\u00f3zefa Pi\u0142sudskiego w\u00a0Kielcach oraz Instytut Pami\u0119ci Narodowej Oddzia\u0142 w\u00a0Krakowie i\u00a0Delegatura w\u00a0Kielcach.<br>Udzia\u0142 wzi\u0119li:<br>Poczet Sztandarowy<br>1. Kamil Kumalski<br>2. Odetta Relidzy\u0144ska<br>3. Julia Cury <\/p>\n\n\n\n<p class=\"has-text-align-right\">Opiekun:<br>Marta Wi\u0119ckowska<\/p>\n\n\n\n<figure class=\"wp-block-gallery columns-4 is-cropped wp-block-gallery-1 is-layout-flex wp-block-gallery-is-layout-flex\"><ul class=\"blocks-gallery-grid\"><li class=\"blocks-gallery-item\"><figure><a href=\"http:\/\/sp1.kielce.eu\/wp-content\/uploads\/2021\/11\/FB_IMG_1636582783953-Copy.jpg\"><img loading=\"lazy\" decoding=\"async\" width=\"1200\" height=\"798\" src=\"http:\/\/sp1.kielce.eu\/wp-content\/uploads\/2021\/11\/FB_IMG_1636582783953-Copy.jpg\" alt=\"\" data-id=\"19637\" data-full-url=\"http:\/\/sp1.kielce.eu\/wp-content\/uploads\/2021\/11\/FB_IMG_1636582783953-Copy.jpg\" data-link=\"http:\/\/sp1.kielce.eu\/?attachment_id=19637\" class=\"wp-image-19637\" srcset=\"https:\/\/sp1.kielce.eu\/wp-content\/uploads\/2021\/11\/FB_IMG_1636582783953-Copy.jpg 1200w, https:\/\/sp1.kielce.eu\/wp-content\/uploads\/2021\/11\/FB_IMG_1636582783953-Copy-300x200.jpg 300w, https:\/\/sp1.kielce.eu\/wp-content\/uploads\/2021\/11\/FB_IMG_1636582783953-Copy-768x511.jpg 768w, https:\/\/sp1.kielce.eu\/wp-content\/uploads\/2021\/11\/FB_IMG_1636582783953-Copy-600x400.jpg 600w, https:\/\/sp1.kielce.eu\/wp-content\/uploads\/2021\/11\/FB_IMG_1636582783953-Copy-820x545.jpg 820w\" sizes=\"auto, (max-width: 1200px) 100vw, 1200px\" \/><\/a><\/figure><\/li><li class=\"blocks-gallery-item\"><figure><a href=\"http:\/\/sp1.kielce.eu\/wp-content\/uploads\/2021\/11\/IMG_20211110_120741-Copy.jpg\"><img loading=\"lazy\" decoding=\"async\" width=\"675\" height=\"900\" src=\"http:\/\/sp1.kielce.eu\/wp-content\/uploads\/2021\/11\/IMG_20211110_120741-Copy.jpg\" alt=\"\" data-id=\"19638\" data-full-url=\"http:\/\/sp1.kielce.eu\/wp-content\/uploads\/2021\/11\/IMG_20211110_120741-Copy.jpg\" data-link=\"http:\/\/sp1.kielce.eu\/?attachment_id=19638\" class=\"wp-image-19638\" srcset=\"https:\/\/sp1.kielce.eu\/wp-content\/uploads\/2021\/11\/IMG_20211110_120741-Copy.jpg 675w, https:\/\/sp1.kielce.eu\/wp-content\/uploads\/2021\/11\/IMG_20211110_120741-Copy-225x300.jpg 225w\" sizes=\"auto, (max-width: 675px) 100vw, 675px\" \/><\/a><\/figure><\/li><li class=\"blocks-gallery-item\"><figure><a href=\"http:\/\/sp1.kielce.eu\/wp-content\/uploads\/2021\/11\/IMG_20211110_120854-Copy.jpg\"><img loading=\"lazy\" decoding=\"async\" width=\"675\" height=\"900\" src=\"http:\/\/sp1.kielce.eu\/wp-content\/uploads\/2021\/11\/IMG_20211110_120854-Copy.jpg\" alt=\"\" data-id=\"19639\" data-full-url=\"http:\/\/sp1.kielce.eu\/wp-content\/uploads\/2021\/11\/IMG_20211110_120854-Copy.jpg\" data-link=\"http:\/\/sp1.kielce.eu\/?attachment_id=19639\" class=\"wp-image-19639\" srcset=\"https:\/\/sp1.kielce.eu\/wp-content\/uploads\/2021\/11\/IMG_20211110_120854-Copy.jpg 675w, https:\/\/sp1.kielce.eu\/wp-content\/uploads\/2021\/11\/IMG_20211110_120854-Copy-225x300.jpg 225w\" sizes=\"auto, (max-width: 675px) 100vw, 675px\" \/><\/a><\/figure><\/li><li class=\"blocks-gallery-item\"><figure><a href=\"http:\/\/sp1.kielce.eu\/wp-content\/uploads\/2021\/11\/IMG_20211110_121235-Copy.jpg\"><img loading=\"lazy\" decoding=\"async\" width=\"1200\" height=\"900\" src=\"http:\/\/sp1.kielce.eu\/wp-content\/uploads\/2021\/11\/IMG_20211110_121235-Copy.jpg\" alt=\"\" data-id=\"19640\" data-full-url=\"http:\/\/sp1.kielce.eu\/wp-content\/uploads\/2021\/11\/IMG_20211110_121235-Copy.jpg\" data-link=\"http:\/\/sp1.kielce.eu\/?attachment_id=19640\" class=\"wp-image-19640\" srcset=\"https:\/\/sp1.kielce.eu\/wp-content\/uploads\/2021\/11\/IMG_20211110_121235-Copy.jpg 1200w, https:\/\/sp1.kielce.eu\/wp-content\/uploads\/2021\/11\/IMG_20211110_121235-Copy-300x225.jpg 300w, https:\/\/sp1.kielce.eu\/wp-content\/uploads\/2021\/11\/IMG_20211110_121235-Copy-768x576.jpg 768w, https:\/\/sp1.kielce.eu\/wp-content\/uploads\/2021\/11\/IMG_20211110_121235-Copy-820x615.jpg 820w\" sizes=\"auto, (max-width: 1200px) 100vw, 1200px\" \/><\/a><\/figure><\/li><li class=\"blocks-gallery-item\"><figure><a href=\"http:\/\/sp1.kielce.eu\/wp-content\/uploads\/2021\/11\/IMG_20211110_123733-Copy.jpg\"><img loading=\"lazy\" decoding=\"async\" width=\"1200\" height=\"900\" src=\"http:\/\/sp1.kielce.eu\/wp-content\/uploads\/2021\/11\/IMG_20211110_123733-Copy.jpg\" alt=\"\" data-id=\"19641\" data-full-url=\"http:\/\/sp1.kielce.eu\/wp-content\/uploads\/2021\/11\/IMG_20211110_123733-Copy.jpg\" data-link=\"http:\/\/sp1.kielce.eu\/?attachment_id=19641\" class=\"wp-image-19641\" srcset=\"https:\/\/sp1.kielce.eu\/wp-content\/uploads\/2021\/11\/IMG_20211110_123733-Copy.jpg 1200w, https:\/\/sp1.kielce.eu\/wp-content\/uploads\/2021\/11\/IMG_20211110_123733-Copy-300x225.jpg 300w, https:\/\/sp1.kielce.eu\/wp-content\/uploads\/2021\/11\/IMG_20211110_123733-Copy-768x576.jpg 768w, https:\/\/sp1.kielce.eu\/wp-content\/uploads\/2021\/11\/IMG_20211110_123733-Copy-820x615.jpg 820w\" sizes=\"auto, (max-width: 1200px) 100vw, 1200px\" \/><\/a><\/figure><\/li><li class=\"blocks-gallery-item\"><figure><a href=\"http:\/\/sp1.kielce.eu\/wp-content\/uploads\/2021\/11\/IMG_20211110_124009-Copy.jpg\"><img loading=\"lazy\" decoding=\"async\" width=\"1200\" height=\"900\" src=\"http:\/\/sp1.kielce.eu\/wp-content\/uploads\/2021\/11\/IMG_20211110_124009-Copy.jpg\" alt=\"\" data-id=\"19642\" data-full-url=\"http:\/\/sp1.kielce.eu\/wp-content\/uploads\/2021\/11\/IMG_20211110_124009-Copy.jpg\" data-link=\"http:\/\/sp1.kielce.eu\/?attachment_id=19642\" class=\"wp-image-19642\" srcset=\"https:\/\/sp1.kielce.eu\/wp-content\/uploads\/2021\/11\/IMG_20211110_124009-Copy.jpg 1200w, https:\/\/sp1.kielce.eu\/wp-content\/uploads\/2021\/11\/IMG_20211110_124009-Copy-300x225.jpg 300w, https:\/\/sp1.kielce.eu\/wp-content\/uploads\/2021\/11\/IMG_20211110_124009-Copy-768x576.jpg 768w, https:\/\/sp1.kielce.eu\/wp-content\/uploads\/2021\/11\/IMG_20211110_124009-Copy-820x615.jpg 820w\" sizes=\"auto, (max-width: 1200px) 100vw, 1200px\" \/><\/a><\/figure><\/li><li class=\"blocks-gallery-item\"><figure><a href=\"http:\/\/sp1.kielce.eu\/wp-content\/uploads\/2021\/11\/IMG_20211110_124010-Copy.jpg\"><img loading=\"lazy\" decoding=\"async\" width=\"1200\" height=\"900\" src=\"http:\/\/sp1.kielce.eu\/wp-content\/uploads\/2021\/11\/IMG_20211110_124010-Copy.jpg\" alt=\"\" data-id=\"19643\" data-full-url=\"http:\/\/sp1.kielce.eu\/wp-content\/uploads\/2021\/11\/IMG_20211110_124010-Copy.jpg\" data-link=\"http:\/\/sp1.kielce.eu\/?attachment_id=19643\" class=\"wp-image-19643\" srcset=\"https:\/\/sp1.kielce.eu\/wp-content\/uploads\/2021\/11\/IMG_20211110_124010-Copy.jpg 1200w, https:\/\/sp1.kielce.eu\/wp-content\/uploads\/2021\/11\/IMG_20211110_124010-Copy-300x225.jpg 300w, https:\/\/sp1.kielce.eu\/wp-content\/uploads\/2021\/11\/IMG_20211110_124010-Copy-768x576.jpg 768w, https:\/\/sp1.kielce.eu\/wp-content\/uploads\/2021\/11\/IMG_20211110_124010-Copy-820x615.jpg 820w\" sizes=\"auto, (max-width: 1200px) 100vw, 1200px\" \/><\/a><\/figure><\/li><\/ul><\/figure>\n","protected":false},"excerpt":{"rendered":"<p>Delegacja Naszej Szko\u0142y Pocztu Sztandarowego w\u00a0przeddzie\u0144 Narodowego \u015awi\u0119ta Niepodleg\u0142o\u015bci, wzi\u0119\u0142a udzia\u0142 przed dawn\u0105 siedzib\u0105 dow\u00f3dztwa [&hellip;]<\/p>\n","protected":false},"author":13,"featured_media":19636,"comment_status":"closed","ping_status":"open","sticky":false,"template":"","format":"standard","meta":{"footnotes":""},"categories":[192],"tags":[],"class_list":["post-19635","post","type-post","status-publish","format-standard","has-post-thumbnail","hentry","category-poczet"],"_links":{"self":[{"href":"https:\/\/sp1.kielce.eu\/index.php\/wp-json\/wp\/v2\/posts\/19635","targetHints":{"allow":["GET"]}}],"collection":[{"href":"https:\/\/sp1.kielce.eu\/index.php\/wp-json\/wp\/v2\/posts"}],"about":[{"href":"https:\/\/sp1.kielce.eu\/index.php\/wp-json\/wp\/v2\/types\/post"}],"author":[{"embeddable":true,"href":"https:\/\/sp1.kielce.eu\/index.php\/wp-json\/wp\/v2\/users\/13"}],"replies":[{"embeddable":true,"href":"https:\/\/sp1.kielce.eu\/index.php\/wp-json\/wp\/v2\/comments?post=19635"}],"version-history":[{"count":2,"href":"https:\/\/sp1.kielce.eu\/index.php\/wp-json\/wp\/v2\/posts\/19635\/revisions"}],"predecessor-version":[{"id":19645,"href":"https:\/\/sp1.kielce.eu\/index.php\/wp-json\/wp\/v2\/posts\/19635\/revisions\/19645"}],"wp:featuredmedia":[{"embeddable":true,"href":"https:\/\/sp1.kielce.eu\/index.php\/wp-json\/wp\/v2\/media\/19636"}],"wp:attachment":[{"href":"https:\/\/sp1.kielce.eu\/index.php\/wp-json\/wp\/v2\/media?parent=19635"}],"wp:term":[{"taxonomy":"category","embeddable":true,"href":"https:\/\/sp1.kielce.eu\/index.php\/wp-json\/wp\/v2\/categories?post=19635"},{"taxonomy":"post_tag","embeddable":true,"href":"https:\/\/sp1.kielce.eu\/index.php\/wp-json\/wp\/v2\/tags?post=19635"}],"curies":[{"name":"wp","href":"https:\/\/api.w.org\/{rel}","templated":true}]}}