{"id":19591,"date":"2021-11-09T08:43:26","date_gmt":"2021-11-09T07:43:26","guid":{"rendered":"http:\/\/sp1.kielce.eu\/?p=19591"},"modified":"2021-11-09T08:43:26","modified_gmt":"2021-11-09T07:43:26","slug":"konkurs-na-najpiekniejszy-lampion-sw-marcina","status":"publish","type":"post","link":"https:\/\/sp1.kielce.eu\/index.php\/2021\/11\/09\/konkurs-na-najpiekniejszy-lampion-sw-marcina\/","title":{"rendered":"Konkurs na najpi\u0119kniejszy lampion \u015bw. Marcina"},"content":{"rendered":"\n<p>Najpi\u0119kniejszy Lampion \u015aw. Marcina &#8211;&nbsp; zapraszam wszystkich uczni\u00f3w z klas 1-8 z naszej szko\u0142y do udzia\u0142u w konkursie plastycznym w dw\u00f3ch kategoriach:<\/p>\n\n\n\n<p>&nbsp;&nbsp;&nbsp;&nbsp;&nbsp;&nbsp;&nbsp;&nbsp; &nbsp;&nbsp;&nbsp;&nbsp;&nbsp;&nbsp;&nbsp;&nbsp;&nbsp;&nbsp;&nbsp;&nbsp;&nbsp;&nbsp;&nbsp;&nbsp;&nbsp;&nbsp;&nbsp;&nbsp;&nbsp;&nbsp;&nbsp;&nbsp;&nbsp;&nbsp;&nbsp;&nbsp;&nbsp;&nbsp;&nbsp;&nbsp;&nbsp;&nbsp;&nbsp;&nbsp;&nbsp; a\/ dla uczni\u00f3w klas 1-3<\/p>\n\n\n\n<p>&nbsp;&nbsp;&nbsp;&nbsp;&nbsp;&nbsp;&nbsp; &nbsp;&nbsp;&nbsp;&nbsp;&nbsp;&nbsp;&nbsp;&nbsp;&nbsp;&nbsp;&nbsp;&nbsp;&nbsp;&nbsp;&nbsp;&nbsp;&nbsp;&nbsp;&nbsp;&nbsp;&nbsp;&nbsp;&nbsp;&nbsp;&nbsp;&nbsp;&nbsp;&nbsp;&nbsp;&nbsp;&nbsp;&nbsp;&nbsp;&nbsp;&nbsp;&nbsp;&nbsp;&nbsp; b\/ dla uczni\u00f3w klas 4-8<\/p>\n\n\n\n<p>Dzie\u0144 \u015awi\u0119tego Marcina to \u015bwi\u0119to obchodzone w Niemczech, z d\u0142ug\u0105 tradycj\u0105, podczas kt\u00f3rego organizowane s\u0105 dla dzieci uroczyste pochody z lampionami \u2013 laterankami ulicami miast i miasteczek. Na czele pochodu, niekiedy w towarzystwie orkiestry jedzie na koniu \u015awi\u0119ty Marcin.<\/p>\n\n\n\n<p>Technika i wielko\u015b\u0107 lampionu \u2013 dowolna. W pracach mog\u0105 by\u0107 zastosowane r\u00f3\u017cnorodne materia\u0142y naturalne i&nbsp;sztuczne (papier, folia, drewno, metal, glina i itp.) Wskazane jest ze wzgl\u0119d\u00f3w bezpiecze\u0144stwa, \u017ceby lampion \u015bwieci\u0142 sztucznym \u015bwiat\u0142em. Do pomocy m\u0142odszym dzieciom zach\u0119camy rodzic\u00f3w, starsze rodze\u0144stwo, czy dziadk\u00f3w.<\/p>\n\n\n\n<p>Termin wykonania pracy \u2013 30 listopad b.r. (wtorek)<\/p>\n\n\n\n<p>Gotowe prace nale\u017cy przynie\u015b\u0107 do p. Aliny Dziopy lub na \u015bwietlic\u0119.<\/p>\n\n\n\n<p>Ocenie podlega\u0107 b\u0119dzie jako\u015b\u0107 i estetyka wykonania, pomys\u0142owo\u015b\u0107.<\/p>\n\n\n\n<p>Zach\u0119camy do udzia\u0142u w konkursie, czekaj\u0105 na Was dyplomy i atrakcyjne nagrody!<\/p>\n\n\n\n<p>Wszystkie prace zostan\u0105 zaprezentowane na okoliczno\u015bciowej wystawie, a nast\u0119pnie przekazane do Domu Pomocy Spo\u0142ecznej, aby w okresie bo\u017conarodzeniowym \u015bwiadczy\u0142y&nbsp; o pami\u0119ci naszych uczni\u00f3w o osobach starszych, samotnych&nbsp; i ch\u0119ci dzielenia si\u0119 z nimi \u015bwiat\u0142em i dobrymi uczynkami.<\/p>\n\n\n\n<p>Ponizej zamieszczamy przyk\u0142adowe linki przedstawiaj\u0105cy lampiony, latarenki.<\/p>\n\n\n\n<p><a href=\"https:\/\/www.bing.com\/images\/search?q=Lampiony+Na+Dzien+Sw.+Marcina\">https:\/\/www.bing.com\/images\/search?q=Lampiony+Na+Dzien+Sw.+Marcina<\/a><\/p>\n\n\n\n<p><a href=\"https:\/\/panidominika.de\/2013\/11\/pochod-sw-marcina-o-dobrych-uczynkach-lampionach-i-oczyszczajacej-mocy-ognia\/\">Poch\u00f3d \u015bw. Marcina: o dobrych uczynkach, lampionach i oczyszczaj\u0105cej mocy ognia &#8211; Pani Dominika<\/a><\/p>\n\n\n\n<p>Alina Dziopa \u2013 nauczyciel j\u0119zyka niemieckiego.<\/p>\n","protected":false},"excerpt":{"rendered":"<p>Najpi\u0119kniejszy Lampion \u015aw. Marcina &#8211;&nbsp; zapraszam wszystkich uczni\u00f3w z klas 1-8 z naszej szko\u0142y do [&hellip;]<\/p>\n","protected":false},"author":5,"featured_media":19592,"comment_status":"closed","ping_status":"open","sticky":false,"template":"","format":"standard","meta":{"footnotes":""},"categories":[36],"tags":[],"class_list":["post-19591","post","type-post","status-publish","format-standard","has-post-thumbnail","hentry","category-wydarzenia"],"_links":{"self":[{"href":"https:\/\/sp1.kielce.eu\/index.php\/wp-json\/wp\/v2\/posts\/19591","targetHints":{"allow":["GET"]}}],"collection":[{"href":"https:\/\/sp1.kielce.eu\/index.php\/wp-json\/wp\/v2\/posts"}],"about":[{"href":"https:\/\/sp1.kielce.eu\/index.php\/wp-json\/wp\/v2\/types\/post"}],"author":[{"embeddable":true,"href":"https:\/\/sp1.kielce.eu\/index.php\/wp-json\/wp\/v2\/users\/5"}],"replies":[{"embeddable":true,"href":"https:\/\/sp1.kielce.eu\/index.php\/wp-json\/wp\/v2\/comments?post=19591"}],"version-history":[{"count":1,"href":"https:\/\/sp1.kielce.eu\/index.php\/wp-json\/wp\/v2\/posts\/19591\/revisions"}],"predecessor-version":[{"id":19593,"href":"https:\/\/sp1.kielce.eu\/index.php\/wp-json\/wp\/v2\/posts\/19591\/revisions\/19593"}],"wp:featuredmedia":[{"embeddable":true,"href":"https:\/\/sp1.kielce.eu\/index.php\/wp-json\/wp\/v2\/media\/19592"}],"wp:attachment":[{"href":"https:\/\/sp1.kielce.eu\/index.php\/wp-json\/wp\/v2\/media?parent=19591"}],"wp:term":[{"taxonomy":"category","embeddable":true,"href":"https:\/\/sp1.kielce.eu\/index.php\/wp-json\/wp\/v2\/categories?post=19591"},{"taxonomy":"post_tag","embeddable":true,"href":"https:\/\/sp1.kielce.eu\/index.php\/wp-json\/wp\/v2\/tags?post=19591"}],"curies":[{"name":"wp","href":"https:\/\/api.w.org\/{rel}","templated":true}]}}