{"id":19546,"date":"2021-11-08T07:04:00","date_gmt":"2021-11-08T06:04:00","guid":{"rendered":"http:\/\/sp1.kielce.eu\/?p=19546"},"modified":"2021-11-07T23:05:05","modified_gmt":"2021-11-07T22:05:05","slug":"poczet-sztandarowy-szkolenie","status":"publish","type":"post","link":"https:\/\/sp1.kielce.eu\/index.php\/2021\/11\/08\/poczet-sztandarowy-szkolenie\/","title":{"rendered":"POCZET SZTANDAROWY &#8211; SZKOLENIE"},"content":{"rendered":"\n<p>W dniu 05.11.2021\u00a0r. o\u00a0godz.\u00a010.00 w\u00a0Wojew\u00f3dzkim Domu Kultury im.\u00a0J\u00f3zefa Pi\u0142sudskiego w\u00a0Kielcach przy ul.\u00a0\u015aciegiennego\u00a02 uczniowie klas\u00a07 wchodz\u0105cy w\u00a0sk\u0142ad Pocztu Sztandarowego Szko\u0142y Podstawowej nr\u00a01 im.\u00a0Stanis\u0142awa Staszica na nast\u0119pny rok szkolny wraz z opiekunem Mart\u0105 Wi\u0119ckowsk\u0105 wzi\u0119li udzia\u0142 w\u00a0szkoleniu z\u00a0zasad Ceremonia\u0142u Wojskowego dla poczt\u00f3w sztandarowych szk\u00f3\u0142 zorganizowanym przez Kielecki Ochotniczy Szwadron Kawalerii im.\u00a013.\u00a0Pu\u0142ku U\u0142an\u00f3w Wile\u0144skich oraz Szko\u0142\u0119 Podstawow\u0105 nr\u00a07 im.\u00a0Partyzant\u00f3w Ziemi Kieleckiej w\u00a0Kielcach. Podczas szkolenia om\u00f3wiono symbolik\u0119 i\u00a0znaczenie pocztu sztandarowego oraz zasady prawid\u0142owego noszenia i\u00a0prezentowania sztandaru swojej plac\u00f3wki. Rotmistrz Kawalerii Ochotniczej RP Robert MAZUR przeprowadzi\u0142 r\u00f3wnie\u017c trening praktyczny, podczas kt\u00f3rego uczniowie \u0107wiczyli podstawowe chwyty sztandaru, a\u00a0tak\u017ce postawy, wyst\u0105pienie, marsz, zwroty, zatrzymanie i\u00a0zmiany szyku pocztu sztandarowego podczas uroczysto\u015bci. Szczeg\u00f3\u0142owo om\u00f3wiono i\u00a0prze\u0107wiczono zachowanie pocztu sztandarowego w\u00a0ko\u015bciele podczas uroczystej Mszy \u015awi\u0119tej.<\/p>\n\n\n\n<p>Trening praktycznego doskonalenia zasad Ceremonia\u0142u Wojskowego pod kierunkiem do\u015bwiadczonych szkoleniowc\u00f3w by\u0142a dla uczni\u00f3w cennym i&nbsp;warto\u015bciowym do\u015bwiadczeniem. Wiedza uzyskana podczas szkolenia pomo\u017ce opiekunom w&nbsp;jeszcze lepszym przygotowaniu Pocztu Sztandarowego do udzia\u0142u w&nbsp;szkolnych oraz patriotyczno- religijnych uroczysto\u015bciach.<\/p>\n\n\n\n<p>W szkoleniu wzi\u0119li uczniowie Pocztu Sztandarowego klas&nbsp;7:<\/p>\n\n\n\n<ol class=\"wp-block-list\" type=\"1\"><li>Maciej Kazusek kl.7a<\/li><li>Karolina Plech kl. 7b<\/li><li>Aleksandra Ga\u0142ecka kl.7b<\/li><\/ol>\n\n\n\n<p class=\"has-text-align-right\">Opiekunowie:<br>Marta Wi\u0119ckowska<br>Katarzyna Szostak<\/p>\n\n\n\n<figure class=\"wp-block-gallery columns-5 is-cropped wp-block-gallery-1 is-layout-flex wp-block-gallery-is-layout-flex\"><ul class=\"blocks-gallery-grid\"><li class=\"blocks-gallery-item\"><figure><a href=\"http:\/\/sp1.kielce.eu\/wp-content\/uploads\/2021\/11\/IMG_20211105_100943-1-Copy.jpg\"><img loading=\"lazy\" decoding=\"async\" width=\"1200\" height=\"900\" src=\"http:\/\/sp1.kielce.eu\/wp-content\/uploads\/2021\/11\/IMG_20211105_100943-1-Copy.jpg\" alt=\"\" data-id=\"19547\" data-full-url=\"http:\/\/sp1.kielce.eu\/wp-content\/uploads\/2021\/11\/IMG_20211105_100943-1-Copy.jpg\" data-link=\"http:\/\/sp1.kielce.eu\/?attachment_id=19547\" class=\"wp-image-19547\" srcset=\"https:\/\/sp1.kielce.eu\/wp-content\/uploads\/2021\/11\/IMG_20211105_100943-1-Copy.jpg 1200w, https:\/\/sp1.kielce.eu\/wp-content\/uploads\/2021\/11\/IMG_20211105_100943-1-Copy-300x225.jpg 300w, https:\/\/sp1.kielce.eu\/wp-content\/uploads\/2021\/11\/IMG_20211105_100943-1-Copy-768x576.jpg 768w, https:\/\/sp1.kielce.eu\/wp-content\/uploads\/2021\/11\/IMG_20211105_100943-1-Copy-820x615.jpg 820w\" sizes=\"auto, (max-width: 1200px) 100vw, 1200px\" \/><\/a><\/figure><\/li><li class=\"blocks-gallery-item\"><figure><a href=\"http:\/\/sp1.kielce.eu\/wp-content\/uploads\/2021\/11\/IMG_20211105_100943-Copy.jpg\"><img loading=\"lazy\" decoding=\"async\" width=\"1200\" height=\"900\" src=\"http:\/\/sp1.kielce.eu\/wp-content\/uploads\/2021\/11\/IMG_20211105_100943-Copy.jpg\" alt=\"\" data-id=\"19548\" data-full-url=\"http:\/\/sp1.kielce.eu\/wp-content\/uploads\/2021\/11\/IMG_20211105_100943-Copy.jpg\" data-link=\"http:\/\/sp1.kielce.eu\/?attachment_id=19548\" class=\"wp-image-19548\" srcset=\"https:\/\/sp1.kielce.eu\/wp-content\/uploads\/2021\/11\/IMG_20211105_100943-Copy.jpg 1200w, https:\/\/sp1.kielce.eu\/wp-content\/uploads\/2021\/11\/IMG_20211105_100943-Copy-300x225.jpg 300w, https:\/\/sp1.kielce.eu\/wp-content\/uploads\/2021\/11\/IMG_20211105_100943-Copy-768x576.jpg 768w, https:\/\/sp1.kielce.eu\/wp-content\/uploads\/2021\/11\/IMG_20211105_100943-Copy-820x615.jpg 820w\" sizes=\"auto, (max-width: 1200px) 100vw, 1200px\" \/><\/a><\/figure><\/li><li class=\"blocks-gallery-item\"><figure><a href=\"http:\/\/sp1.kielce.eu\/wp-content\/uploads\/2021\/11\/IMG_20211105_102650-Copy.jpg\"><img loading=\"lazy\" decoding=\"async\" width=\"1200\" height=\"900\" src=\"http:\/\/sp1.kielce.eu\/wp-content\/uploads\/2021\/11\/IMG_20211105_102650-Copy.jpg\" alt=\"\" data-id=\"19549\" data-full-url=\"http:\/\/sp1.kielce.eu\/wp-content\/uploads\/2021\/11\/IMG_20211105_102650-Copy.jpg\" data-link=\"http:\/\/sp1.kielce.eu\/?attachment_id=19549\" class=\"wp-image-19549\" srcset=\"https:\/\/sp1.kielce.eu\/wp-content\/uploads\/2021\/11\/IMG_20211105_102650-Copy.jpg 1200w, https:\/\/sp1.kielce.eu\/wp-content\/uploads\/2021\/11\/IMG_20211105_102650-Copy-300x225.jpg 300w, https:\/\/sp1.kielce.eu\/wp-content\/uploads\/2021\/11\/IMG_20211105_102650-Copy-768x576.jpg 768w, https:\/\/sp1.kielce.eu\/wp-content\/uploads\/2021\/11\/IMG_20211105_102650-Copy-820x615.jpg 820w\" sizes=\"auto, (max-width: 1200px) 100vw, 1200px\" \/><\/a><\/figure><\/li><li class=\"blocks-gallery-item\"><figure><a href=\"http:\/\/sp1.kielce.eu\/wp-content\/uploads\/2021\/11\/IMG_20211105_102714-Copy.jpg\"><img loading=\"lazy\" decoding=\"async\" width=\"1079\" height=\"900\" src=\"http:\/\/sp1.kielce.eu\/wp-content\/uploads\/2021\/11\/IMG_20211105_102714-Copy.jpg\" alt=\"\" data-id=\"19550\" data-full-url=\"http:\/\/sp1.kielce.eu\/wp-content\/uploads\/2021\/11\/IMG_20211105_102714-Copy.jpg\" data-link=\"http:\/\/sp1.kielce.eu\/?attachment_id=19550\" class=\"wp-image-19550\" srcset=\"https:\/\/sp1.kielce.eu\/wp-content\/uploads\/2021\/11\/IMG_20211105_102714-Copy.jpg 1079w, https:\/\/sp1.kielce.eu\/wp-content\/uploads\/2021\/11\/IMG_20211105_102714-Copy-300x250.jpg 300w, https:\/\/sp1.kielce.eu\/wp-content\/uploads\/2021\/11\/IMG_20211105_102714-Copy-768x641.jpg 768w, https:\/\/sp1.kielce.eu\/wp-content\/uploads\/2021\/11\/IMG_20211105_102714-Copy-820x684.jpg 820w\" sizes=\"auto, (max-width: 1079px) 100vw, 1079px\" \/><\/a><\/figure><\/li><li class=\"blocks-gallery-item\"><figure><a href=\"http:\/\/sp1.kielce.eu\/wp-content\/uploads\/2021\/11\/IMG_20211105_102901-Copy.jpg\"><img loading=\"lazy\" decoding=\"async\" width=\"1200\" height=\"900\" src=\"http:\/\/sp1.kielce.eu\/wp-content\/uploads\/2021\/11\/IMG_20211105_102901-Copy.jpg\" alt=\"\" data-id=\"19551\" data-full-url=\"http:\/\/sp1.kielce.eu\/wp-content\/uploads\/2021\/11\/IMG_20211105_102901-Copy.jpg\" data-link=\"http:\/\/sp1.kielce.eu\/?attachment_id=19551\" class=\"wp-image-19551\" srcset=\"https:\/\/sp1.kielce.eu\/wp-content\/uploads\/2021\/11\/IMG_20211105_102901-Copy.jpg 1200w, https:\/\/sp1.kielce.eu\/wp-content\/uploads\/2021\/11\/IMG_20211105_102901-Copy-300x225.jpg 300w, https:\/\/sp1.kielce.eu\/wp-content\/uploads\/2021\/11\/IMG_20211105_102901-Copy-768x576.jpg 768w, https:\/\/sp1.kielce.eu\/wp-content\/uploads\/2021\/11\/IMG_20211105_102901-Copy-820x615.jpg 820w\" sizes=\"auto, (max-width: 1200px) 100vw, 1200px\" \/><\/a><\/figure><\/li><li class=\"blocks-gallery-item\"><figure><a href=\"http:\/\/sp1.kielce.eu\/wp-content\/uploads\/2021\/11\/IMG_20211105_103752-Copy.jpg\"><img loading=\"lazy\" decoding=\"async\" width=\"1200\" height=\"900\" src=\"http:\/\/sp1.kielce.eu\/wp-content\/uploads\/2021\/11\/IMG_20211105_103752-Copy.jpg\" alt=\"\" data-id=\"19552\" data-full-url=\"http:\/\/sp1.kielce.eu\/wp-content\/uploads\/2021\/11\/IMG_20211105_103752-Copy.jpg\" data-link=\"http:\/\/sp1.kielce.eu\/?attachment_id=19552\" class=\"wp-image-19552\" srcset=\"https:\/\/sp1.kielce.eu\/wp-content\/uploads\/2021\/11\/IMG_20211105_103752-Copy.jpg 1200w, https:\/\/sp1.kielce.eu\/wp-content\/uploads\/2021\/11\/IMG_20211105_103752-Copy-300x225.jpg 300w, https:\/\/sp1.kielce.eu\/wp-content\/uploads\/2021\/11\/IMG_20211105_103752-Copy-768x576.jpg 768w, https:\/\/sp1.kielce.eu\/wp-content\/uploads\/2021\/11\/IMG_20211105_103752-Copy-820x615.jpg 820w\" sizes=\"auto, (max-width: 1200px) 100vw, 1200px\" \/><\/a><\/figure><\/li><li class=\"blocks-gallery-item\"><figure><a href=\"http:\/\/sp1.kielce.eu\/wp-content\/uploads\/2021\/11\/IMG_20211105_111609-Copy.jpg\"><img loading=\"lazy\" decoding=\"async\" width=\"1200\" height=\"900\" src=\"http:\/\/sp1.kielce.eu\/wp-content\/uploads\/2021\/11\/IMG_20211105_111609-Copy.jpg\" alt=\"\" data-id=\"19553\" data-full-url=\"http:\/\/sp1.kielce.eu\/wp-content\/uploads\/2021\/11\/IMG_20211105_111609-Copy.jpg\" data-link=\"http:\/\/sp1.kielce.eu\/?attachment_id=19553\" class=\"wp-image-19553\" srcset=\"https:\/\/sp1.kielce.eu\/wp-content\/uploads\/2021\/11\/IMG_20211105_111609-Copy.jpg 1200w, https:\/\/sp1.kielce.eu\/wp-content\/uploads\/2021\/11\/IMG_20211105_111609-Copy-300x225.jpg 300w, https:\/\/sp1.kielce.eu\/wp-content\/uploads\/2021\/11\/IMG_20211105_111609-Copy-768x576.jpg 768w, https:\/\/sp1.kielce.eu\/wp-content\/uploads\/2021\/11\/IMG_20211105_111609-Copy-820x615.jpg 820w\" sizes=\"auto, (max-width: 1200px) 100vw, 1200px\" \/><\/a><\/figure><\/li><li class=\"blocks-gallery-item\"><figure><a href=\"http:\/\/sp1.kielce.eu\/wp-content\/uploads\/2021\/11\/IMG_20211105_111610-Copy.jpg\"><img loading=\"lazy\" decoding=\"async\" width=\"1200\" height=\"900\" src=\"http:\/\/sp1.kielce.eu\/wp-content\/uploads\/2021\/11\/IMG_20211105_111610-Copy.jpg\" alt=\"\" data-id=\"19554\" data-full-url=\"http:\/\/sp1.kielce.eu\/wp-content\/uploads\/2021\/11\/IMG_20211105_111610-Copy.jpg\" data-link=\"http:\/\/sp1.kielce.eu\/?attachment_id=19554\" class=\"wp-image-19554\" srcset=\"https:\/\/sp1.kielce.eu\/wp-content\/uploads\/2021\/11\/IMG_20211105_111610-Copy.jpg 1200w, https:\/\/sp1.kielce.eu\/wp-content\/uploads\/2021\/11\/IMG_20211105_111610-Copy-300x225.jpg 300w, https:\/\/sp1.kielce.eu\/wp-content\/uploads\/2021\/11\/IMG_20211105_111610-Copy-768x576.jpg 768w, https:\/\/sp1.kielce.eu\/wp-content\/uploads\/2021\/11\/IMG_20211105_111610-Copy-820x615.jpg 820w\" sizes=\"auto, (max-width: 1200px) 100vw, 1200px\" \/><\/a><\/figure><\/li><li class=\"blocks-gallery-item\"><figure><a href=\"http:\/\/sp1.kielce.eu\/wp-content\/uploads\/2021\/11\/IMG_20211105_111709-Copy.jpg\"><img loading=\"lazy\" decoding=\"async\" width=\"1200\" height=\"900\" src=\"http:\/\/sp1.kielce.eu\/wp-content\/uploads\/2021\/11\/IMG_20211105_111709-Copy.jpg\" alt=\"\" data-id=\"19555\" data-full-url=\"http:\/\/sp1.kielce.eu\/wp-content\/uploads\/2021\/11\/IMG_20211105_111709-Copy.jpg\" data-link=\"http:\/\/sp1.kielce.eu\/?attachment_id=19555\" class=\"wp-image-19555\" srcset=\"https:\/\/sp1.kielce.eu\/wp-content\/uploads\/2021\/11\/IMG_20211105_111709-Copy.jpg 1200w, https:\/\/sp1.kielce.eu\/wp-content\/uploads\/2021\/11\/IMG_20211105_111709-Copy-300x225.jpg 300w, https:\/\/sp1.kielce.eu\/wp-content\/uploads\/2021\/11\/IMG_20211105_111709-Copy-768x576.jpg 768w, https:\/\/sp1.kielce.eu\/wp-content\/uploads\/2021\/11\/IMG_20211105_111709-Copy-820x615.jpg 820w\" sizes=\"auto, (max-width: 1200px) 100vw, 1200px\" \/><\/a><\/figure><\/li><li class=\"blocks-gallery-item\"><figure><a href=\"http:\/\/sp1.kielce.eu\/wp-content\/uploads\/2021\/11\/IMG_20211105_112110-Copy.jpg\"><img loading=\"lazy\" decoding=\"async\" width=\"1200\" height=\"900\" src=\"http:\/\/sp1.kielce.eu\/wp-content\/uploads\/2021\/11\/IMG_20211105_112110-Copy.jpg\" alt=\"\" data-id=\"19556\" data-full-url=\"http:\/\/sp1.kielce.eu\/wp-content\/uploads\/2021\/11\/IMG_20211105_112110-Copy.jpg\" data-link=\"http:\/\/sp1.kielce.eu\/?attachment_id=19556\" class=\"wp-image-19556\" srcset=\"https:\/\/sp1.kielce.eu\/wp-content\/uploads\/2021\/11\/IMG_20211105_112110-Copy.jpg 1200w, https:\/\/sp1.kielce.eu\/wp-content\/uploads\/2021\/11\/IMG_20211105_112110-Copy-300x225.jpg 300w, https:\/\/sp1.kielce.eu\/wp-content\/uploads\/2021\/11\/IMG_20211105_112110-Copy-768x576.jpg 768w, https:\/\/sp1.kielce.eu\/wp-content\/uploads\/2021\/11\/IMG_20211105_112110-Copy-820x615.jpg 820w\" sizes=\"auto, (max-width: 1200px) 100vw, 1200px\" \/><\/a><\/figure><\/li><\/ul><\/figure>\n","protected":false},"excerpt":{"rendered":"<p>W dniu 05.11.2021\u00a0r. o\u00a0godz.\u00a010.00 w\u00a0Wojew\u00f3dzkim Domu Kultury im.\u00a0J\u00f3zefa Pi\u0142sudskiego w\u00a0Kielcach przy ul.\u00a0\u015aciegiennego\u00a02 uczniowie klas\u00a07 wchodz\u0105cy [&hellip;]<\/p>\n","protected":false},"author":13,"featured_media":19557,"comment_status":"closed","ping_status":"open","sticky":false,"template":"","format":"standard","meta":{"footnotes":""},"categories":[192],"tags":[],"class_list":["post-19546","post","type-post","status-publish","format-standard","has-post-thumbnail","hentry","category-poczet"],"_links":{"self":[{"href":"https:\/\/sp1.kielce.eu\/index.php\/wp-json\/wp\/v2\/posts\/19546","targetHints":{"allow":["GET"]}}],"collection":[{"href":"https:\/\/sp1.kielce.eu\/index.php\/wp-json\/wp\/v2\/posts"}],"about":[{"href":"https:\/\/sp1.kielce.eu\/index.php\/wp-json\/wp\/v2\/types\/post"}],"author":[{"embeddable":true,"href":"https:\/\/sp1.kielce.eu\/index.php\/wp-json\/wp\/v2\/users\/13"}],"replies":[{"embeddable":true,"href":"https:\/\/sp1.kielce.eu\/index.php\/wp-json\/wp\/v2\/comments?post=19546"}],"version-history":[{"count":2,"href":"https:\/\/sp1.kielce.eu\/index.php\/wp-json\/wp\/v2\/posts\/19546\/revisions"}],"predecessor-version":[{"id":19559,"href":"https:\/\/sp1.kielce.eu\/index.php\/wp-json\/wp\/v2\/posts\/19546\/revisions\/19559"}],"wp:featuredmedia":[{"embeddable":true,"href":"https:\/\/sp1.kielce.eu\/index.php\/wp-json\/wp\/v2\/media\/19557"}],"wp:attachment":[{"href":"https:\/\/sp1.kielce.eu\/index.php\/wp-json\/wp\/v2\/media?parent=19546"}],"wp:term":[{"taxonomy":"category","embeddable":true,"href":"https:\/\/sp1.kielce.eu\/index.php\/wp-json\/wp\/v2\/categories?post=19546"},{"taxonomy":"post_tag","embeddable":true,"href":"https:\/\/sp1.kielce.eu\/index.php\/wp-json\/wp\/v2\/tags?post=19546"}],"curies":[{"name":"wp","href":"https:\/\/api.w.org\/{rel}","templated":true}]}}