{"id":19438,"date":"2021-10-29T18:05:00","date_gmt":"2021-10-29T16:05:00","guid":{"rendered":"http:\/\/sp1.kielce.eu\/?p=19438"},"modified":"2021-10-29T15:06:16","modified_gmt":"2021-10-29T13:06:16","slug":"pragniemy-nasladowac-swietych-patronow","status":"publish","type":"post","link":"https:\/\/sp1.kielce.eu\/index.php\/2021\/10\/29\/pragniemy-nasladowac-swietych-patronow\/","title":{"rendered":"Pragniemy na\u015bladowa\u0107 \u015awi\u0119tych Patron\u00f3w"},"content":{"rendered":"\n<p>W pierwszym dniu listopada Ko\u015bci\u00f3\u0142 katolicki obchodzi Uroczysto\u015b\u0107 Wszystkich \u015awi\u0119tych. W tym dniu oddajemy cze\u015b\u0107 wszystkim, kt\u00f3rzy ciesz\u0105 si\u0119 ju\u017c niebem.<\/p>\n\n\n\n<p>\u015awi\u0119ci Patronowie otaczaj\u0105 nas opiek\u0105 i&nbsp;wskazuj\u0105 drog\u0119 \u017cycia. Mo\u017cemy na\u015bladowa\u0107 nie tylko ich pobo\u017cno\u015b\u0107, ale tak\u017ce pracowito\u015b\u0107, dobro\u0107, uczciwo\u015b\u0107, wra\u017cliwo\u015b\u0107 na drugiego cz\u0142owieka, nieustanne d\u0105\u017cenie do \u017cycia w&nbsp;prawdzie, w&nbsp;pokoju i&nbsp;harmonii z&nbsp;sob\u0105 samym, z&nbsp;otaczaj\u0105cym nas \u015bwiatem i&nbsp;z&nbsp;innymi lud\u017ami.<\/p>\n\n\n\n<p>Tak wiele mog\u0105 nauczy\u0107 nas \u015bwi\u0119ci! Uczniowie klas pierwszych i&nbsp;drugich zaprojektowali dla nich \u201ekorony chwa\u0142y\u201d.<\/p>\n\n\n\n<p class=\"has-text-align-right\">s. Faustyna Czajkowska<\/p>\n\n\n\n<figure class=\"wp-block-gallery columns-2 is-cropped wp-block-gallery-1 is-layout-flex wp-block-gallery-is-layout-flex\"><ul class=\"blocks-gallery-grid\"><li class=\"blocks-gallery-item\"><figure><a href=\"http:\/\/sp1.kielce.eu\/wp-content\/uploads\/2021\/10\/zdjecie1-Copy-1.jpg\"><img loading=\"lazy\" decoding=\"async\" width=\"1200\" height=\"675\" src=\"http:\/\/sp1.kielce.eu\/wp-content\/uploads\/2021\/10\/zdjecie1-Copy-1.jpg\" alt=\"\" data-id=\"19439\" data-full-url=\"http:\/\/sp1.kielce.eu\/wp-content\/uploads\/2021\/10\/zdjecie1-Copy-1.jpg\" data-link=\"http:\/\/sp1.kielce.eu\/?attachment_id=19439\" class=\"wp-image-19439\" srcset=\"https:\/\/sp1.kielce.eu\/wp-content\/uploads\/2021\/10\/zdjecie1-Copy-1.jpg 1200w, https:\/\/sp1.kielce.eu\/wp-content\/uploads\/2021\/10\/zdjecie1-Copy-1-300x169.jpg 300w, https:\/\/sp1.kielce.eu\/wp-content\/uploads\/2021\/10\/zdjecie1-Copy-1-768x432.jpg 768w, https:\/\/sp1.kielce.eu\/wp-content\/uploads\/2021\/10\/zdjecie1-Copy-1-820x461.jpg 820w\" sizes=\"auto, (max-width: 1200px) 100vw, 1200px\" \/><\/a><\/figure><\/li><li class=\"blocks-gallery-item\"><figure><a href=\"http:\/\/sp1.kielce.eu\/wp-content\/uploads\/2021\/10\/zdjecie2-Copy-1.jpg\"><img loading=\"lazy\" decoding=\"async\" width=\"1200\" height=\"675\" src=\"http:\/\/sp1.kielce.eu\/wp-content\/uploads\/2021\/10\/zdjecie2-Copy-1.jpg\" alt=\"\" data-id=\"19440\" data-full-url=\"http:\/\/sp1.kielce.eu\/wp-content\/uploads\/2021\/10\/zdjecie2-Copy-1.jpg\" data-link=\"http:\/\/sp1.kielce.eu\/?attachment_id=19440\" class=\"wp-image-19440\" srcset=\"https:\/\/sp1.kielce.eu\/wp-content\/uploads\/2021\/10\/zdjecie2-Copy-1.jpg 1200w, https:\/\/sp1.kielce.eu\/wp-content\/uploads\/2021\/10\/zdjecie2-Copy-1-300x169.jpg 300w, https:\/\/sp1.kielce.eu\/wp-content\/uploads\/2021\/10\/zdjecie2-Copy-1-768x432.jpg 768w, https:\/\/sp1.kielce.eu\/wp-content\/uploads\/2021\/10\/zdjecie2-Copy-1-820x461.jpg 820w\" sizes=\"auto, (max-width: 1200px) 100vw, 1200px\" \/><\/a><\/figure><\/li><\/ul><\/figure>\n","protected":false},"excerpt":{"rendered":"<p>W pierwszym dniu listopada Ko\u015bci\u00f3\u0142 katolicki obchodzi Uroczysto\u015b\u0107 Wszystkich \u015awi\u0119tych. W tym dniu oddajemy cze\u015b\u0107 [&hellip;]<\/p>\n","protected":false},"author":13,"featured_media":19441,"comment_status":"closed","ping_status":"open","sticky":false,"template":"","format":"standard","meta":{"footnotes":""},"categories":[36],"tags":[],"class_list":["post-19438","post","type-post","status-publish","format-standard","has-post-thumbnail","hentry","category-wydarzenia"],"_links":{"self":[{"href":"https:\/\/sp1.kielce.eu\/index.php\/wp-json\/wp\/v2\/posts\/19438","targetHints":{"allow":["GET"]}}],"collection":[{"href":"https:\/\/sp1.kielce.eu\/index.php\/wp-json\/wp\/v2\/posts"}],"about":[{"href":"https:\/\/sp1.kielce.eu\/index.php\/wp-json\/wp\/v2\/types\/post"}],"author":[{"embeddable":true,"href":"https:\/\/sp1.kielce.eu\/index.php\/wp-json\/wp\/v2\/users\/13"}],"replies":[{"embeddable":true,"href":"https:\/\/sp1.kielce.eu\/index.php\/wp-json\/wp\/v2\/comments?post=19438"}],"version-history":[{"count":1,"href":"https:\/\/sp1.kielce.eu\/index.php\/wp-json\/wp\/v2\/posts\/19438\/revisions"}],"predecessor-version":[{"id":19442,"href":"https:\/\/sp1.kielce.eu\/index.php\/wp-json\/wp\/v2\/posts\/19438\/revisions\/19442"}],"wp:featuredmedia":[{"embeddable":true,"href":"https:\/\/sp1.kielce.eu\/index.php\/wp-json\/wp\/v2\/media\/19441"}],"wp:attachment":[{"href":"https:\/\/sp1.kielce.eu\/index.php\/wp-json\/wp\/v2\/media?parent=19438"}],"wp:term":[{"taxonomy":"category","embeddable":true,"href":"https:\/\/sp1.kielce.eu\/index.php\/wp-json\/wp\/v2\/categories?post=19438"},{"taxonomy":"post_tag","embeddable":true,"href":"https:\/\/sp1.kielce.eu\/index.php\/wp-json\/wp\/v2\/tags?post=19438"}],"curies":[{"name":"wp","href":"https:\/\/api.w.org\/{rel}","templated":true}]}}