{"id":1940,"date":"2017-05-17T21:06:42","date_gmt":"2017-05-17T19:06:42","guid":{"rendered":"http:\/\/sp1.kielce.eu\/?p=1940"},"modified":"2017-05-21T23:07:13","modified_gmt":"2017-05-21T21:07:13","slug":"ii-miejsce-w-konkursie","status":"publish","type":"post","link":"https:\/\/sp1.kielce.eu\/index.php\/2017\/05\/17\/ii-miejsce-w-konkursie\/","title":{"rendered":"II miejsce w Mi\u0119dzy\u015bwietlicowym Konkursie Recytatorskim"},"content":{"rendered":"<p style=\"text-align: justify\">Ucze\u0144 klasy 2b Antoni Kr\u00f3l zaj\u0105\u0142 II miejsce w Mi\u0119dzy\u015bwietlicowym Konkursie Recytatorskim ,,Najpi\u0119kniejsze wiersze dla dzieci&#8221;, kt\u00f3ry odby\u0142 si\u0119 11 maja w\u00a0Szkole Podstawowej nr 33 w\u00a0Kielcach. Antek zaprezentowa\u0142 dwa wiersze: Wandy Chotomskiej ,,Krakowiaczek&#8221; i\u00a0Joanny Papuzi\u0144skiej ,,Ja&#8221;. Wykona\u0142 tak\u017ce ilustracj\u0119 do jednego z\u00a0nich.<\/p>\n<p style=\"text-align: right\">Barbara Sobota<\/p>\n<div id='gallery-1' class='gallery galleryid-1940 gallery-columns-3 gallery-size-thumbnail'><figure class='gallery-item'>\n\t\t\t<div class='gallery-icon landscape'>\n\t\t\t\t<a href='https:\/\/sp1.kielce.eu\/wp-content\/uploads\/2017\/05\/5-3.jpg'><img loading=\"lazy\" decoding=\"async\" width=\"150\" height=\"150\" src=\"https:\/\/sp1.kielce.eu\/wp-content\/uploads\/2017\/05\/5-3-150x150.jpg\" class=\"attachment-thumbnail size-thumbnail\" alt=\"Antoni Kr\u00f3l\" aria-describedby=\"gallery-1-1945\" \/><\/a>\n\t\t\t<\/div>\n\t\t\t\t<figcaption class='wp-caption-text gallery-caption' id='gallery-1-1945'>\n\t\t\t\tMi\u0119dzy\u015bwietlicowy Konkurs Recytatorski\n\t\t\t\t<\/figcaption><\/figure><figure class='gallery-item'>\n\t\t\t<div class='gallery-icon landscape'>\n\t\t\t\t<a href='https:\/\/sp1.kielce.eu\/wp-content\/uploads\/2017\/05\/4-4.jpg'><img loading=\"lazy\" decoding=\"async\" width=\"150\" height=\"150\" src=\"https:\/\/sp1.kielce.eu\/wp-content\/uploads\/2017\/05\/4-4-150x150.jpg\" class=\"attachment-thumbnail size-thumbnail\" alt=\"Antoni Kr\u00f3l\" aria-describedby=\"gallery-1-1944\" \/><\/a>\n\t\t\t<\/div>\n\t\t\t\t<figcaption class='wp-caption-text gallery-caption' id='gallery-1-1944'>\n\t\t\t\tMi\u0119dzy\u015bwietlicowy Konkurs Recytatorski\n\t\t\t\t<\/figcaption><\/figure><figure class='gallery-item'>\n\t\t\t<div class='gallery-icon landscape'>\n\t\t\t\t<a href='https:\/\/sp1.kielce.eu\/wp-content\/uploads\/2017\/05\/3-4.jpg'><img loading=\"lazy\" decoding=\"async\" width=\"150\" height=\"150\" src=\"https:\/\/sp1.kielce.eu\/wp-content\/uploads\/2017\/05\/3-4-150x150.jpg\" class=\"attachment-thumbnail size-thumbnail\" alt=\"Uczestnicy konkursu\" aria-describedby=\"gallery-1-1943\" \/><\/a>\n\t\t\t<\/div>\n\t\t\t\t<figcaption class='wp-caption-text gallery-caption' id='gallery-1-1943'>\n\t\t\t\tMi\u0119dzy\u015bwietlicowy Konkurs Recytatorski\n\t\t\t\t<\/figcaption><\/figure><figure class='gallery-item'>\n\t\t\t<div class='gallery-icon landscape'>\n\t\t\t\t<a href='https:\/\/sp1.kielce.eu\/wp-content\/uploads\/2017\/05\/2-3.jpg'><img loading=\"lazy\" decoding=\"async\" width=\"150\" height=\"150\" src=\"https:\/\/sp1.kielce.eu\/wp-content\/uploads\/2017\/05\/2-3-150x150.jpg\" class=\"attachment-thumbnail size-thumbnail\" alt=\"Prace laureat\u00f3w\" aria-describedby=\"gallery-1-1942\" \/><\/a>\n\t\t\t<\/div>\n\t\t\t\t<figcaption class='wp-caption-text gallery-caption' id='gallery-1-1942'>\n\t\t\t\tMi\u0119dzy\u015bwietlicowy Konkurs Recytatorski\n\t\t\t\t<\/figcaption><\/figure><figure class='gallery-item'>\n\t\t\t<div class='gallery-icon landscape'>\n\t\t\t\t<a href='https:\/\/sp1.kielce.eu\/wp-content\/uploads\/2017\/05\/1praca.jpg'><img loading=\"lazy\" decoding=\"async\" width=\"150\" height=\"150\" src=\"https:\/\/sp1.kielce.eu\/wp-content\/uploads\/2017\/05\/1praca-150x150.jpg\" class=\"attachment-thumbnail size-thumbnail\" alt=\"Praca Antoniego Kr\u00f3la\" aria-describedby=\"gallery-1-1941\" \/><\/a>\n\t\t\t<\/div>\n\t\t\t\t<figcaption class='wp-caption-text gallery-caption' id='gallery-1-1941'>\n\t\t\t\tMi\u0119dzy\u015bwietlicowy Konkurs Recytatorski \n\t\t\t\t<\/figcaption><\/figure>\n\t\t<\/div>\n\n","protected":false},"excerpt":{"rendered":"<p>Ucze\u0144 klasy 2b Antoni Kr\u00f3l zaj\u0105\u0142 II miejsce w Mi\u0119dzy\u015bwietlicowym Konkursie Recytatorskim ,,Najpi\u0119kniejsze wiersze dla [&hellip;]<\/p>\n","protected":false},"author":13,"featured_media":1945,"comment_status":"closed","ping_status":"open","sticky":false,"template":"","format":"standard","meta":{"footnotes":""},"categories":[25,21],"tags":[56,64],"class_list":["post-1940","post","type-post","status-publish","format-standard","has-post-thumbnail","hentry","category-swietlica","category-konkursy","tag-konkursy-miedzyszkolne","tag-sukces"],"_links":{"self":[{"href":"https:\/\/sp1.kielce.eu\/index.php\/wp-json\/wp\/v2\/posts\/1940","targetHints":{"allow":["GET"]}}],"collection":[{"href":"https:\/\/sp1.kielce.eu\/index.php\/wp-json\/wp\/v2\/posts"}],"about":[{"href":"https:\/\/sp1.kielce.eu\/index.php\/wp-json\/wp\/v2\/types\/post"}],"author":[{"embeddable":true,"href":"https:\/\/sp1.kielce.eu\/index.php\/wp-json\/wp\/v2\/users\/13"}],"replies":[{"embeddable":true,"href":"https:\/\/sp1.kielce.eu\/index.php\/wp-json\/wp\/v2\/comments?post=1940"}],"version-history":[{"count":6,"href":"https:\/\/sp1.kielce.eu\/index.php\/wp-json\/wp\/v2\/posts\/1940\/revisions"}],"predecessor-version":[{"id":1966,"href":"https:\/\/sp1.kielce.eu\/index.php\/wp-json\/wp\/v2\/posts\/1940\/revisions\/1966"}],"wp:featuredmedia":[{"embeddable":true,"href":"https:\/\/sp1.kielce.eu\/index.php\/wp-json\/wp\/v2\/media\/1945"}],"wp:attachment":[{"href":"https:\/\/sp1.kielce.eu\/index.php\/wp-json\/wp\/v2\/media?parent=1940"}],"wp:term":[{"taxonomy":"category","embeddable":true,"href":"https:\/\/sp1.kielce.eu\/index.php\/wp-json\/wp\/v2\/categories?post=1940"},{"taxonomy":"post_tag","embeddable":true,"href":"https:\/\/sp1.kielce.eu\/index.php\/wp-json\/wp\/v2\/tags?post=1940"}],"curies":[{"name":"wp","href":"https:\/\/api.w.org\/{rel}","templated":true}]}}