{"id":19357,"date":"2021-10-29T11:01:34","date_gmt":"2021-10-29T09:01:34","guid":{"rendered":"http:\/\/sp1.kielce.eu\/?p=19357"},"modified":"2021-10-29T11:01:34","modified_gmt":"2021-10-29T09:01:34","slug":"kolejne-klasy-dolaczaja-do-kampanii","status":"publish","type":"post","link":"https:\/\/sp1.kielce.eu\/index.php\/2021\/10\/29\/kolejne-klasy-dolaczaja-do-kampanii\/","title":{"rendered":"Kolejne klasy do\u0142\u0105czaj\u0105 do kampanii"},"content":{"rendered":"\n<p>Przedstawiamy zdj\u0119cia kolejnych klas zrobione w ramach akcji &#8222;\u015awi\u0119tokrzyskie nie hejtuje&#8221;.<\/p>\n\n\n\n<p>Przypominamy, \u017ce teraz \u015bcianka znajduje si\u0119 na naprzeciw wej\u015bcia do \u015bwietlicy. Zapraszamy do w\u0142\u0105czenia si\u0119 w akcj\u0119. Wystarczy zrobi\u0107 sobie zdj\u0119cie na tle \u015bcianki i zamie\u015bci\u0107 je w swoich mediach spo\u0142eczno\u015bciowych z oznaczeniem&nbsp;#\u015bwi\u0119tokrzyskieNIEhejtuje.<\/p>\n\n\n\n<p class=\"has-text-align-right\">Koordynatorzy akcji<br>Urszula Sodel<br>Patryk Kozie\u0142<\/p>\n\n\n\n<figure class=\"wp-block-gallery columns-3 is-cropped wp-block-gallery-1 is-layout-flex wp-block-gallery-is-layout-flex\"><ul class=\"blocks-gallery-grid\"><li class=\"blocks-gallery-item\"><figure><a href=\"http:\/\/sp1.kielce.eu\/wp-content\/uploads\/2021\/10\/kolaz8a2.jpg\"><img loading=\"lazy\" decoding=\"async\" width=\"900\" height=\"900\" src=\"http:\/\/sp1.kielce.eu\/wp-content\/uploads\/2021\/10\/kolaz8a2-900x900.jpg\" alt=\"\" data-id=\"19358\" data-full-url=\"http:\/\/sp1.kielce.eu\/wp-content\/uploads\/2021\/10\/kolaz8a2.jpg\" data-link=\"http:\/\/sp1.kielce.eu\/?attachment_id=19358\" class=\"wp-image-19358\" srcset=\"https:\/\/sp1.kielce.eu\/wp-content\/uploads\/2021\/10\/kolaz8a2-900x900.jpg 900w, https:\/\/sp1.kielce.eu\/wp-content\/uploads\/2021\/10\/kolaz8a2-300x300.jpg 300w, https:\/\/sp1.kielce.eu\/wp-content\/uploads\/2021\/10\/kolaz8a2-150x150.jpg 150w, https:\/\/sp1.kielce.eu\/wp-content\/uploads\/2021\/10\/kolaz8a2-768x768.jpg 768w, https:\/\/sp1.kielce.eu\/wp-content\/uploads\/2021\/10\/kolaz8a2-820x820.jpg 820w, https:\/\/sp1.kielce.eu\/wp-content\/uploads\/2021\/10\/kolaz8a2.jpg 1080w\" sizes=\"auto, (max-width: 900px) 100vw, 900px\" \/><\/a><\/figure><\/li><li class=\"blocks-gallery-item\"><figure><a href=\"http:\/\/sp1.kielce.eu\/wp-content\/uploads\/2021\/10\/kolaz7a.jpg\"><img loading=\"lazy\" decoding=\"async\" width=\"900\" height=\"900\" src=\"http:\/\/sp1.kielce.eu\/wp-content\/uploads\/2021\/10\/kolaz7a-900x900.jpg\" alt=\"\" data-id=\"19359\" data-full-url=\"http:\/\/sp1.kielce.eu\/wp-content\/uploads\/2021\/10\/kolaz7a.jpg\" data-link=\"http:\/\/sp1.kielce.eu\/?attachment_id=19359\" class=\"wp-image-19359\" srcset=\"https:\/\/sp1.kielce.eu\/wp-content\/uploads\/2021\/10\/kolaz7a-900x900.jpg 900w, https:\/\/sp1.kielce.eu\/wp-content\/uploads\/2021\/10\/kolaz7a-300x300.jpg 300w, https:\/\/sp1.kielce.eu\/wp-content\/uploads\/2021\/10\/kolaz7a-150x150.jpg 150w, https:\/\/sp1.kielce.eu\/wp-content\/uploads\/2021\/10\/kolaz7a-768x768.jpg 768w, https:\/\/sp1.kielce.eu\/wp-content\/uploads\/2021\/10\/kolaz7a-820x820.jpg 820w, https:\/\/sp1.kielce.eu\/wp-content\/uploads\/2021\/10\/kolaz7a.jpg 1080w\" sizes=\"auto, (max-width: 900px) 100vw, 900px\" \/><\/a><\/figure><\/li><li class=\"blocks-gallery-item\"><figure><a href=\"http:\/\/sp1.kielce.eu\/wp-content\/uploads\/2021\/10\/kola-8c.jpg\"><img loading=\"lazy\" decoding=\"async\" width=\"900\" height=\"900\" src=\"http:\/\/sp1.kielce.eu\/wp-content\/uploads\/2021\/10\/kola-8c-900x900.jpg\" alt=\"\" data-id=\"19360\" data-full-url=\"http:\/\/sp1.kielce.eu\/wp-content\/uploads\/2021\/10\/kola-8c.jpg\" data-link=\"http:\/\/sp1.kielce.eu\/?attachment_id=19360\" class=\"wp-image-19360\" srcset=\"https:\/\/sp1.kielce.eu\/wp-content\/uploads\/2021\/10\/kola-8c-900x900.jpg 900w, https:\/\/sp1.kielce.eu\/wp-content\/uploads\/2021\/10\/kola-8c-300x300.jpg 300w, https:\/\/sp1.kielce.eu\/wp-content\/uploads\/2021\/10\/kola-8c-150x150.jpg 150w, https:\/\/sp1.kielce.eu\/wp-content\/uploads\/2021\/10\/kola-8c-768x768.jpg 768w, https:\/\/sp1.kielce.eu\/wp-content\/uploads\/2021\/10\/kola-8c-820x820.jpg 820w, https:\/\/sp1.kielce.eu\/wp-content\/uploads\/2021\/10\/kola-8c.jpg 1080w\" sizes=\"auto, (max-width: 900px) 100vw, 900px\" \/><\/a><\/figure><\/li><li class=\"blocks-gallery-item\"><figure><a href=\"http:\/\/sp1.kielce.eu\/wp-content\/uploads\/2021\/10\/received_249544187123260-1.jpeg\"><img loading=\"lazy\" decoding=\"async\" width=\"960\" height=\"467\" src=\"http:\/\/sp1.kielce.eu\/wp-content\/uploads\/2021\/10\/received_249544187123260-1.jpeg\" alt=\"\" data-id=\"19361\" data-full-url=\"http:\/\/sp1.kielce.eu\/wp-content\/uploads\/2021\/10\/received_249544187123260-1.jpeg\" data-link=\"http:\/\/sp1.kielce.eu\/?attachment_id=19361\" class=\"wp-image-19361\" srcset=\"https:\/\/sp1.kielce.eu\/wp-content\/uploads\/2021\/10\/received_249544187123260-1.jpeg 960w, https:\/\/sp1.kielce.eu\/wp-content\/uploads\/2021\/10\/received_249544187123260-1-300x146.jpeg 300w, https:\/\/sp1.kielce.eu\/wp-content\/uploads\/2021\/10\/received_249544187123260-1-768x374.jpeg 768w, https:\/\/sp1.kielce.eu\/wp-content\/uploads\/2021\/10\/received_249544187123260-1-820x399.jpeg 820w\" sizes=\"auto, (max-width: 960px) 100vw, 960px\" \/><\/a><\/figure><\/li><\/ul><\/figure>\n","protected":false},"excerpt":{"rendered":"<p>Przedstawiamy zdj\u0119cia kolejnych klas zrobione w ramach akcji &#8222;\u015awi\u0119tokrzyskie nie hejtuje&#8221;. Przypominamy, \u017ce teraz \u015bcianka [&hellip;]<\/p>\n","protected":false},"author":5,"featured_media":19362,"comment_status":"closed","ping_status":"open","sticky":false,"template":"","format":"standard","meta":{"footnotes":""},"categories":[36],"tags":[],"class_list":["post-19357","post","type-post","status-publish","format-standard","has-post-thumbnail","hentry","category-wydarzenia"],"_links":{"self":[{"href":"https:\/\/sp1.kielce.eu\/index.php\/wp-json\/wp\/v2\/posts\/19357","targetHints":{"allow":["GET"]}}],"collection":[{"href":"https:\/\/sp1.kielce.eu\/index.php\/wp-json\/wp\/v2\/posts"}],"about":[{"href":"https:\/\/sp1.kielce.eu\/index.php\/wp-json\/wp\/v2\/types\/post"}],"author":[{"embeddable":true,"href":"https:\/\/sp1.kielce.eu\/index.php\/wp-json\/wp\/v2\/users\/5"}],"replies":[{"embeddable":true,"href":"https:\/\/sp1.kielce.eu\/index.php\/wp-json\/wp\/v2\/comments?post=19357"}],"version-history":[{"count":1,"href":"https:\/\/sp1.kielce.eu\/index.php\/wp-json\/wp\/v2\/posts\/19357\/revisions"}],"predecessor-version":[{"id":19363,"href":"https:\/\/sp1.kielce.eu\/index.php\/wp-json\/wp\/v2\/posts\/19357\/revisions\/19363"}],"wp:featuredmedia":[{"embeddable":true,"href":"https:\/\/sp1.kielce.eu\/index.php\/wp-json\/wp\/v2\/media\/19362"}],"wp:attachment":[{"href":"https:\/\/sp1.kielce.eu\/index.php\/wp-json\/wp\/v2\/media?parent=19357"}],"wp:term":[{"taxonomy":"category","embeddable":true,"href":"https:\/\/sp1.kielce.eu\/index.php\/wp-json\/wp\/v2\/categories?post=19357"},{"taxonomy":"post_tag","embeddable":true,"href":"https:\/\/sp1.kielce.eu\/index.php\/wp-json\/wp\/v2\/tags?post=19357"}],"curies":[{"name":"wp","href":"https:\/\/api.w.org\/{rel}","templated":true}]}}