{"id":19337,"date":"2021-10-28T23:05:23","date_gmt":"2021-10-28T21:05:23","guid":{"rendered":"http:\/\/sp1.kielce.eu\/?p=19337"},"modified":"2021-10-28T23:05:23","modified_gmt":"2021-10-28T21:05:23","slug":"szkolapamieta","status":"publish","type":"post","link":"https:\/\/sp1.kielce.eu\/index.php\/2021\/10\/28\/szkolapamieta\/","title":{"rendered":"#Szko\u0142aPami\u0119ta"},"content":{"rendered":"\n<p>Szko\u0142a Podstawowa nr&nbsp;1 w&nbsp;Kielcach aktywnie w\u0142\u0105czy\u0142a si\u0119 w&nbsp;akcj\u0119 Ministerstwa Edukacji i&nbsp;Nauki \u201e#Szko\u0142aPami\u0119ta\u201d. Celem akcji jest upami\u0119tnienie wa\u017cnych rocznic, wydarze\u0144 i&nbsp;postaci historycznych. Inicjatywa nawi\u0105zuje do polskiej tradycji obchod\u00f3w Dnia Zadusznego. W&nbsp;tym czasie wspominamy naszych bliskich, kt\u00f3rzy zako\u0144czyli ju\u017c ziemsk\u0105 w\u0119dr\u00f3wk\u0119 oraz tych, kt\u00f3rzy na zawsze zapisali si\u0119 na kartach historii naszej Ojczyzny.<\/p>\n\n\n\n<p>Nasza szko\u0142a tak\u017ce pami\u0119ta.<\/p>\n\n\n\n<ul class=\"wp-block-list\"><li>Nawiedzili\u015bmy miejsce pami\u0119ci \u015awi\u0119tego Jana Paw\u0142a II.<\/li><li>Odwiedzili\u015bmy miejsce pami\u0119ci patrona Szko\u0142y Stanis\u0142awa Staszica.<\/li><li>Udali\u015bmy si\u0119 do krypty Bazyliki Katedralnej Wniebowzi\u0119cia Naj\u015bwi\u0119tszej Maryi Panny gdzie pochowani s\u0105 kieleccy biskupi.<\/li><li>Projektowali\u015bmy znicze dla \u017co\u0142nierzy, kt\u00f3rzy oddali swoje \u017cycie w&nbsp;obronie Ojczyzny.<\/li><li>Przygotowali\u015bmy wystaw\u0119 portret\u00f3w Wielkich Polak\u00f3w.<\/li><\/ul>\n\n\n\n<p>Wszystkich bliskich zmar\u0142y otaczamy modlitw\u0105, dobr\u0105 my\u015bl\u0105, \u017cyczliwym wspomnieniem tak, by na zawsze \u017cyli w naszych sercach.<\/p>\n\n\n\n<p class=\"has-text-align-right\"><em>s. F. Czajkowska, I. Ko\u015bcielecka, ks. D. W\u0119grzyn, ks. K. Walerczak<\/em><\/p>\n\n\n\n<figure class=\"wp-block-gallery columns-5 is-cropped wp-block-gallery-1 is-layout-flex wp-block-gallery-is-layout-flex\"><ul class=\"blocks-gallery-grid\"><li class=\"blocks-gallery-item\"><figure><a href=\"http:\/\/sp1.kielce.eu\/wp-content\/uploads\/2021\/10\/slajd1p-Copy.jpg\"><img loading=\"lazy\" decoding=\"async\" width=\"1200\" height=\"675\" src=\"http:\/\/sp1.kielce.eu\/wp-content\/uploads\/2021\/10\/slajd1p-Copy.jpg\" alt=\"\" data-id=\"19338\" data-full-url=\"http:\/\/sp1.kielce.eu\/wp-content\/uploads\/2021\/10\/slajd1p-Copy.jpg\" data-link=\"http:\/\/sp1.kielce.eu\/?attachment_id=19338\" class=\"wp-image-19338\" srcset=\"https:\/\/sp1.kielce.eu\/wp-content\/uploads\/2021\/10\/slajd1p-Copy.jpg 1200w, https:\/\/sp1.kielce.eu\/wp-content\/uploads\/2021\/10\/slajd1p-Copy-300x169.jpg 300w, https:\/\/sp1.kielce.eu\/wp-content\/uploads\/2021\/10\/slajd1p-Copy-768x432.jpg 768w, https:\/\/sp1.kielce.eu\/wp-content\/uploads\/2021\/10\/slajd1p-Copy-820x461.jpg 820w\" sizes=\"auto, (max-width: 1200px) 100vw, 1200px\" \/><\/a><\/figure><\/li><li class=\"blocks-gallery-item\"><figure><a href=\"http:\/\/sp1.kielce.eu\/wp-content\/uploads\/2021\/10\/slajd2p-Copy.jpg\"><img loading=\"lazy\" decoding=\"async\" width=\"1200\" height=\"675\" src=\"http:\/\/sp1.kielce.eu\/wp-content\/uploads\/2021\/10\/slajd2p-Copy.jpg\" alt=\"\" data-id=\"19339\" data-full-url=\"http:\/\/sp1.kielce.eu\/wp-content\/uploads\/2021\/10\/slajd2p-Copy.jpg\" data-link=\"http:\/\/sp1.kielce.eu\/?attachment_id=19339\" class=\"wp-image-19339\" srcset=\"https:\/\/sp1.kielce.eu\/wp-content\/uploads\/2021\/10\/slajd2p-Copy.jpg 1200w, https:\/\/sp1.kielce.eu\/wp-content\/uploads\/2021\/10\/slajd2p-Copy-300x169.jpg 300w, https:\/\/sp1.kielce.eu\/wp-content\/uploads\/2021\/10\/slajd2p-Copy-768x432.jpg 768w, https:\/\/sp1.kielce.eu\/wp-content\/uploads\/2021\/10\/slajd2p-Copy-820x461.jpg 820w\" sizes=\"auto, (max-width: 1200px) 100vw, 1200px\" \/><\/a><\/figure><\/li><li class=\"blocks-gallery-item\"><figure><a href=\"http:\/\/sp1.kielce.eu\/wp-content\/uploads\/2021\/10\/slajd3p-Copy.jpg\"><img loading=\"lazy\" decoding=\"async\" width=\"1200\" height=\"675\" src=\"http:\/\/sp1.kielce.eu\/wp-content\/uploads\/2021\/10\/slajd3p-Copy.jpg\" alt=\"\" data-id=\"19340\" data-full-url=\"http:\/\/sp1.kielce.eu\/wp-content\/uploads\/2021\/10\/slajd3p-Copy.jpg\" data-link=\"http:\/\/sp1.kielce.eu\/?attachment_id=19340\" class=\"wp-image-19340\" srcset=\"https:\/\/sp1.kielce.eu\/wp-content\/uploads\/2021\/10\/slajd3p-Copy.jpg 1200w, https:\/\/sp1.kielce.eu\/wp-content\/uploads\/2021\/10\/slajd3p-Copy-300x169.jpg 300w, https:\/\/sp1.kielce.eu\/wp-content\/uploads\/2021\/10\/slajd3p-Copy-768x432.jpg 768w, https:\/\/sp1.kielce.eu\/wp-content\/uploads\/2021\/10\/slajd3p-Copy-820x461.jpg 820w\" sizes=\"auto, (max-width: 1200px) 100vw, 1200px\" \/><\/a><\/figure><\/li><li class=\"blocks-gallery-item\"><figure><a href=\"http:\/\/sp1.kielce.eu\/wp-content\/uploads\/2021\/10\/slajd4p-Copy.jpg\"><img loading=\"lazy\" decoding=\"async\" width=\"1200\" height=\"675\" src=\"http:\/\/sp1.kielce.eu\/wp-content\/uploads\/2021\/10\/slajd4p-Copy.jpg\" alt=\"\" data-id=\"19341\" data-full-url=\"http:\/\/sp1.kielce.eu\/wp-content\/uploads\/2021\/10\/slajd4p-Copy.jpg\" data-link=\"http:\/\/sp1.kielce.eu\/?attachment_id=19341\" class=\"wp-image-19341\" srcset=\"https:\/\/sp1.kielce.eu\/wp-content\/uploads\/2021\/10\/slajd4p-Copy.jpg 1200w, https:\/\/sp1.kielce.eu\/wp-content\/uploads\/2021\/10\/slajd4p-Copy-300x169.jpg 300w, https:\/\/sp1.kielce.eu\/wp-content\/uploads\/2021\/10\/slajd4p-Copy-768x432.jpg 768w, https:\/\/sp1.kielce.eu\/wp-content\/uploads\/2021\/10\/slajd4p-Copy-820x461.jpg 820w\" sizes=\"auto, (max-width: 1200px) 100vw, 1200px\" \/><\/a><\/figure><\/li><li class=\"blocks-gallery-item\"><figure><a href=\"http:\/\/sp1.kielce.eu\/wp-content\/uploads\/2021\/10\/slajd5p-Copy.jpg\"><img loading=\"lazy\" decoding=\"async\" width=\"1200\" height=\"675\" src=\"http:\/\/sp1.kielce.eu\/wp-content\/uploads\/2021\/10\/slajd5p-Copy.jpg\" alt=\"\" data-id=\"19342\" data-full-url=\"http:\/\/sp1.kielce.eu\/wp-content\/uploads\/2021\/10\/slajd5p-Copy.jpg\" data-link=\"http:\/\/sp1.kielce.eu\/?attachment_id=19342\" class=\"wp-image-19342\" srcset=\"https:\/\/sp1.kielce.eu\/wp-content\/uploads\/2021\/10\/slajd5p-Copy.jpg 1200w, https:\/\/sp1.kielce.eu\/wp-content\/uploads\/2021\/10\/slajd5p-Copy-300x169.jpg 300w, https:\/\/sp1.kielce.eu\/wp-content\/uploads\/2021\/10\/slajd5p-Copy-768x432.jpg 768w, https:\/\/sp1.kielce.eu\/wp-content\/uploads\/2021\/10\/slajd5p-Copy-820x461.jpg 820w\" sizes=\"auto, (max-width: 1200px) 100vw, 1200px\" \/><\/a><\/figure><\/li><\/ul><\/figure>\n","protected":false},"excerpt":{"rendered":"<p>Szko\u0142a Podstawowa nr&nbsp;1 w&nbsp;Kielcach aktywnie w\u0142\u0105czy\u0142a si\u0119 w&nbsp;akcj\u0119 Ministerstwa Edukacji i&nbsp;Nauki \u201e#Szko\u0142aPami\u0119ta\u201d. Celem akcji jest [&hellip;]<\/p>\n","protected":false},"author":13,"featured_media":19343,"comment_status":"closed","ping_status":"open","sticky":false,"template":"","format":"standard","meta":{"footnotes":""},"categories":[36],"tags":[],"class_list":["post-19337","post","type-post","status-publish","format-standard","has-post-thumbnail","hentry","category-wydarzenia"],"_links":{"self":[{"href":"https:\/\/sp1.kielce.eu\/index.php\/wp-json\/wp\/v2\/posts\/19337","targetHints":{"allow":["GET"]}}],"collection":[{"href":"https:\/\/sp1.kielce.eu\/index.php\/wp-json\/wp\/v2\/posts"}],"about":[{"href":"https:\/\/sp1.kielce.eu\/index.php\/wp-json\/wp\/v2\/types\/post"}],"author":[{"embeddable":true,"href":"https:\/\/sp1.kielce.eu\/index.php\/wp-json\/wp\/v2\/users\/13"}],"replies":[{"embeddable":true,"href":"https:\/\/sp1.kielce.eu\/index.php\/wp-json\/wp\/v2\/comments?post=19337"}],"version-history":[{"count":1,"href":"https:\/\/sp1.kielce.eu\/index.php\/wp-json\/wp\/v2\/posts\/19337\/revisions"}],"predecessor-version":[{"id":19344,"href":"https:\/\/sp1.kielce.eu\/index.php\/wp-json\/wp\/v2\/posts\/19337\/revisions\/19344"}],"wp:featuredmedia":[{"embeddable":true,"href":"https:\/\/sp1.kielce.eu\/index.php\/wp-json\/wp\/v2\/media\/19343"}],"wp:attachment":[{"href":"https:\/\/sp1.kielce.eu\/index.php\/wp-json\/wp\/v2\/media?parent=19337"}],"wp:term":[{"taxonomy":"category","embeddable":true,"href":"https:\/\/sp1.kielce.eu\/index.php\/wp-json\/wp\/v2\/categories?post=19337"},{"taxonomy":"post_tag","embeddable":true,"href":"https:\/\/sp1.kielce.eu\/index.php\/wp-json\/wp\/v2\/tags?post=19337"}],"curies":[{"name":"wp","href":"https:\/\/api.w.org\/{rel}","templated":true}]}}