{"id":19334,"date":"2021-10-28T22:49:56","date_gmt":"2021-10-28T20:49:56","guid":{"rendered":"http:\/\/sp1.kielce.eu\/?p=19334"},"modified":"2021-10-28T22:49:56","modified_gmt":"2021-10-28T20:49:56","slug":"przygoda-uczniow-z-jezykiem-niemieckim","status":"publish","type":"post","link":"https:\/\/sp1.kielce.eu\/index.php\/2021\/10\/28\/przygoda-uczniow-z-jezykiem-niemieckim\/","title":{"rendered":"Przygoda uczni\u00f3w z j\u0119zykiem niemieckim"},"content":{"rendered":"\n<p>Wie geht&#8217;s? &#8211; \u015bpiewaj\u0105 uczniowie klasy 3, kt\u00f3rzy w tym roku rozpocz\u0119li przygod\u0119 z j\u0119zykiem niemieckim. Podczas zaj\u0119\u0107 realizuj\u0105 dzia\u0142ania w ramach wsp\u00f3\u0142pracy z Institut Goethe.<\/p>\n\n\n\n<p>A jak Wasze samopoczucie <img loading=\"lazy\" decoding=\"async\" src=\"\" alt=\"\u263a\" width=\"16\" height=\"16\">?<\/p>\n\n\n\n<p>\u017byczymy wszystkim du\u017co s\u0142o\u0144ca na dzi\u015b!<img loading=\"lazy\" decoding=\"async\" src=\"\" alt=\"?\" width=\"16\" height=\"16\"><\/p>\n\n\n\n<p><a href=\"https:\/\/www.facebook.com\/100436754780345\/videos\/170117985320803\">https:\/\/www.facebook.com\/100436754780345\/videos\/170117985320803<\/a><\/p>\n","protected":false},"excerpt":{"rendered":"<p>Wie geht&#8217;s? &#8211; \u015bpiewaj\u0105 uczniowie klasy 3, kt\u00f3rzy w tym roku rozpocz\u0119li przygod\u0119 z j\u0119zykiem [&hellip;]<\/p>\n","protected":false},"author":13,"featured_media":19336,"comment_status":"closed","ping_status":"open","sticky":false,"template":"","format":"standard","meta":{"footnotes":""},"categories":[36],"tags":[],"class_list":["post-19334","post","type-post","status-publish","format-standard","has-post-thumbnail","hentry","category-wydarzenia"],"_links":{"self":[{"href":"https:\/\/sp1.kielce.eu\/index.php\/wp-json\/wp\/v2\/posts\/19334","targetHints":{"allow":["GET"]}}],"collection":[{"href":"https:\/\/sp1.kielce.eu\/index.php\/wp-json\/wp\/v2\/posts"}],"about":[{"href":"https:\/\/sp1.kielce.eu\/index.php\/wp-json\/wp\/v2\/types\/post"}],"author":[{"embeddable":true,"href":"https:\/\/sp1.kielce.eu\/index.php\/wp-json\/wp\/v2\/users\/13"}],"replies":[{"embeddable":true,"href":"https:\/\/sp1.kielce.eu\/index.php\/wp-json\/wp\/v2\/comments?post=19334"}],"version-history":[{"count":1,"href":"https:\/\/sp1.kielce.eu\/index.php\/wp-json\/wp\/v2\/posts\/19334\/revisions"}],"predecessor-version":[{"id":19335,"href":"https:\/\/sp1.kielce.eu\/index.php\/wp-json\/wp\/v2\/posts\/19334\/revisions\/19335"}],"wp:featuredmedia":[{"embeddable":true,"href":"https:\/\/sp1.kielce.eu\/index.php\/wp-json\/wp\/v2\/media\/19336"}],"wp:attachment":[{"href":"https:\/\/sp1.kielce.eu\/index.php\/wp-json\/wp\/v2\/media?parent=19334"}],"wp:term":[{"taxonomy":"category","embeddable":true,"href":"https:\/\/sp1.kielce.eu\/index.php\/wp-json\/wp\/v2\/categories?post=19334"},{"taxonomy":"post_tag","embeddable":true,"href":"https:\/\/sp1.kielce.eu\/index.php\/wp-json\/wp\/v2\/tags?post=19334"}],"curies":[{"name":"wp","href":"https:\/\/api.w.org\/{rel}","templated":true}]}}