{"id":19320,"date":"2021-10-28T22:10:42","date_gmt":"2021-10-28T20:10:42","guid":{"rendered":"http:\/\/sp1.kielce.eu\/?p=19320"},"modified":"2021-10-28T22:10:42","modified_gmt":"2021-10-28T20:10:42","slug":"narodowy-program-rozwoju-czytelnictwa-2-0","status":"publish","type":"post","link":"https:\/\/sp1.kielce.eu\/index.php\/2021\/10\/28\/narodowy-program-rozwoju-czytelnictwa-2-0\/","title":{"rendered":"Narodowy Program Rozwoju Czytelnictwa 2.0"},"content":{"rendered":"\n<p>Z rado\u015bci\u0105 informujemy, \u017ce biblioteka szkolna otrzyma\u0142a akceptacj\u0119 na realizacj\u0119 Narodowego Programu Rozwoju Czytelnictwa 2.0 na lata 2021-2025.<\/p>\n\n\n\n<p>Do ko\u0144ca roku\u00a02021 b\u0119dziemy mogli dokona\u0107 zakup\u00f3w nowo\u015bci ksi\u0105\u017ckowych oraz zmodernizowa\u0107 cz\u0119\u015b\u0107 wypo\u017cyczalni (wymiana rega\u0142\u00f3w, siedzisk, p\u00f3\u0142ek itp).<\/p>\n\n\n\n<p>Zapraszamy do w\u0142\u0105czenia si\u0119 w&nbsp;tworzenie listy nowo\u015bci ksi\u0105\u017ckowych, kt\u00f3re chcieliby\u015bcie znale\u017a\u0107 na p\u00f3\u0142kach w bibliotece szkolnej.<\/p>\n\n\n\n<p class=\"has-text-align-right\">Renata Kozie\u0142 \u2013 bibliotekarz<\/p>\n","protected":false},"excerpt":{"rendered":"<p>Z rado\u015bci\u0105 informujemy, \u017ce biblioteka szkolna otrzyma\u0142a akceptacj\u0119 na realizacj\u0119 Narodowego Programu Rozwoju Czytelnictwa 2.0 [&hellip;]<\/p>\n","protected":false},"author":13,"featured_media":19321,"comment_status":"closed","ping_status":"open","sticky":false,"template":"","format":"standard","meta":{"footnotes":""},"categories":[72],"tags":[],"class_list":["post-19320","post","type-post","status-publish","format-standard","has-post-thumbnail","hentry","category-biblioteka"],"_links":{"self":[{"href":"https:\/\/sp1.kielce.eu\/index.php\/wp-json\/wp\/v2\/posts\/19320","targetHints":{"allow":["GET"]}}],"collection":[{"href":"https:\/\/sp1.kielce.eu\/index.php\/wp-json\/wp\/v2\/posts"}],"about":[{"href":"https:\/\/sp1.kielce.eu\/index.php\/wp-json\/wp\/v2\/types\/post"}],"author":[{"embeddable":true,"href":"https:\/\/sp1.kielce.eu\/index.php\/wp-json\/wp\/v2\/users\/13"}],"replies":[{"embeddable":true,"href":"https:\/\/sp1.kielce.eu\/index.php\/wp-json\/wp\/v2\/comments?post=19320"}],"version-history":[{"count":1,"href":"https:\/\/sp1.kielce.eu\/index.php\/wp-json\/wp\/v2\/posts\/19320\/revisions"}],"predecessor-version":[{"id":19322,"href":"https:\/\/sp1.kielce.eu\/index.php\/wp-json\/wp\/v2\/posts\/19320\/revisions\/19322"}],"wp:featuredmedia":[{"embeddable":true,"href":"https:\/\/sp1.kielce.eu\/index.php\/wp-json\/wp\/v2\/media\/19321"}],"wp:attachment":[{"href":"https:\/\/sp1.kielce.eu\/index.php\/wp-json\/wp\/v2\/media?parent=19320"}],"wp:term":[{"taxonomy":"category","embeddable":true,"href":"https:\/\/sp1.kielce.eu\/index.php\/wp-json\/wp\/v2\/categories?post=19320"},{"taxonomy":"post_tag","embeddable":true,"href":"https:\/\/sp1.kielce.eu\/index.php\/wp-json\/wp\/v2\/tags?post=19320"}],"curies":[{"name":"wp","href":"https:\/\/api.w.org\/{rel}","templated":true}]}}