{"id":19200,"date":"2021-10-18T08:20:00","date_gmt":"2021-10-18T06:20:00","guid":{"rendered":"http:\/\/sp1.kielce.eu\/?p=19200"},"modified":"2021-10-25T22:14:20","modified_gmt":"2021-10-25T20:14:20","slug":"probna-ewakuacja-naszej-szkoly","status":"publish","type":"post","link":"https:\/\/sp1.kielce.eu\/index.php\/2021\/10\/18\/probna-ewakuacja-naszej-szkoly\/","title":{"rendered":"Pr\u00f3bna ewakuacja naszej szko\u0142y"},"content":{"rendered":"\n<p>15 pa\u017adziernika 2021r. o\u00a0godz.\u00a08.10 oraz 9.15 odby\u0142a si\u0119 cz\u0119\u015bciowa pr\u00f3bna ewakuacja naszej szko\u0142y. G\u0142\u00f3wnym celem przeprowadzonych \u0107wicze\u0144 by\u0142o zapoznanie uczni\u00f3w i\u00a0pracownik\u00f3w szko\u0142y z\u00a0praktycznym zastosowaniem procedur dotycz\u0105cych zachowania si\u0119 w\u00a0przypadku wybuchu po\u017caru lub powstania innego zagro\u017cenia dla \u017cycia i\u00a0zdrowia. Po us\u0142yszeniu sygna\u0142u alarmowego nauczyciele wraz z\u00a0uczniami przeszli drogami ewakuacyjnymi do punktu zbi\u00f3rki \u2013 plac przed g\u0142\u00f3wnym wej\u015bciem do szko\u0142y. Po przeprowadzonej kontroli budynku informacja o\u00a0stanie ewakuacji przekazana zosta\u0142a przedstawicielom stra\u017cy po\u017carnej. Ewakuacja w\u00a0SP\u00a01 przebieg\u0142a szybko i\u00a0bardzo sprawnie.<\/p>\n","protected":false},"excerpt":{"rendered":"<p>15 pa\u017adziernika 2021r. o\u00a0godz.\u00a08.10 oraz 9.15 odby\u0142a si\u0119 cz\u0119\u015bciowa pr\u00f3bna ewakuacja naszej szko\u0142y. G\u0142\u00f3wnym celem [&hellip;]<\/p>\n","protected":false},"author":13,"featured_media":19201,"comment_status":"closed","ping_status":"open","sticky":false,"template":"","format":"standard","meta":{"footnotes":""},"categories":[36],"tags":[],"class_list":["post-19200","post","type-post","status-publish","format-standard","has-post-thumbnail","hentry","category-wydarzenia"],"_links":{"self":[{"href":"https:\/\/sp1.kielce.eu\/index.php\/wp-json\/wp\/v2\/posts\/19200","targetHints":{"allow":["GET"]}}],"collection":[{"href":"https:\/\/sp1.kielce.eu\/index.php\/wp-json\/wp\/v2\/posts"}],"about":[{"href":"https:\/\/sp1.kielce.eu\/index.php\/wp-json\/wp\/v2\/types\/post"}],"author":[{"embeddable":true,"href":"https:\/\/sp1.kielce.eu\/index.php\/wp-json\/wp\/v2\/users\/13"}],"replies":[{"embeddable":true,"href":"https:\/\/sp1.kielce.eu\/index.php\/wp-json\/wp\/v2\/comments?post=19200"}],"version-history":[{"count":1,"href":"https:\/\/sp1.kielce.eu\/index.php\/wp-json\/wp\/v2\/posts\/19200\/revisions"}],"predecessor-version":[{"id":19202,"href":"https:\/\/sp1.kielce.eu\/index.php\/wp-json\/wp\/v2\/posts\/19200\/revisions\/19202"}],"wp:featuredmedia":[{"embeddable":true,"href":"https:\/\/sp1.kielce.eu\/index.php\/wp-json\/wp\/v2\/media\/19201"}],"wp:attachment":[{"href":"https:\/\/sp1.kielce.eu\/index.php\/wp-json\/wp\/v2\/media?parent=19200"}],"wp:term":[{"taxonomy":"category","embeddable":true,"href":"https:\/\/sp1.kielce.eu\/index.php\/wp-json\/wp\/v2\/categories?post=19200"},{"taxonomy":"post_tag","embeddable":true,"href":"https:\/\/sp1.kielce.eu\/index.php\/wp-json\/wp\/v2\/tags?post=19200"}],"curies":[{"name":"wp","href":"https:\/\/api.w.org\/{rel}","templated":true}]}}