{"id":19086,"date":"2021-10-21T19:35:33","date_gmt":"2021-10-21T17:35:33","guid":{"rendered":"http:\/\/sp1.kielce.eu\/?p=19086"},"modified":"2021-10-21T19:35:33","modified_gmt":"2021-10-21T17:35:33","slug":"nowe-pole-nadziei-przed-domem-parafialnym","status":"publish","type":"post","link":"https:\/\/sp1.kielce.eu\/index.php\/2021\/10\/21\/nowe-pole-nadziei-przed-domem-parafialnym\/","title":{"rendered":"Nowe \u201ePOLE NADZIEI\u201d przed domem parafialnym!"},"content":{"rendered":"\n<p>`&nbsp;&nbsp;&nbsp;&nbsp;&nbsp;&nbsp;&nbsp; Dzi\u0119ki \u017cyczliwo\u015bci ks.&nbsp;Proboszcza Jana I\u0142czyka i&nbsp;ofiarnej pomocy naszych wolontariuszek z&nbsp;VIII&nbsp;B, powsta\u0142o nowe <strong>\u201e<\/strong><strong>POLE NADZIEI\u201d przed domem parafialnym \u015bw.&nbsp;J\u00f3zefa!<\/strong><\/p>\n\n\n\n<p><strong>&nbsp;&nbsp;&nbsp;&nbsp;&nbsp;&nbsp;&nbsp;&nbsp; Tym razem zasadzili\u015bmy 150 nowych cebulek \u017conkili! <\/strong>Ju\u017c nie mo\u017cemy si\u0119 doczeka\u0107 wiosny i&nbsp;czasu, kiedy nowe \u017conkile zaczn\u0105 pi\u0119knie kwitn\u0105\u0107!<\/p>\n\n\n\n<p>Tu, w&nbsp;nowym miejscu, zacz\u0119\u0142y rosn\u0105\u0107 <strong>nowe \u017conkile, nowe symbole nadziei<\/strong> dla chorych, cierpi\u0105cych i&nbsp;umieraj\u0105cych m.in. z&nbsp;Hospicjum im.&nbsp;\u015bw.&nbsp;Matki Teresy z&nbsp;Kalkuty.<\/p>\n\n\n\n<p>Nadzieja, kt\u00f3ra g\u0142\u0119boko wzrasta we wra\u017cliwych sercach naszych m\u0142odych wolontariuszy, <strong>staje si\u0119 nadziej\u0105 na lepsze jutro, z&nbsp;wi\u0119kszym szacunkiem dla ka\u017cdego ludzkiego \u017cycia &#8211; szczeg\u00f3lnie dla os\u00f3b starszych &#8211; <\/strong>a\u017c po jego kres na ziemi, ku przej\u015bciu w&nbsp;inny, jego Wieczny Wymiar!<\/p>\n\n\n\n<p class=\"has-text-align-center\">Gratulujemy i&nbsp;dzi\u0119kujemy Wszystkim Drogim Wolontariuszom!<\/p>\n\n\n\n<p class=\"has-text-align-center\"><strong>Nadzieja w\u00a0Was, zawie\u015b\u0107 nie mo\u017ce i\u00a0nigdy nas nie zawiedzie!<\/strong> <\/p>\n\n\n\n<p class=\"has-text-align-right\">ks. Konrad Walerczak<br>ks. Dariusz W\u0119grzyn<br>p. Ma\u0142gorzata Wojciechowska<br>p. Paulina Kondracka<\/p>\n\n\n\n<figure class=\"wp-block-gallery columns-5 is-cropped wp-block-gallery-1 is-layout-flex wp-block-gallery-is-layout-flex\"><ul class=\"blocks-gallery-grid\"><li class=\"blocks-gallery-item\"><figure><a href=\"http:\/\/sp1.kielce.eu\/wp-content\/uploads\/2021\/10\/20211019-120521-Copy.jpg\"><img loading=\"lazy\" decoding=\"async\" width=\"1200\" height=\"900\" src=\"http:\/\/sp1.kielce.eu\/wp-content\/uploads\/2021\/10\/20211019-120521-Copy.jpg\" alt=\"\" data-id=\"19087\" data-full-url=\"http:\/\/sp1.kielce.eu\/wp-content\/uploads\/2021\/10\/20211019-120521-Copy.jpg\" data-link=\"http:\/\/sp1.kielce.eu\/?attachment_id=19087\" class=\"wp-image-19087\" srcset=\"https:\/\/sp1.kielce.eu\/wp-content\/uploads\/2021\/10\/20211019-120521-Copy.jpg 1200w, https:\/\/sp1.kielce.eu\/wp-content\/uploads\/2021\/10\/20211019-120521-Copy-300x225.jpg 300w, https:\/\/sp1.kielce.eu\/wp-content\/uploads\/2021\/10\/20211019-120521-Copy-768x576.jpg 768w, https:\/\/sp1.kielce.eu\/wp-content\/uploads\/2021\/10\/20211019-120521-Copy-820x615.jpg 820w\" sizes=\"auto, (max-width: 1200px) 100vw, 1200px\" \/><\/a><\/figure><\/li><li class=\"blocks-gallery-item\"><figure><a href=\"http:\/\/sp1.kielce.eu\/wp-content\/uploads\/2021\/10\/20211019-120541-Copy.jpg\"><img loading=\"lazy\" decoding=\"async\" width=\"1200\" height=\"900\" src=\"http:\/\/sp1.kielce.eu\/wp-content\/uploads\/2021\/10\/20211019-120541-Copy.jpg\" alt=\"\" data-id=\"19088\" data-full-url=\"http:\/\/sp1.kielce.eu\/wp-content\/uploads\/2021\/10\/20211019-120541-Copy.jpg\" data-link=\"http:\/\/sp1.kielce.eu\/?attachment_id=19088\" class=\"wp-image-19088\" srcset=\"https:\/\/sp1.kielce.eu\/wp-content\/uploads\/2021\/10\/20211019-120541-Copy.jpg 1200w, https:\/\/sp1.kielce.eu\/wp-content\/uploads\/2021\/10\/20211019-120541-Copy-300x225.jpg 300w, https:\/\/sp1.kielce.eu\/wp-content\/uploads\/2021\/10\/20211019-120541-Copy-768x576.jpg 768w, https:\/\/sp1.kielce.eu\/wp-content\/uploads\/2021\/10\/20211019-120541-Copy-820x615.jpg 820w\" sizes=\"auto, (max-width: 1200px) 100vw, 1200px\" \/><\/a><\/figure><\/li><li class=\"blocks-gallery-item\"><figure><a href=\"http:\/\/sp1.kielce.eu\/wp-content\/uploads\/2021\/10\/20211019-125701-Copy.jpg\"><img loading=\"lazy\" decoding=\"async\" width=\"1200\" height=\"900\" src=\"http:\/\/sp1.kielce.eu\/wp-content\/uploads\/2021\/10\/20211019-125701-Copy.jpg\" alt=\"\" data-id=\"19089\" data-full-url=\"http:\/\/sp1.kielce.eu\/wp-content\/uploads\/2021\/10\/20211019-125701-Copy.jpg\" data-link=\"http:\/\/sp1.kielce.eu\/?attachment_id=19089\" class=\"wp-image-19089\" srcset=\"https:\/\/sp1.kielce.eu\/wp-content\/uploads\/2021\/10\/20211019-125701-Copy.jpg 1200w, https:\/\/sp1.kielce.eu\/wp-content\/uploads\/2021\/10\/20211019-125701-Copy-300x225.jpg 300w, https:\/\/sp1.kielce.eu\/wp-content\/uploads\/2021\/10\/20211019-125701-Copy-768x576.jpg 768w, https:\/\/sp1.kielce.eu\/wp-content\/uploads\/2021\/10\/20211019-125701-Copy-820x615.jpg 820w\" sizes=\"auto, (max-width: 1200px) 100vw, 1200px\" \/><\/a><\/figure><\/li><li class=\"blocks-gallery-item\"><figure><a href=\"http:\/\/sp1.kielce.eu\/wp-content\/uploads\/2021\/10\/20211019-125720-Copy.jpg\"><img loading=\"lazy\" decoding=\"async\" width=\"1200\" height=\"900\" src=\"http:\/\/sp1.kielce.eu\/wp-content\/uploads\/2021\/10\/20211019-125720-Copy.jpg\" alt=\"\" data-id=\"19090\" data-full-url=\"http:\/\/sp1.kielce.eu\/wp-content\/uploads\/2021\/10\/20211019-125720-Copy.jpg\" data-link=\"http:\/\/sp1.kielce.eu\/?attachment_id=19090\" class=\"wp-image-19090\" srcset=\"https:\/\/sp1.kielce.eu\/wp-content\/uploads\/2021\/10\/20211019-125720-Copy.jpg 1200w, https:\/\/sp1.kielce.eu\/wp-content\/uploads\/2021\/10\/20211019-125720-Copy-300x225.jpg 300w, https:\/\/sp1.kielce.eu\/wp-content\/uploads\/2021\/10\/20211019-125720-Copy-768x576.jpg 768w, https:\/\/sp1.kielce.eu\/wp-content\/uploads\/2021\/10\/20211019-125720-Copy-820x615.jpg 820w\" sizes=\"auto, (max-width: 1200px) 100vw, 1200px\" \/><\/a><\/figure><\/li><li class=\"blocks-gallery-item\"><figure><a href=\"http:\/\/sp1.kielce.eu\/wp-content\/uploads\/2021\/10\/20211019-130923-Copy.jpg\"><img loading=\"lazy\" decoding=\"async\" width=\"1200\" height=\"900\" src=\"http:\/\/sp1.kielce.eu\/wp-content\/uploads\/2021\/10\/20211019-130923-Copy.jpg\" alt=\"\" data-id=\"19091\" data-full-url=\"http:\/\/sp1.kielce.eu\/wp-content\/uploads\/2021\/10\/20211019-130923-Copy.jpg\" data-link=\"http:\/\/sp1.kielce.eu\/?attachment_id=19091\" class=\"wp-image-19091\" srcset=\"https:\/\/sp1.kielce.eu\/wp-content\/uploads\/2021\/10\/20211019-130923-Copy.jpg 1200w, https:\/\/sp1.kielce.eu\/wp-content\/uploads\/2021\/10\/20211019-130923-Copy-300x225.jpg 300w, https:\/\/sp1.kielce.eu\/wp-content\/uploads\/2021\/10\/20211019-130923-Copy-768x576.jpg 768w, https:\/\/sp1.kielce.eu\/wp-content\/uploads\/2021\/10\/20211019-130923-Copy-820x615.jpg 820w\" sizes=\"auto, (max-width: 1200px) 100vw, 1200px\" \/><\/a><\/figure><\/li><\/ul><\/figure>\n\n\n\n<figure class=\"wp-block-video\"><video controls src=\"http:\/\/sp1.kielce.eu\/wp-content\/uploads\/2021\/10\/20211019-130923.mp4\"><\/video><\/figure>\n","protected":false},"excerpt":{"rendered":"<p>`&nbsp;&nbsp;&nbsp;&nbsp;&nbsp;&nbsp;&nbsp; Dzi\u0119ki \u017cyczliwo\u015bci ks.&nbsp;Proboszcza Jana I\u0142czyka i&nbsp;ofiarnej pomocy naszych wolontariuszek z&nbsp;VIII&nbsp;B, powsta\u0142o nowe \u201ePOLE NADZIEI\u201d [&hellip;]<\/p>\n","protected":false},"author":13,"featured_media":19092,"comment_status":"closed","ping_status":"open","sticky":false,"template":"","format":"standard","meta":{"footnotes":""},"categories":[163,23],"tags":[],"class_list":["post-19086","post","type-post","status-publish","format-standard","has-post-thumbnail","hentry","category-skw","category-charytatywne"],"_links":{"self":[{"href":"https:\/\/sp1.kielce.eu\/index.php\/wp-json\/wp\/v2\/posts\/19086","targetHints":{"allow":["GET"]}}],"collection":[{"href":"https:\/\/sp1.kielce.eu\/index.php\/wp-json\/wp\/v2\/posts"}],"about":[{"href":"https:\/\/sp1.kielce.eu\/index.php\/wp-json\/wp\/v2\/types\/post"}],"author":[{"embeddable":true,"href":"https:\/\/sp1.kielce.eu\/index.php\/wp-json\/wp\/v2\/users\/13"}],"replies":[{"embeddable":true,"href":"https:\/\/sp1.kielce.eu\/index.php\/wp-json\/wp\/v2\/comments?post=19086"}],"version-history":[{"count":2,"href":"https:\/\/sp1.kielce.eu\/index.php\/wp-json\/wp\/v2\/posts\/19086\/revisions"}],"predecessor-version":[{"id":19095,"href":"https:\/\/sp1.kielce.eu\/index.php\/wp-json\/wp\/v2\/posts\/19086\/revisions\/19095"}],"wp:featuredmedia":[{"embeddable":true,"href":"https:\/\/sp1.kielce.eu\/index.php\/wp-json\/wp\/v2\/media\/19092"}],"wp:attachment":[{"href":"https:\/\/sp1.kielce.eu\/index.php\/wp-json\/wp\/v2\/media?parent=19086"}],"wp:term":[{"taxonomy":"category","embeddable":true,"href":"https:\/\/sp1.kielce.eu\/index.php\/wp-json\/wp\/v2\/categories?post=19086"},{"taxonomy":"post_tag","embeddable":true,"href":"https:\/\/sp1.kielce.eu\/index.php\/wp-json\/wp\/v2\/tags?post=19086"}],"curies":[{"name":"wp","href":"https:\/\/api.w.org\/{rel}","templated":true}]}}