{"id":1901,"date":"2017-05-12T20:45:29","date_gmt":"2017-05-12T18:45:29","guid":{"rendered":"http:\/\/sp1.kielce.eu\/?p=1901"},"modified":"2017-05-18T21:41:20","modified_gmt":"2017-05-18T19:41:20","slug":"wyniki-ogolnopolskiego-konkursu-eko-planeta","status":"publish","type":"post","link":"https:\/\/sp1.kielce.eu\/index.php\/2017\/05\/12\/wyniki-ogolnopolskiego-konkursu-eko-planeta\/","title":{"rendered":"Wyniki Og\u00f3lnopolskiego konkursu Eko-Planeta"},"content":{"rendered":"<p style=\"text-align: justify;\"><strong>Wyniki Og\u00f3lnopolskiego Konkursu Ekologicznego \u201eEKO-PLANETA\u201d.<\/strong><\/p>\n<p style=\"text-align: justify;\">1 marca 2017r. po raz kolejny w naszej szkole odby\u0142 si\u0119\u00a0 Og\u00f3lnopolski Konkurs Ekologiczny \u201eEKO-PLANETA\u201d.\u00a0\u00a0\u00a0\u00a0\u00a0\u00a0\u00a0\u00a0\u00a0\u00a0\u00a0\u00a0\u00a0\u00a0\u00a0\u00a0\u00a0\u00a0\u00a0\u00a0\u00a0\u00a0\u00a0\u00a0\u00a0\u00a0\u00a0\u00a0\u00a0\u00a0\u00a0\u00a0\u00a0\u00a0\u00a0\u00a0\u00a0\u00a0\u00a0\u00a0\u00a0\u00a0\u00a0\u00a0\u00a0\u00a0\u00a0\u00a0\u00a0\u00a0\u00a0\u00a0\u00a0\u00a0\u00a0\u00a0\u00a0\u00a0\u00a0\u00a0\u00a0\u00a0\u00a0\u00a0\u00a0\u00a0\u00a0\u00a0\u00a0\u00a0\u00a0\u00a0\u00a0\u00a0\u00a0\u00a0\u00a0\u00a0\u00a0\u00a0\u00a0\u00a0\u00a0\u00a0\u00a0\u00a0 \u00a0\u00a0\u00a0\u00a0\u00a0\u00a0\u00a0\u00a0\u00a0\u00a0\u00a0\u00a0\u00a0\u00a0\u00a0\u00a0\u00a0\u00a0\u00a0\u00a0\u00a0\u00a0\u00a0\u00a0\u00a0\u00a0\u00a0\u00a0\u00a0\u00a0\u00a0\u00a0\u00a0\u00a0\u00a0\u00a0\u00a0\u00a0\u00a0\u00a0\u00a0\u00a0\u00a0\u00a0\u00a0\u00a0\u00a0\u00a0\u00a0\u00a0\u00a0\u00a0\u00a0\u00a0\u00a0\u00a0\u00a0\u00a0\u00a0\u00a0\u00a0\u00a0Organizatorem konkursu jest Stowarzyszenie Upowszechniania Wiedzy i Kultury Regionalnej \u201ePokolenie\u201d w Warszawie przy wsp\u00f3\u0142pracy merytorycznej Mi\u0119dzywydzia\u0142owego Studium Ochrony \u015arodowiska Szko\u0142y G\u0142\u00f3wnej Gospodarstwa Wiejskiego w Warszawie.<\/p>\n<p style=\"text-align: justify;\">W tegorocznej edycji \u201eEko-PLANETY\u201d w naszej szkole wzi\u0119\u0142o udzia\u0142 czworo uczni\u00f3w z klasy 3d i 20 uczni\u00f3w z klas 4-6.<\/p>\n<p style=\"text-align: justify;\"><strong>Bardzo dobry wynik <\/strong>uzyskali Piotr Cie\u015blik z klasy 4b i Dominika Wybraniec z klasy 6b.<\/p>\n<p style=\"text-align: justify;\"><strong>Wyr\u00f3\u017cnienia<\/strong> otrzymali: Iza Wielgus (kl. 6a), Dawid Wypych (kl. 6b), Wojciech Graba (kl. 4c), Marcelina K\u0119pa (kl. 4a), Bartosz Wiktor (kl. 4c), Oliwia Glita (kl. 4b), Anna W\u00f3jcikiewicz (kl. 4b), Lena Stec (kl. 4c), Julia Przygodzka (kl. 4a), Alicja Rysi\u0144ska (kl. 4a), Juliusz Chmielewski (kl. 3d), Aleksandra Smutek (kl. 4a), Ma\u0142gorzata Wybraniec (kl. 4b).<\/p>\n<p style=\"text-align: right;\">El\u017cbieta W\u00f3jcik<\/p>\n","protected":false},"excerpt":{"rendered":"<p>Wyniki Og\u00f3lnopolskiego Konkursu Ekologicznego \u201eEKO-PLANETA\u201d. 1 marca 2017r. po raz kolejny w naszej szkole odby\u0142 [&hellip;]<\/p>\n","protected":false},"author":5,"featured_media":1902,"comment_status":"closed","ping_status":"open","sticky":false,"template":"","format":"standard","meta":{"footnotes":""},"categories":[10,21],"tags":[],"class_list":["post-1901","post","type-post","status-publish","format-standard","has-post-thumbnail","hentry","category-konkursy-przedmiotowe","category-konkursy"],"_links":{"self":[{"href":"https:\/\/sp1.kielce.eu\/index.php\/wp-json\/wp\/v2\/posts\/1901","targetHints":{"allow":["GET"]}}],"collection":[{"href":"https:\/\/sp1.kielce.eu\/index.php\/wp-json\/wp\/v2\/posts"}],"about":[{"href":"https:\/\/sp1.kielce.eu\/index.php\/wp-json\/wp\/v2\/types\/post"}],"author":[{"embeddable":true,"href":"https:\/\/sp1.kielce.eu\/index.php\/wp-json\/wp\/v2\/users\/5"}],"replies":[{"embeddable":true,"href":"https:\/\/sp1.kielce.eu\/index.php\/wp-json\/wp\/v2\/comments?post=1901"}],"version-history":[{"count":2,"href":"https:\/\/sp1.kielce.eu\/index.php\/wp-json\/wp\/v2\/posts\/1901\/revisions"}],"predecessor-version":[{"id":1961,"href":"https:\/\/sp1.kielce.eu\/index.php\/wp-json\/wp\/v2\/posts\/1901\/revisions\/1961"}],"wp:featuredmedia":[{"embeddable":true,"href":"https:\/\/sp1.kielce.eu\/index.php\/wp-json\/wp\/v2\/media\/1902"}],"wp:attachment":[{"href":"https:\/\/sp1.kielce.eu\/index.php\/wp-json\/wp\/v2\/media?parent=1901"}],"wp:term":[{"taxonomy":"category","embeddable":true,"href":"https:\/\/sp1.kielce.eu\/index.php\/wp-json\/wp\/v2\/categories?post=1901"},{"taxonomy":"post_tag","embeddable":true,"href":"https:\/\/sp1.kielce.eu\/index.php\/wp-json\/wp\/v2\/tags?post=1901"}],"curies":[{"name":"wp","href":"https:\/\/api.w.org\/{rel}","templated":true}]}}