{"id":18977,"date":"2021-10-15T17:05:05","date_gmt":"2021-10-15T15:05:05","guid":{"rendered":"http:\/\/sp1.kielce.eu\/?p=18977"},"modified":"2021-10-15T17:05:05","modified_gmt":"2021-10-15T15:05:05","slug":"wyroznienie-w-ogolnopolskim-konkursie-plastycznymw-ramach-swiatowego-tygodnia-zwierzatpt-psiaki-kociaki-i-inne-zwierzaki","status":"publish","type":"post","link":"https:\/\/sp1.kielce.eu\/index.php\/2021\/10\/15\/wyroznienie-w-ogolnopolskim-konkursie-plastycznymw-ramach-swiatowego-tygodnia-zwierzatpt-psiaki-kociaki-i-inne-zwierzaki\/","title":{"rendered":"Wyr\u00f3\u017cnienie w Og\u00f3lnopolskim Konkursie Plastycznymw ramach \u015awiatowego Tygodnia Zwierz\u0105tpt. &#8222;Psiaki, Kociaki i inne Zwierzaki&#8221;"},"content":{"rendered":"\n<p>Dnia 11 X 2021r. odby\u0142a si\u0119 uroczysto\u015b\u0107 wr\u0119czenia nagr\u00f3d Laureatom<strong>Og\u00f3lnopolskiego Konkursu Plastycznegow ramach \u015awiatowego Tygodnia Zwierz\u0105tpt. &#8222;Psiaki, Kociaki i inne Zwierzaki&#8221; organizowanego przez Dom Kultury Zameczek w Kielcach.<\/strong><\/p>\n\n\n\n<p>Na konkurs wp\u0142yn\u0119\u0142o 657 prac zgodnych z regulaminem. W\u015br\u00f3d wyr\u00f3\u017cnionych laureat\u00f3w znalaz\u0142a si\u0119 uczennica naszej szko\u0142y Gabriela Mata\u0142owska z klasy 5b i jej praca \u201eKot w chmurach\u201d wykonana na zaj\u0119ciach ko\u0142a plastycznego, dzia\u0142aj\u0105cego w naszej szkole. Serdecznie gratulujemy Gabrysi i dzi\u0119kujemy wszystkim uczestnikom konkursu z naszej szko\u0142y, kt\u00f3rym bliskie jest przes\u0142anie \u201eMiar\u0105 cz\u0142owiecze\u0144stwa jest jego stosunek do zwierz\u0105t.\u201d<\/p>\n\n\n\n<p class=\"has-text-align-right\">Marzena Kwiecie\u0144<\/p>\n\n\n\n<figure class=\"wp-block-gallery columns-3 is-cropped wp-block-gallery-1 is-layout-flex wp-block-gallery-is-layout-flex\"><ul class=\"blocks-gallery-grid\"><li class=\"blocks-gallery-item\"><figure><a href=\"http:\/\/sp1.kielce.eu\/wp-content\/uploads\/2021\/10\/20211011_161559-scaled.jpg\"><img loading=\"lazy\" decoding=\"async\" width=\"675\" height=\"900\" src=\"http:\/\/sp1.kielce.eu\/wp-content\/uploads\/2021\/10\/20211011_161559-675x900.jpg\" alt=\"\" data-id=\"18978\" data-full-url=\"http:\/\/sp1.kielce.eu\/wp-content\/uploads\/2021\/10\/20211011_161559-scaled.jpg\" data-link=\"http:\/\/sp1.kielce.eu\/?attachment_id=18978\" class=\"wp-image-18978\" srcset=\"https:\/\/sp1.kielce.eu\/wp-content\/uploads\/2021\/10\/20211011_161559-675x900.jpg 675w, https:\/\/sp1.kielce.eu\/wp-content\/uploads\/2021\/10\/20211011_161559-225x300.jpg 225w, https:\/\/sp1.kielce.eu\/wp-content\/uploads\/2021\/10\/20211011_161559-768x1024.jpg 768w, https:\/\/sp1.kielce.eu\/wp-content\/uploads\/2021\/10\/20211011_161559-1152x1536.jpg 1152w, https:\/\/sp1.kielce.eu\/wp-content\/uploads\/2021\/10\/20211011_161559-1536x2048.jpg 1536w, https:\/\/sp1.kielce.eu\/wp-content\/uploads\/2021\/10\/20211011_161559-820x1093.jpg 820w, https:\/\/sp1.kielce.eu\/wp-content\/uploads\/2021\/10\/20211011_161559-scaled.jpg 1920w\" sizes=\"auto, (max-width: 675px) 100vw, 675px\" \/><\/a><\/figure><\/li><li class=\"blocks-gallery-item\"><figure><a href=\"http:\/\/sp1.kielce.eu\/wp-content\/uploads\/2021\/10\/20211004_164441-scaled.jpg\"><img loading=\"lazy\" decoding=\"async\" width=\"841\" height=\"900\" src=\"http:\/\/sp1.kielce.eu\/wp-content\/uploads\/2021\/10\/20211004_164441-841x900.jpg\" alt=\"\" data-id=\"18979\" data-full-url=\"http:\/\/sp1.kielce.eu\/wp-content\/uploads\/2021\/10\/20211004_164441-scaled.jpg\" data-link=\"http:\/\/sp1.kielce.eu\/?attachment_id=18979\" class=\"wp-image-18979\" srcset=\"https:\/\/sp1.kielce.eu\/wp-content\/uploads\/2021\/10\/20211004_164441-841x900.jpg 841w, https:\/\/sp1.kielce.eu\/wp-content\/uploads\/2021\/10\/20211004_164441-280x300.jpg 280w, https:\/\/sp1.kielce.eu\/wp-content\/uploads\/2021\/10\/20211004_164441-768x822.jpg 768w, https:\/\/sp1.kielce.eu\/wp-content\/uploads\/2021\/10\/20211004_164441-1435x1536.jpg 1435w, https:\/\/sp1.kielce.eu\/wp-content\/uploads\/2021\/10\/20211004_164441-1913x2048.jpg 1913w, https:\/\/sp1.kielce.eu\/wp-content\/uploads\/2021\/10\/20211004_164441-820x878.jpg 820w\" sizes=\"auto, (max-width: 841px) 100vw, 841px\" \/><\/a><\/figure><\/li><li class=\"blocks-gallery-item\"><figure><a href=\"http:\/\/sp1.kielce.eu\/wp-content\/uploads\/2021\/10\/dyplom-konkurs-PSIAKI-KOCIAKI-I-INNE-ZWIERZAKI-21-m1.jpg\"><img loading=\"lazy\" decoding=\"async\" width=\"636\" height=\"900\" src=\"http:\/\/sp1.kielce.eu\/wp-content\/uploads\/2021\/10\/dyplom-konkurs-PSIAKI-KOCIAKI-I-INNE-ZWIERZAKI-21-m1-636x900.jpg\" alt=\"\" data-id=\"18980\" data-full-url=\"http:\/\/sp1.kielce.eu\/wp-content\/uploads\/2021\/10\/dyplom-konkurs-PSIAKI-KOCIAKI-I-INNE-ZWIERZAKI-21-m1.jpg\" data-link=\"http:\/\/sp1.kielce.eu\/?attachment_id=18980\" class=\"wp-image-18980\" srcset=\"https:\/\/sp1.kielce.eu\/wp-content\/uploads\/2021\/10\/dyplom-konkurs-PSIAKI-KOCIAKI-I-INNE-ZWIERZAKI-21-m1-636x900.jpg 636w, https:\/\/sp1.kielce.eu\/wp-content\/uploads\/2021\/10\/dyplom-konkurs-PSIAKI-KOCIAKI-I-INNE-ZWIERZAKI-21-m1-212x300.jpg 212w, https:\/\/sp1.kielce.eu\/wp-content\/uploads\/2021\/10\/dyplom-konkurs-PSIAKI-KOCIAKI-I-INNE-ZWIERZAKI-21-m1-768x1086.jpg 768w, https:\/\/sp1.kielce.eu\/wp-content\/uploads\/2021\/10\/dyplom-konkurs-PSIAKI-KOCIAKI-I-INNE-ZWIERZAKI-21-m1-1086x1536.jpg 1086w, https:\/\/sp1.kielce.eu\/wp-content\/uploads\/2021\/10\/dyplom-konkurs-PSIAKI-KOCIAKI-I-INNE-ZWIERZAKI-21-m1-1448x2048.jpg 1448w, https:\/\/sp1.kielce.eu\/wp-content\/uploads\/2021\/10\/dyplom-konkurs-PSIAKI-KOCIAKI-I-INNE-ZWIERZAKI-21-m1-820x1160.jpg 820w, https:\/\/sp1.kielce.eu\/wp-content\/uploads\/2021\/10\/dyplom-konkurs-PSIAKI-KOCIAKI-I-INNE-ZWIERZAKI-21-m1.jpg 1587w\" sizes=\"auto, (max-width: 636px) 100vw, 636px\" \/><\/a><\/figure><\/li><\/ul><\/figure>\n","protected":false},"excerpt":{"rendered":"<p>Dnia 11 X 2021r. odby\u0142a si\u0119 uroczysto\u015b\u0107 wr\u0119czenia nagr\u00f3d LaureatomOg\u00f3lnopolskiego Konkursu Plastycznegow ramach \u015awiatowego Tygodnia [&hellip;]<\/p>\n","protected":false},"author":5,"featured_media":18978,"comment_status":"closed","ping_status":"open","sticky":false,"template":"","format":"standard","meta":{"footnotes":""},"categories":[36],"tags":[],"class_list":["post-18977","post","type-post","status-publish","format-standard","has-post-thumbnail","hentry","category-wydarzenia"],"_links":{"self":[{"href":"https:\/\/sp1.kielce.eu\/index.php\/wp-json\/wp\/v2\/posts\/18977","targetHints":{"allow":["GET"]}}],"collection":[{"href":"https:\/\/sp1.kielce.eu\/index.php\/wp-json\/wp\/v2\/posts"}],"about":[{"href":"https:\/\/sp1.kielce.eu\/index.php\/wp-json\/wp\/v2\/types\/post"}],"author":[{"embeddable":true,"href":"https:\/\/sp1.kielce.eu\/index.php\/wp-json\/wp\/v2\/users\/5"}],"replies":[{"embeddable":true,"href":"https:\/\/sp1.kielce.eu\/index.php\/wp-json\/wp\/v2\/comments?post=18977"}],"version-history":[{"count":1,"href":"https:\/\/sp1.kielce.eu\/index.php\/wp-json\/wp\/v2\/posts\/18977\/revisions"}],"predecessor-version":[{"id":18981,"href":"https:\/\/sp1.kielce.eu\/index.php\/wp-json\/wp\/v2\/posts\/18977\/revisions\/18981"}],"wp:featuredmedia":[{"embeddable":true,"href":"https:\/\/sp1.kielce.eu\/index.php\/wp-json\/wp\/v2\/media\/18978"}],"wp:attachment":[{"href":"https:\/\/sp1.kielce.eu\/index.php\/wp-json\/wp\/v2\/media?parent=18977"}],"wp:term":[{"taxonomy":"category","embeddable":true,"href":"https:\/\/sp1.kielce.eu\/index.php\/wp-json\/wp\/v2\/categories?post=18977"},{"taxonomy":"post_tag","embeddable":true,"href":"https:\/\/sp1.kielce.eu\/index.php\/wp-json\/wp\/v2\/tags?post=18977"}],"curies":[{"name":"wp","href":"https:\/\/api.w.org\/{rel}","templated":true}]}}