{"id":18923,"date":"2021-10-12T22:57:00","date_gmt":"2021-10-12T20:57:00","guid":{"rendered":"http:\/\/sp1.kielce.eu\/?p=18923"},"modified":"2021-10-13T23:59:14","modified_gmt":"2021-10-13T21:59:14","slug":"14-pazdziernika-dzien-edukacji-narodowej","status":"publish","type":"post","link":"https:\/\/sp1.kielce.eu\/index.php\/2021\/10\/12\/14-pazdziernika-dzien-edukacji-narodowej\/","title":{"rendered":"14 pa\u017adziernika &#8211; Dzie\u0144 Edukacji Narodowej"},"content":{"rendered":"\n<p>Z okazji Dnia Edukacji Narodowej uczniowie klas trzecich pod kierunkiem wychowawc\u00f3w przygotowali kr\u00f3tki program artystyczny. W&nbsp;ten spos\u00f3b uczniowie sk\u0142adaj\u0105 serdeczne podzi\u0119kowania wszystkim Pracownikom naszej Szko\u0142y za trud, kt\u00f3ry wk\u0142adaj\u0105 w&nbsp;edukacj\u0119 i&nbsp;wychowanie oraz za to, \u017ce po prostu s\u0105.<\/p>\n\n\n\n<p>Zapraszamy do obejrzenia<\/p>\n\n\n\n<p class=\"has-text-align-center\"><a href=\"https:\/\/drive.google.com\/file\/d\/1b-txT605QiyeWJXPsEXdT0fYJ9nouIND\/view\">Dzie\u0144 Edukacji Narodowej<\/a><\/p>\n\n\n\n<p>Dzi\u0119kujemy:<br>p. Anecie Trzci\u0144skiej \u2013 za dekoracj\u0119<br>p. Piotrowi Surmie \u2013 za realizacj\u0119 nagrania<\/p>\n","protected":false},"excerpt":{"rendered":"<p>Z okazji Dnia Edukacji Narodowej uczniowie klas trzecich pod kierunkiem wychowawc\u00f3w przygotowali kr\u00f3tki program artystyczny. [&hellip;]<\/p>\n","protected":false},"author":13,"featured_media":18927,"comment_status":"closed","ping_status":"open","sticky":false,"template":"","format":"standard","meta":{"footnotes":""},"categories":[36],"tags":[],"class_list":["post-18923","post","type-post","status-publish","format-standard","has-post-thumbnail","hentry","category-wydarzenia"],"_links":{"self":[{"href":"https:\/\/sp1.kielce.eu\/index.php\/wp-json\/wp\/v2\/posts\/18923","targetHints":{"allow":["GET"]}}],"collection":[{"href":"https:\/\/sp1.kielce.eu\/index.php\/wp-json\/wp\/v2\/posts"}],"about":[{"href":"https:\/\/sp1.kielce.eu\/index.php\/wp-json\/wp\/v2\/types\/post"}],"author":[{"embeddable":true,"href":"https:\/\/sp1.kielce.eu\/index.php\/wp-json\/wp\/v2\/users\/13"}],"replies":[{"embeddable":true,"href":"https:\/\/sp1.kielce.eu\/index.php\/wp-json\/wp\/v2\/comments?post=18923"}],"version-history":[{"count":4,"href":"https:\/\/sp1.kielce.eu\/index.php\/wp-json\/wp\/v2\/posts\/18923\/revisions"}],"predecessor-version":[{"id":18929,"href":"https:\/\/sp1.kielce.eu\/index.php\/wp-json\/wp\/v2\/posts\/18923\/revisions\/18929"}],"wp:featuredmedia":[{"embeddable":true,"href":"https:\/\/sp1.kielce.eu\/index.php\/wp-json\/wp\/v2\/media\/18927"}],"wp:attachment":[{"href":"https:\/\/sp1.kielce.eu\/index.php\/wp-json\/wp\/v2\/media?parent=18923"}],"wp:term":[{"taxonomy":"category","embeddable":true,"href":"https:\/\/sp1.kielce.eu\/index.php\/wp-json\/wp\/v2\/categories?post=18923"},{"taxonomy":"post_tag","embeddable":true,"href":"https:\/\/sp1.kielce.eu\/index.php\/wp-json\/wp\/v2\/tags?post=18923"}],"curies":[{"name":"wp","href":"https:\/\/api.w.org\/{rel}","templated":true}]}}