{"id":18898,"date":"2021-10-12T07:00:00","date_gmt":"2021-10-12T05:00:00","guid":{"rendered":"http:\/\/sp1.kielce.eu\/?p=18898"},"modified":"2021-10-12T00:01:15","modified_gmt":"2021-10-11T22:01:15","slug":"wrzesien-w-swietlicy","status":"publish","type":"post","link":"https:\/\/sp1.kielce.eu\/index.php\/2021\/10\/12\/wrzesien-w-swietlicy\/","title":{"rendered":"WRZESIE\u0143 w \u015bwietlicy"},"content":{"rendered":"\n<p>Dzie\u0144 Zwierzaka, Dzie\u0144 Jab\u0142ka, Dzie\u0144 U\u015bmiechu&#8230; we wrze\u015bniu obchodzili\u015bmy wszystkie te nietypowe \u015bwi\u0119ta w&nbsp;\u015bwietlicy szkolnej. Prezentujemy prace dzieci, kt\u00f3re s\u0105 systematycznie prezentowane na tablicy w&nbsp;du\u017cej \u015bwietlicy.<\/p>\n\n\n\n<p class=\"has-text-align-right\">Zesp\u00f3\u0142 nauczycieli \u015bwietlicy<\/p>\n\n\n\n<figure class=\"wp-block-gallery columns-3 is-cropped wp-block-gallery-1 is-layout-flex wp-block-gallery-is-layout-flex\"><ul class=\"blocks-gallery-grid\"><li class=\"blocks-gallery-item\"><figure><a href=\"http:\/\/sp1.kielce.eu\/wp-content\/uploads\/2021\/10\/20211005_121839-Copy.jpg\"><img loading=\"lazy\" decoding=\"async\" width=\"1119\" height=\"900\" src=\"http:\/\/sp1.kielce.eu\/wp-content\/uploads\/2021\/10\/20211005_121839-Copy.jpg\" alt=\"\" data-id=\"18901\" data-full-url=\"http:\/\/sp1.kielce.eu\/wp-content\/uploads\/2021\/10\/20211005_121839-Copy.jpg\" data-link=\"http:\/\/sp1.kielce.eu\/?attachment_id=18901\" class=\"wp-image-18901\" srcset=\"https:\/\/sp1.kielce.eu\/wp-content\/uploads\/2021\/10\/20211005_121839-Copy.jpg 1119w, https:\/\/sp1.kielce.eu\/wp-content\/uploads\/2021\/10\/20211005_121839-Copy-300x241.jpg 300w, https:\/\/sp1.kielce.eu\/wp-content\/uploads\/2021\/10\/20211005_121839-Copy-768x618.jpg 768w, https:\/\/sp1.kielce.eu\/wp-content\/uploads\/2021\/10\/20211005_121839-Copy-820x660.jpg 820w\" sizes=\"auto, (max-width: 1119px) 100vw, 1119px\" \/><\/a><\/figure><\/li><li class=\"blocks-gallery-item\"><figure><a href=\"http:\/\/sp1.kielce.eu\/wp-content\/uploads\/2021\/10\/20211001_110324-Copy.jpg\"><img loading=\"lazy\" decoding=\"async\" width=\"1058\" height=\"900\" src=\"http:\/\/sp1.kielce.eu\/wp-content\/uploads\/2021\/10\/20211001_110324-Copy.jpg\" alt=\"\" data-id=\"18900\" data-full-url=\"http:\/\/sp1.kielce.eu\/wp-content\/uploads\/2021\/10\/20211001_110324-Copy.jpg\" data-link=\"http:\/\/sp1.kielce.eu\/?attachment_id=18900\" class=\"wp-image-18900\" srcset=\"https:\/\/sp1.kielce.eu\/wp-content\/uploads\/2021\/10\/20211001_110324-Copy.jpg 1058w, https:\/\/sp1.kielce.eu\/wp-content\/uploads\/2021\/10\/20211001_110324-Copy-300x255.jpg 300w, https:\/\/sp1.kielce.eu\/wp-content\/uploads\/2021\/10\/20211001_110324-Copy-768x653.jpg 768w, https:\/\/sp1.kielce.eu\/wp-content\/uploads\/2021\/10\/20211001_110324-Copy-820x698.jpg 820w\" sizes=\"auto, (max-width: 1058px) 100vw, 1058px\" \/><\/a><\/figure><\/li><li class=\"blocks-gallery-item\"><figure><a href=\"http:\/\/sp1.kielce.eu\/wp-content\/uploads\/2021\/10\/20210928_111659-Copy.jpg\"><img loading=\"lazy\" decoding=\"async\" width=\"1200\" height=\"890\" src=\"http:\/\/sp1.kielce.eu\/wp-content\/uploads\/2021\/10\/20210928_111659-Copy.jpg\" alt=\"\" data-id=\"18899\" data-full-url=\"http:\/\/sp1.kielce.eu\/wp-content\/uploads\/2021\/10\/20210928_111659-Copy.jpg\" data-link=\"http:\/\/sp1.kielce.eu\/?attachment_id=18899\" class=\"wp-image-18899\" srcset=\"https:\/\/sp1.kielce.eu\/wp-content\/uploads\/2021\/10\/20210928_111659-Copy.jpg 1200w, https:\/\/sp1.kielce.eu\/wp-content\/uploads\/2021\/10\/20210928_111659-Copy-300x223.jpg 300w, https:\/\/sp1.kielce.eu\/wp-content\/uploads\/2021\/10\/20210928_111659-Copy-768x570.jpg 768w, https:\/\/sp1.kielce.eu\/wp-content\/uploads\/2021\/10\/20210928_111659-Copy-820x608.jpg 820w\" sizes=\"auto, (max-width: 1200px) 100vw, 1200px\" \/><\/a><\/figure><\/li><\/ul><\/figure>\n","protected":false},"excerpt":{"rendered":"<p>Dzie\u0144 Zwierzaka, Dzie\u0144 Jab\u0142ka, Dzie\u0144 U\u015bmiechu&#8230; we wrze\u015bniu obchodzili\u015bmy wszystkie te nietypowe \u015bwi\u0119ta w&nbsp;\u015bwietlicy szkolnej. [&hellip;]<\/p>\n","protected":false},"author":13,"featured_media":18902,"comment_status":"closed","ping_status":"open","sticky":false,"template":"","format":"standard","meta":{"footnotes":""},"categories":[25],"tags":[],"class_list":["post-18898","post","type-post","status-publish","format-standard","has-post-thumbnail","hentry","category-swietlica"],"_links":{"self":[{"href":"https:\/\/sp1.kielce.eu\/index.php\/wp-json\/wp\/v2\/posts\/18898","targetHints":{"allow":["GET"]}}],"collection":[{"href":"https:\/\/sp1.kielce.eu\/index.php\/wp-json\/wp\/v2\/posts"}],"about":[{"href":"https:\/\/sp1.kielce.eu\/index.php\/wp-json\/wp\/v2\/types\/post"}],"author":[{"embeddable":true,"href":"https:\/\/sp1.kielce.eu\/index.php\/wp-json\/wp\/v2\/users\/13"}],"replies":[{"embeddable":true,"href":"https:\/\/sp1.kielce.eu\/index.php\/wp-json\/wp\/v2\/comments?post=18898"}],"version-history":[{"count":2,"href":"https:\/\/sp1.kielce.eu\/index.php\/wp-json\/wp\/v2\/posts\/18898\/revisions"}],"predecessor-version":[{"id":18904,"href":"https:\/\/sp1.kielce.eu\/index.php\/wp-json\/wp\/v2\/posts\/18898\/revisions\/18904"}],"wp:featuredmedia":[{"embeddable":true,"href":"https:\/\/sp1.kielce.eu\/index.php\/wp-json\/wp\/v2\/media\/18902"}],"wp:attachment":[{"href":"https:\/\/sp1.kielce.eu\/index.php\/wp-json\/wp\/v2\/media?parent=18898"}],"wp:term":[{"taxonomy":"category","embeddable":true,"href":"https:\/\/sp1.kielce.eu\/index.php\/wp-json\/wp\/v2\/categories?post=18898"},{"taxonomy":"post_tag","embeddable":true,"href":"https:\/\/sp1.kielce.eu\/index.php\/wp-json\/wp\/v2\/tags?post=18898"}],"curies":[{"name":"wp","href":"https:\/\/api.w.org\/{rel}","templated":true}]}}