{"id":18844,"date":"2021-10-09T21:10:53","date_gmt":"2021-10-09T19:10:53","guid":{"rendered":"http:\/\/sp1.kielce.eu\/?p=18844"},"modified":"2021-10-09T21:10:53","modified_gmt":"2021-10-09T19:10:53","slug":"dzien-papieski-2","status":"publish","type":"post","link":"https:\/\/sp1.kielce.eu\/index.php\/2021\/10\/09\/dzien-papieski-2\/","title":{"rendered":"Dzie\u0144 Papieski"},"content":{"rendered":"\n<p>Dzie\u0144 Papie\u017ca Jana Paw\u0142a&nbsp;II obchodzony w&nbsp;naszym kraju oraz r\u00f3wnolegle prze\u017cywany w&nbsp;Ko\u015bciele Dzie\u0144 Papieski to wyj\u0105tkowy czas, w&nbsp;kt\u00f3rym z&nbsp;mi\u0142o\u015bci\u0105 i&nbsp;wdzi\u0119czno\u015bci\u0105 wspominamy osob\u0119 Jana Paw\u0142a&nbsp;II.<\/p>\n\n\n\n<p>Ka\u017cdy Dzie\u0144 Papieski maj\u0105 sw\u00f3j wyj\u0105tkowy charakter i&nbsp;duchowe przes\u0142anie. W&nbsp;tym roku prze\u017cywamy go pod has\u0142em \u201eNie l\u0119kajcie si\u0119!\u201d. Organizatorzy przygotowuj\u0105 specjaln\u0105 opraw\u0119 liturgiczn\u0105 Mszy \u015awi\u0119tych, wolontariusze zbieraj\u0105 fundusze na stypendia dla uzdolnionej ubogiej m\u0142odzie\u017cy, odbywaj\u0105 si\u0119 koncerty, wystawy i&nbsp;przedstawienia.<\/p>\n\n\n\n<p>Tak\u017ce nasza szko\u0142a w\u0142\u0105czy\u0142a si\u0119 w\u00a0to niezwyk\u0142e \u015bwi\u0119towanie. Uczniowie klasy 4a pod kierunkiem katechetki s.\u00a0Faustyny Czajkowskiej oraz ch\u00f3r szkolny pod kierunkiem p.\u00a0Emilii Orkisz przygotowali program artystyczny, kt\u00f3ry mo\u017cemy obejrze\u0107 na YouTube.<\/p>\n\n\n\n<p class=\"has-text-align-right\"><em>Emilia Orkisz<br>s. Faustyna Czajkowska<br>ks. Konrad Walerczak<br>ks. Dariusz W\u0119grzyn<\/em><\/p>\n\n\n\n<figure class=\"wp-block-embed aligncenter is-type-video is-provider-youtube wp-block-embed-youtube wp-embed-aspect-16-9 wp-has-aspect-ratio\"><div class=\"wp-block-embed__wrapper\">\n<iframe loading=\"lazy\" title=\"Uczniowie SP nr 1 w Kielcach dla \u015bw. Jana Paw\u0142a II\" width=\"1160\" height=\"653\" src=\"https:\/\/www.youtube.com\/embed\/epWH-ycML28?feature=oembed\" frameborder=\"0\" allow=\"accelerometer; autoplay; clipboard-write; encrypted-media; gyroscope; picture-in-picture\" allowfullscreen><\/iframe>\n<\/div><\/figure>\n","protected":false},"excerpt":{"rendered":"<p>Dzie\u0144 Papie\u017ca Jana Paw\u0142a&nbsp;II obchodzony w&nbsp;naszym kraju oraz r\u00f3wnolegle prze\u017cywany w&nbsp;Ko\u015bciele Dzie\u0144 Papieski to wyj\u0105tkowy [&hellip;]<\/p>\n","protected":false},"author":13,"featured_media":18845,"comment_status":"closed","ping_status":"open","sticky":false,"template":"","format":"standard","meta":{"footnotes":""},"categories":[36],"tags":[],"class_list":["post-18844","post","type-post","status-publish","format-standard","has-post-thumbnail","hentry","category-wydarzenia"],"_links":{"self":[{"href":"https:\/\/sp1.kielce.eu\/index.php\/wp-json\/wp\/v2\/posts\/18844","targetHints":{"allow":["GET"]}}],"collection":[{"href":"https:\/\/sp1.kielce.eu\/index.php\/wp-json\/wp\/v2\/posts"}],"about":[{"href":"https:\/\/sp1.kielce.eu\/index.php\/wp-json\/wp\/v2\/types\/post"}],"author":[{"embeddable":true,"href":"https:\/\/sp1.kielce.eu\/index.php\/wp-json\/wp\/v2\/users\/13"}],"replies":[{"embeddable":true,"href":"https:\/\/sp1.kielce.eu\/index.php\/wp-json\/wp\/v2\/comments?post=18844"}],"version-history":[{"count":1,"href":"https:\/\/sp1.kielce.eu\/index.php\/wp-json\/wp\/v2\/posts\/18844\/revisions"}],"predecessor-version":[{"id":18846,"href":"https:\/\/sp1.kielce.eu\/index.php\/wp-json\/wp\/v2\/posts\/18844\/revisions\/18846"}],"wp:featuredmedia":[{"embeddable":true,"href":"https:\/\/sp1.kielce.eu\/index.php\/wp-json\/wp\/v2\/media\/18845"}],"wp:attachment":[{"href":"https:\/\/sp1.kielce.eu\/index.php\/wp-json\/wp\/v2\/media?parent=18844"}],"wp:term":[{"taxonomy":"category","embeddable":true,"href":"https:\/\/sp1.kielce.eu\/index.php\/wp-json\/wp\/v2\/categories?post=18844"},{"taxonomy":"post_tag","embeddable":true,"href":"https:\/\/sp1.kielce.eu\/index.php\/wp-json\/wp\/v2\/tags?post=18844"}],"curies":[{"name":"wp","href":"https:\/\/api.w.org\/{rel}","templated":true}]}}