{"id":18838,"date":"2021-09-06T14:57:00","date_gmt":"2021-09-06T12:57:00","guid":{"rendered":"http:\/\/sp1.kielce.eu\/?p=18838"},"modified":"2026-01-14T11:49:34","modified_gmt":"2026-01-14T10:49:34","slug":"harmonogram-zebran-i-konsultacji-z-rodzicami-w-roku-szkolnym","status":"publish","type":"post","link":"https:\/\/sp1.kielce.eu\/index.php\/2021\/09\/06\/harmonogram-zebran-i-konsultacji-z-rodzicami-w-roku-szkolnym\/","title":{"rendered":"Harmonogram zebra\u0144 i konsultacji z rodzicami w roku szkolnym 2025\/2026"},"content":{"rendered":"\n<p><strong>ZEBRANIA<\/strong><br>16.30 \u2013 17.30 \u2013 klasy I -IV<br>17.30 \u2013 18.30 \u2013 klasy V- VIII<\/p>\n\n\n\n<p>17.30 \u2013 18.30 \u2013 pozostali nauczyciele<\/p>\n\n\n\n<p><strong>KONSULTACJE<\/strong><br>17.30 \u2013 18.30 \u2013 wszyscy nauczyciele<\/p>\n\n\n\n<hr class=\"wp-block-separator has-alpha-channel-opacity\"\/>\n\n\n\n<p>02.09.2025 (wtorek) \u2013 zebranie z rodzicami uczni\u00f3w klas I<br>09.09.2025 (wtorek) \u2013 zebranie z rodzicami uczni\u00f3w klas II-III<br>11.09.2025 (czwartek) \u2013 zebranie z rodzicami uczni\u00f3w klas IV -VIII<br>23.10.2025 (czwartek) \u2013 konsultacje z rodzicami uczni\u00f3w: 16.30 \u2013 17.30 \u2013 klasy I &#8211; IV, 17.30 \u2013 18.30 \u2013 klasy V &#8211; VIII<br>11.12.2025 (czwartek) \u2013 konsultacje z rodzicami uczni\u00f3w :16.30 \u2013 17.30 \u2013 klasy I &#8211; IV, 17.30 \u2013 18.30 \u2013 klasy V &#8211; VIII informacje o zagro\u017ceniach<br>05.03.2026 (czwartek) \u2013 zebranie z rodzicami uczni\u00f3w :16.30 \u2013 17.30 \u2013 klasy I &#8211; IV ,17.30 \u2013 18.30 \u2013 klasy V- VIII<br>07.05.2026 (czwartek) \u2013 zebranie z rodzicami z uczni\u00f3w 16.30 \u2013 17.30 \u2013 klasy I &#8211; IV, 17.30 \u2013 18.30 \u2013 klasy V &#8211; VIII\u2013 informacja o zagro\u017ceniach<\/p>\n\n\n\n<hr class=\"wp-block-separator has-alpha-channel-opacity\"\/>\n\n\n\n<p>TERMINY SPOTKA\u0143 Z RAD\u0104 RODZIC\u00d3W<\/p>\n\n\n\n<p><strong>Pozosta\u0142e zebrania zwo\u0142ywane b\u0119d\u0105 w miar\u0119 potrzeb<\/strong><\/p>\n\n\n\n<p><\/p>\n","protected":false},"excerpt":{"rendered":"<p>ZEBRANIA16.30 \u2013 17.30 \u2013 klasy I -IV17.30 \u2013 18.30 \u2013 klasy V- VIII 17.30 \u2013 [&hellip;]<\/p>\n","protected":false},"author":4,"featured_media":0,"comment_status":"closed","ping_status":"open","sticky":false,"template":"","format":"standard","meta":{"footnotes":""},"categories":[1],"tags":[],"class_list":["post-18838","post","type-post","status-publish","format-standard","hentry","category-bez-kategorii"],"_links":{"self":[{"href":"https:\/\/sp1.kielce.eu\/index.php\/wp-json\/wp\/v2\/posts\/18838","targetHints":{"allow":["GET"]}}],"collection":[{"href":"https:\/\/sp1.kielce.eu\/index.php\/wp-json\/wp\/v2\/posts"}],"about":[{"href":"https:\/\/sp1.kielce.eu\/index.php\/wp-json\/wp\/v2\/types\/post"}],"author":[{"embeddable":true,"href":"https:\/\/sp1.kielce.eu\/index.php\/wp-json\/wp\/v2\/users\/4"}],"replies":[{"embeddable":true,"href":"https:\/\/sp1.kielce.eu\/index.php\/wp-json\/wp\/v2\/comments?post=18838"}],"version-history":[{"count":15,"href":"https:\/\/sp1.kielce.eu\/index.php\/wp-json\/wp\/v2\/posts\/18838\/revisions"}],"predecessor-version":[{"id":40895,"href":"https:\/\/sp1.kielce.eu\/index.php\/wp-json\/wp\/v2\/posts\/18838\/revisions\/40895"}],"wp:attachment":[{"href":"https:\/\/sp1.kielce.eu\/index.php\/wp-json\/wp\/v2\/media?parent=18838"}],"wp:term":[{"taxonomy":"category","embeddable":true,"href":"https:\/\/sp1.kielce.eu\/index.php\/wp-json\/wp\/v2\/categories?post=18838"},{"taxonomy":"post_tag","embeddable":true,"href":"https:\/\/sp1.kielce.eu\/index.php\/wp-json\/wp\/v2\/tags?post=18838"}],"curies":[{"name":"wp","href":"https:\/\/api.w.org\/{rel}","templated":true}]}}