{"id":18757,"date":"2021-10-04T09:32:24","date_gmt":"2021-10-04T07:32:24","guid":{"rendered":"http:\/\/sp1.kielce.eu\/?p=18757"},"modified":"2021-10-04T09:32:24","modified_gmt":"2021-10-04T07:32:24","slug":"dzien-jezykow-obcych-w-sp-nr-1","status":"publish","type":"post","link":"https:\/\/sp1.kielce.eu\/index.php\/2021\/10\/04\/dzien-jezykow-obcych-w-sp-nr-1\/","title":{"rendered":"Dzie\u0144 J\u0119zyk\u00f3w Obcych w SP nr 1"},"content":{"rendered":"\n<p>Z okazji <strong>Dnia J\u0119zyk\u00f3w Obcych <\/strong>29.09.2021 w naszej szkole odby\u0142 si\u0119 Quiz(Kahoot) z wiedzy na temat j\u0119zyk\u00f3w dla klas VI, VII i VIII.<\/p>\n\n\n\n<p>W kategorii klas VI &nbsp;wygra\u0142a klasa <strong>VIb<\/strong>, &nbsp;kategorii klas VII wygra\u0142a klasa <strong>VIIa<\/strong>, w kategorii klas VIII wygra\u0142a klasa <strong>VIIIa.<\/strong><\/p>\n\n\n\n<p><strong>Serdecznie gratulujemy wygranych i dzi\u0119kujemy wszystkim uczniom za udzia\u0142 w Quizie. <\/strong><strong>?<\/strong><strong><\/strong><\/p>\n\n\n\n<p class=\"has-text-align-right\"><em>Nauczyciele j\u0119zyka angielskiego<\/em><\/p>\n\n\n\n<p><\/p>\n\n\n\n<p><\/p>\n\n\n\n<p><\/p>\n\n\n\n<p>A teraz dla Was troch\u0119 wiedzy na temat j\u0119zyk\u00f3w.Czy wiecie, \u017ce\u2026?<\/p>\n\n\n\n<ul class=\"wp-block-list\"><li>Na \u015bwiecie jest dzi\u015b mi\u0119dzy 6000 a 7000 j\u0119zyk\u00f3w; u\u017cywa ich 7 miliard\u00f3w ludzi, zamieszka\u0142ych na terenie 189 pa\u0144stw.<\/li><\/ul>\n\n\n\n<p>W samej Europie funkcjonuje oko\u0142o 225 rodzimych&nbsp; j\u0119zyk\u00f3w, co stanowi mniej wi\u0119cej 3% liczby wszystkich j\u0119zyk\u00f3w \u015bwiata.<\/p>\n\n\n\n<ul class=\"wp-block-list\"><li>Najwi\u0119cej ze wszystkich j\u0119zyk\u00f3w \u015bwiata funkcjonuje na terenie Azji i Afryki.<\/li><li>Conajmniej po\u0142owa \u015bwiatowej populacji jest dwu- lub wieloj\u0119zyczna.\u00a0<\/li><li>W codziennym \u017cyciu Europejczycy coraz cz\u0119\u015bciej maj\u0105 do czynienia\u00a0 z j\u0119zykami obcymi. Istnieje zatem potrzeba wzbudzenia w\u015br\u00f3d obywateli Europy wi\u0119kszego zainteresowania j\u0119zykami obcymi.<\/li><li>Zakres s\u0142ownictwa wielu j\u0119zyk\u00f3w obejmuje 50\u00a0000 lub wi\u0119cej s\u0142\u00f3w, lecz poszczeg\u00f3lni u\u017cytkownicy\u00a0 j\u0119zyk\u00f3w zazwyczaj znaj\u0105 i wykorzystuj\u0105 ledwie u\u0142amek ca\u0142kowitego zasobu s\u0142\u00f3w \u2013 w codziennych rozmowach ludzie ca\u0142y czas stosuj\u0105 te same kilkaset s\u0142\u00f3w.<\/li><li>J\u0119zyki pozostaj\u0105 ze sob\u0105 w nieustaj\u0105cej interakcji, wp\u0142ywaj\u0105c na siebie wzajemnie na wiele sposob\u00f3w: j\u0119zyk angielski czerpa\u0142 niegdy\u015b liczne zapo\u017cyczenia wyraz\u00f3w i sformu\u0142owania z\u00a0 innych j\u0119zyk\u00f3w, dzisiaj za\u015b j\u0119zyki europejskie zapo\u017cyczaj\u0105\u00a0\u00a0 wiele s\u0142\u00f3w z j\u0119zyka angielskiego.<\/li><li>W pierwszym roku \u017cycia dziecko wydaje szerok\u0105 gam\u0119 d\u017awi\u0119k\u00f3w: w ko\u0144cu pierwszego roku \u017cycia pojawiaj\u0105 si\u0119 pierwsze zrozumia\u0142e s\u0142owa;\u00a0 w wieku trzech lat dziecko formu\u0142uje zdania z\u0142o\u017cone, a w wieku lat pi\u0119ciu dysponuje ju\u017c zasobem kilku tysi\u0119cy s\u0142\u00f3w.<\/li><li>J\u0119zyk ojczysty to zazwyczaj j\u0119zyk, kt\u00f3ry znamy\u00a0 najlepiej i najcz\u0119\u015bciej z niego korzystamy. . Istniej\u0105 jednak osoby \u201edoskonale dwuj\u0119zyczne\u201d, kt\u00f3re potrafi\u0105 pos\u0142ugiwa\u0107 si\u0119 r\u00f3wnie biegle dwoma j\u0119zykami.\u00a0 Zazwyczaj jednak osoby dwuj\u0119zyczne nie wykazuj\u0105 si\u0119 idealn\u0105 bieg\u0142o\u015bci\u0105 w obu j\u0119zykach.<\/li><li>Wieloj\u0119zyczno\u015b\u0107 niesie\u00a0 liczne korzy\u015bci: u\u0142atwia uczenie si\u0119 kolejnych j\u0119zyk\u00f3w, wp\u0142ywa pozytywnie na proces my\u015blenia i sprzyja kontaktom z innymi lud\u017ami i kulturami.<\/li><li>Dwuj\u0119zyczno\u015b\u0107 oraz wieloj\u0119zyczno\u015b\u0107 nios\u0105 za sob\u0105 tak\u017ce pewne korzy\u015bci natury ekonomicznej: osobom m\u00f3wi\u0105cym w kilku j\u0119zykach \u0142atwiej jest znale\u017a\u0107 prac\u0119, za\u015b przedsi\u0119biorstwa wieloj\u0119zyczne s\u0105 bardziej konkurencyjne\u00a0 ni\u017c przedsi\u0119biorstwa monoj\u0119zyczne.<\/li><li>J\u0119zyki s\u0105 ze sob\u0105 powi\u0105zane w taki sam spos\u00f3b, jak powi\u0105zani s\u0105 cz\u0142onkowie rodziny. Wi\u0119kszo\u015b\u0107 j\u0119zyk\u00f3w europejskich nale\u017cy do wielkiej rodziny indoeuropejskiej.<\/li><li>Wi\u0119kszo\u015b\u0107 j\u0119zyk\u00f3w Europy podzieli\u0107 mo\u017cna na trzy rodziny: j\u0119zyki germa\u0144skie, roma\u0144skie i s\u0142owia\u0144skie.<\/li><li>Rodzina j\u0119zyk\u00f3w germa\u0144skich obejmuje mi\u0119dzy innymi j\u0119zyki du\u0144ski, norweski, szwedzki, islandzki, niemiecki, niderlandzki, angielski i jidysz.<\/li><li>Rodzina j\u0119zyk\u00f3w roma\u0144skich obejmuje mi\u0119dzy innymi j\u0119zyk w\u0142oski, francuski, hiszpa\u0144ski, portugalski i rumu\u0144ski.<\/li><li>Rodzina j\u0119zyk\u00f3w s\u0142owia\u0144skich obejmuje mi\u0119dzy innymi j\u0119zyk rosyjski, ukrai\u0144ski, bia\u0142oruski, polski, czeski, s\u0142owacki, s\u0142owe\u0144ski, serbski, chorwacki, macedo\u0144ski i bu\u0142garski.<\/li><li>Wi\u0119kszo\u015b\u0107 j\u0119zyk\u00f3w europejskich opiera si\u0119 na alfabecie \u0142aci\u0144skim. Niekt\u00f3re j\u0119zyki s\u0142owia\u0144skie opieraj\u0105 si\u0119 na cyrylicy. Grecki, jidysz, ormia\u0144ski i gruzi\u0144ski posiadaj\u0105 w\u0142asny alfabet.<\/li><li>W wi\u0119kszo\u015bci kraj\u00f3w Europy istnieje kilka j\u0119zyk\u00f3w regionalnych czy j\u0119zyk\u00f3w mniejszo\u015bci \u2013 niekt\u00f3re z nich zyska\u0142y nawet status oficjalny.<\/li><li>J\u0119zyki pozaeuropejskie cz\u0119sto u\u017cywane\u00a0 na terytorium Europy to arabski, chi\u0144ski oraz hindi; ka\u017cdy z nich dysponuje w\u0142asnym systemem zapisu s\u0142\u00f3w.<\/li><li>Rosja (148 milion\u00f3w mieszka\u0144c\u00f3w) mo\u017ce poszczyci\u0107 si\u0119 najwi\u0119ksz\u0105 liczb\u0105 u\u017cywanych na jej terytorium j\u0119zyk\u00f3w: w zale\u017cno\u015bci od zastosowanych kryteri\u00f3w jest ich od 130 do 200.<\/li><li>W skutek nap\u0142ywu imigrant\u00f3w oraz uchod\u017ac\u00f3w Europa staje si\u0119 coraz bardziej wieloj\u0119zyczna.\u00a0 W samym tylko Londynie m\u00f3wi si\u0119 w\u00a0 oko\u0142o 300 j\u0119zykach (arabski, turecki, kurdyjski, j\u0119zyki berberyjskie, hindi, pend\u017cabski itd.).<\/li><\/ul>\n\n\n\n<hr class=\"wp-block-separator\" \/>\n\n\n\n<figure class=\"wp-block-gallery columns-3 is-cropped wp-block-gallery-1 is-layout-flex wp-block-gallery-is-layout-flex\"><ul class=\"blocks-gallery-grid\"><li class=\"blocks-gallery-item\"><figure><a href=\"http:\/\/sp1.kielce.eu\/wp-content\/uploads\/2021\/10\/zdj3-Medium.jpeg\"><img loading=\"lazy\" decoding=\"async\" width=\"1024\" height=\"768\" src=\"http:\/\/sp1.kielce.eu\/wp-content\/uploads\/2021\/10\/zdj3-Medium.jpeg\" alt=\"\" data-id=\"18758\" data-full-url=\"http:\/\/sp1.kielce.eu\/wp-content\/uploads\/2021\/10\/zdj3-Medium.jpeg\" data-link=\"http:\/\/sp1.kielce.eu\/?attachment_id=18758\" class=\"wp-image-18758\" srcset=\"https:\/\/sp1.kielce.eu\/wp-content\/uploads\/2021\/10\/zdj3-Medium.jpeg 1024w, https:\/\/sp1.kielce.eu\/wp-content\/uploads\/2021\/10\/zdj3-Medium-300x225.jpeg 300w, https:\/\/sp1.kielce.eu\/wp-content\/uploads\/2021\/10\/zdj3-Medium-768x576.jpeg 768w, https:\/\/sp1.kielce.eu\/wp-content\/uploads\/2021\/10\/zdj3-Medium-820x615.jpeg 820w\" sizes=\"auto, (max-width: 1024px) 100vw, 1024px\" \/><\/a><\/figure><\/li><li class=\"blocks-gallery-item\"><figure><a href=\"http:\/\/sp1.kielce.eu\/wp-content\/uploads\/2021\/10\/zdj1-Medium.jpeg\"><img loading=\"lazy\" decoding=\"async\" width=\"1024\" height=\"768\" src=\"http:\/\/sp1.kielce.eu\/wp-content\/uploads\/2021\/10\/zdj1-Medium.jpeg\" alt=\"\" data-id=\"18759\" data-full-url=\"http:\/\/sp1.kielce.eu\/wp-content\/uploads\/2021\/10\/zdj1-Medium.jpeg\" data-link=\"http:\/\/sp1.kielce.eu\/?attachment_id=18759\" class=\"wp-image-18759\" srcset=\"https:\/\/sp1.kielce.eu\/wp-content\/uploads\/2021\/10\/zdj1-Medium.jpeg 1024w, https:\/\/sp1.kielce.eu\/wp-content\/uploads\/2021\/10\/zdj1-Medium-300x225.jpeg 300w, https:\/\/sp1.kielce.eu\/wp-content\/uploads\/2021\/10\/zdj1-Medium-768x576.jpeg 768w, https:\/\/sp1.kielce.eu\/wp-content\/uploads\/2021\/10\/zdj1-Medium-820x615.jpeg 820w\" sizes=\"auto, (max-width: 1024px) 100vw, 1024px\" \/><\/a><\/figure><\/li><li class=\"blocks-gallery-item\"><figure><a href=\"http:\/\/sp1.kielce.eu\/wp-content\/uploads\/2021\/10\/zdj2-Medium.jpeg\"><img loading=\"lazy\" decoding=\"async\" width=\"1024\" height=\"768\" src=\"http:\/\/sp1.kielce.eu\/wp-content\/uploads\/2021\/10\/zdj2-Medium.jpeg\" alt=\"\" data-id=\"18760\" data-full-url=\"http:\/\/sp1.kielce.eu\/wp-content\/uploads\/2021\/10\/zdj2-Medium.jpeg\" data-link=\"http:\/\/sp1.kielce.eu\/?attachment_id=18760\" class=\"wp-image-18760\" srcset=\"https:\/\/sp1.kielce.eu\/wp-content\/uploads\/2021\/10\/zdj2-Medium.jpeg 1024w, https:\/\/sp1.kielce.eu\/wp-content\/uploads\/2021\/10\/zdj2-Medium-300x225.jpeg 300w, https:\/\/sp1.kielce.eu\/wp-content\/uploads\/2021\/10\/zdj2-Medium-768x576.jpeg 768w, https:\/\/sp1.kielce.eu\/wp-content\/uploads\/2021\/10\/zdj2-Medium-820x615.jpeg 820w\" sizes=\"auto, (max-width: 1024px) 100vw, 1024px\" \/><\/a><\/figure><\/li><li class=\"blocks-gallery-item\"><figure><a href=\"http:\/\/sp1.kielce.eu\/wp-content\/uploads\/2021\/10\/zdj4-Medium.jpeg\"><img loading=\"lazy\" decoding=\"async\" width=\"1024\" height=\"768\" src=\"http:\/\/sp1.kielce.eu\/wp-content\/uploads\/2021\/10\/zdj4-Medium.jpeg\" alt=\"\" data-id=\"18761\" data-full-url=\"http:\/\/sp1.kielce.eu\/wp-content\/uploads\/2021\/10\/zdj4-Medium.jpeg\" data-link=\"http:\/\/sp1.kielce.eu\/?attachment_id=18761\" class=\"wp-image-18761\" srcset=\"https:\/\/sp1.kielce.eu\/wp-content\/uploads\/2021\/10\/zdj4-Medium.jpeg 1024w, https:\/\/sp1.kielce.eu\/wp-content\/uploads\/2021\/10\/zdj4-Medium-300x225.jpeg 300w, https:\/\/sp1.kielce.eu\/wp-content\/uploads\/2021\/10\/zdj4-Medium-768x576.jpeg 768w, https:\/\/sp1.kielce.eu\/wp-content\/uploads\/2021\/10\/zdj4-Medium-820x615.jpeg 820w\" sizes=\"auto, (max-width: 1024px) 100vw, 1024px\" \/><\/a><\/figure><\/li><\/ul><\/figure>\n","protected":false},"excerpt":{"rendered":"<p>Z okazji Dnia J\u0119zyk\u00f3w Obcych 29.09.2021 w naszej szkole odby\u0142 si\u0119 Quiz(Kahoot) z wiedzy na [&hellip;]<\/p>\n","protected":false},"author":5,"featured_media":18761,"comment_status":"closed","ping_status":"open","sticky":false,"template":"","format":"standard","meta":{"footnotes":""},"categories":[36],"tags":[],"class_list":["post-18757","post","type-post","status-publish","format-standard","has-post-thumbnail","hentry","category-wydarzenia"],"_links":{"self":[{"href":"https:\/\/sp1.kielce.eu\/index.php\/wp-json\/wp\/v2\/posts\/18757","targetHints":{"allow":["GET"]}}],"collection":[{"href":"https:\/\/sp1.kielce.eu\/index.php\/wp-json\/wp\/v2\/posts"}],"about":[{"href":"https:\/\/sp1.kielce.eu\/index.php\/wp-json\/wp\/v2\/types\/post"}],"author":[{"embeddable":true,"href":"https:\/\/sp1.kielce.eu\/index.php\/wp-json\/wp\/v2\/users\/5"}],"replies":[{"embeddable":true,"href":"https:\/\/sp1.kielce.eu\/index.php\/wp-json\/wp\/v2\/comments?post=18757"}],"version-history":[{"count":1,"href":"https:\/\/sp1.kielce.eu\/index.php\/wp-json\/wp\/v2\/posts\/18757\/revisions"}],"predecessor-version":[{"id":18762,"href":"https:\/\/sp1.kielce.eu\/index.php\/wp-json\/wp\/v2\/posts\/18757\/revisions\/18762"}],"wp:featuredmedia":[{"embeddable":true,"href":"https:\/\/sp1.kielce.eu\/index.php\/wp-json\/wp\/v2\/media\/18761"}],"wp:attachment":[{"href":"https:\/\/sp1.kielce.eu\/index.php\/wp-json\/wp\/v2\/media?parent=18757"}],"wp:term":[{"taxonomy":"category","embeddable":true,"href":"https:\/\/sp1.kielce.eu\/index.php\/wp-json\/wp\/v2\/categories?post=18757"},{"taxonomy":"post_tag","embeddable":true,"href":"https:\/\/sp1.kielce.eu\/index.php\/wp-json\/wp\/v2\/tags?post=18757"}],"curies":[{"name":"wp","href":"https:\/\/api.w.org\/{rel}","templated":true}]}}