{"id":1864,"date":"2017-05-09T23:44:12","date_gmt":"2017-05-09T21:44:12","guid":{"rendered":"http:\/\/sp1.kielce.eu\/?p=1864"},"modified":"2017-05-11T22:18:37","modified_gmt":"2017-05-11T20:18:37","slug":"konkurs-ekologiczno-informatyczny","status":"publish","type":"post","link":"https:\/\/sp1.kielce.eu\/index.php\/2017\/05\/09\/konkurs-ekologiczno-informatyczny\/","title":{"rendered":"I miejsce w Konkursie Ekologiczno &#8211; Informatycznym"},"content":{"rendered":"<p>09 maja 2017r. w SP nr 5 odby\u0142 si\u0119 fina\u0142 XV Mi\u0119dzyszkolnego Konkursu Ekologiczno &#8211; Informatycznego pod has\u0142em &#8222;G\u00f3ry \u015awi\u0119tokrzyskie naszym domem&#8221;. \u00a0Do ww. fina\u0142u zakwalifikowa\u0142o si\u0119 siedmioro uczni\u00f3w, w tym dwie uczennice z naszej szko\u0142y: Katarzyna Ko\u0142kiewicz\u00a0i Agata Borycka (VIc).\u00a0Z powodu choroby Agata nie mog\u0142a\u00a0wzi\u0105\u0107 w\u00a0finale. Po rozegraniu\u00a0II etapu i zsumowaniu punkt\u00f3w, <strong>I miejsce zdoby\u0142a Katarzyna Ko\u0142kiewicz<\/strong> (opiekunowie: Krystyna Banasik i Dariusz St\u0119pie\u0144).<\/p>\n<p style=\"text-align: right;\">Dariusz St\u0119pie\u0144<\/p>\n<div id='gallery-1' class='gallery galleryid-1864 gallery-columns-3 gallery-size-thumbnail'><figure class='gallery-item'>\n\t\t\t<div class='gallery-icon landscape'>\n\t\t\t\t<a href='https:\/\/sp1.kielce.eu\/wp-content\/uploads\/2017\/05\/ekoinf1.jpg'><img loading=\"lazy\" decoding=\"async\" width=\"150\" height=\"150\" src=\"https:\/\/sp1.kielce.eu\/wp-content\/uploads\/2017\/05\/ekoinf1-150x150.jpg\" class=\"attachment-thumbnail size-thumbnail\" alt=\"konkurs ekologiczno - informatyczny\" aria-describedby=\"gallery-1-1869\" \/><\/a>\n\t\t\t<\/div>\n\t\t\t\t<figcaption class='wp-caption-text gallery-caption' id='gallery-1-1869'>\n\t\t\t\twr\u0119czenie nagr\u00f3d\n\t\t\t\t<\/figcaption><\/figure><figure class='gallery-item'>\n\t\t\t<div class='gallery-icon landscape'>\n\t\t\t\t<a href='https:\/\/sp1.kielce.eu\/wp-content\/uploads\/2017\/05\/ekoinf2.jpg'><img loading=\"lazy\" decoding=\"async\" width=\"150\" height=\"150\" src=\"https:\/\/sp1.kielce.eu\/wp-content\/uploads\/2017\/05\/ekoinf2-150x150.jpg\" class=\"attachment-thumbnail size-thumbnail\" alt=\"konkurs ekologiczno - informatyczny\" aria-describedby=\"gallery-1-1870\" \/><\/a>\n\t\t\t<\/div>\n\t\t\t\t<figcaption class='wp-caption-text gallery-caption' id='gallery-1-1870'>\n\t\t\t\tKatarzyna Ko\u0142kiewicz\n\t\t\t\t<\/figcaption><\/figure><figure class='gallery-item'>\n\t\t\t<div class='gallery-icon landscape'>\n\t\t\t\t<a href='https:\/\/sp1.kielce.eu\/wp-content\/uploads\/2017\/05\/ekoinf3.jpg'><img loading=\"lazy\" decoding=\"async\" width=\"150\" height=\"150\" src=\"https:\/\/sp1.kielce.eu\/wp-content\/uploads\/2017\/05\/ekoinf3-150x150.jpg\" class=\"attachment-thumbnail size-thumbnail\" alt=\"konkurs ekologiczno - informatyczny\" aria-describedby=\"gallery-1-1865\" \/><\/a>\n\t\t\t<\/div>\n\t\t\t\t<figcaption class='wp-caption-text gallery-caption' id='gallery-1-1865'>\n\t\t\t\tpraca fina\u0142owa Katarzyny Ko\u0142kiewicz\n\t\t\t\t<\/figcaption><\/figure><figure class='gallery-item'>\n\t\t\t<div class='gallery-icon portrait'>\n\t\t\t\t<a href='https:\/\/sp1.kielce.eu\/wp-content\/uploads\/2017\/05\/ekoinf4-e1494366556528.jpg'><img loading=\"lazy\" decoding=\"async\" width=\"150\" height=\"150\" src=\"https:\/\/sp1.kielce.eu\/wp-content\/uploads\/2017\/05\/ekoinf4-150x150.jpg\" class=\"attachment-thumbnail size-thumbnail\" alt=\"Katarzyna Ko\u0142kiewicz\" aria-describedby=\"gallery-1-1866\" \/><\/a>\n\t\t\t<\/div>\n\t\t\t\t<figcaption class='wp-caption-text gallery-caption' id='gallery-1-1866'>\n\t\t\t\tdyplom\n\t\t\t\t<\/figcaption><\/figure><figure class='gallery-item'>\n\t\t\t<div class='gallery-icon landscape'>\n\t\t\t\t<a href='https:\/\/sp1.kielce.eu\/wp-content\/uploads\/2017\/05\/ekoinf5.jpg'><img loading=\"lazy\" decoding=\"async\" width=\"150\" height=\"150\" src=\"https:\/\/sp1.kielce.eu\/wp-content\/uploads\/2017\/05\/ekoinf5-150x150.jpg\" class=\"attachment-thumbnail size-thumbnail\" alt=\"Dariusz St\u0119pie\u0144\" aria-describedby=\"gallery-1-1867\" \/><\/a>\n\t\t\t<\/div>\n\t\t\t\t<figcaption class='wp-caption-text gallery-caption' id='gallery-1-1867'>\n\t\t\t\ttabela\n\t\t\t\t<\/figcaption><\/figure><figure class='gallery-item'>\n\t\t\t<div class='gallery-icon landscape'>\n\t\t\t\t<a href='https:\/\/sp1.kielce.eu\/wp-content\/uploads\/2017\/05\/ekoinf6.jpg'><img loading=\"lazy\" decoding=\"async\" width=\"150\" height=\"150\" src=\"https:\/\/sp1.kielce.eu\/wp-content\/uploads\/2017\/05\/ekoinf6-150x150.jpg\" class=\"attachment-thumbnail size-thumbnail\" alt=\"Krystyna Banasik\" aria-describedby=\"gallery-1-1868\" \/><\/a>\n\t\t\t<\/div>\n\t\t\t\t<figcaption class='wp-caption-text gallery-caption' id='gallery-1-1868'>\n\t\t\t\ttort jubileuszowy\n\t\t\t\t<\/figcaption><\/figure>\n\t\t<\/div>\n\n","protected":false},"excerpt":{"rendered":"<p>09 maja 2017r. w SP nr 5 odby\u0142 si\u0119 fina\u0142 XV Mi\u0119dzyszkolnego Konkursu Ekologiczno &#8211; [&hellip;]<\/p>\n","protected":false},"author":4,"featured_media":1869,"comment_status":"closed","ping_status":"open","sticky":false,"template":"","format":"standard","meta":{"footnotes":""},"categories":[21],"tags":[85,96,56,95],"class_list":["post-1864","post","type-post","status-publish","format-standard","has-post-thumbnail","hentry","category-konkursy","tag-dariusz-stepien","tag-katarzyna-kolkiewicz","tag-konkursy-miedzyszkolne","tag-krystyna-banasik"],"_links":{"self":[{"href":"https:\/\/sp1.kielce.eu\/index.php\/wp-json\/wp\/v2\/posts\/1864","targetHints":{"allow":["GET"]}}],"collection":[{"href":"https:\/\/sp1.kielce.eu\/index.php\/wp-json\/wp\/v2\/posts"}],"about":[{"href":"https:\/\/sp1.kielce.eu\/index.php\/wp-json\/wp\/v2\/types\/post"}],"author":[{"embeddable":true,"href":"https:\/\/sp1.kielce.eu\/index.php\/wp-json\/wp\/v2\/users\/4"}],"replies":[{"embeddable":true,"href":"https:\/\/sp1.kielce.eu\/index.php\/wp-json\/wp\/v2\/comments?post=1864"}],"version-history":[{"count":6,"href":"https:\/\/sp1.kielce.eu\/index.php\/wp-json\/wp\/v2\/posts\/1864\/revisions"}],"predecessor-version":[{"id":1876,"href":"https:\/\/sp1.kielce.eu\/index.php\/wp-json\/wp\/v2\/posts\/1864\/revisions\/1876"}],"wp:featuredmedia":[{"embeddable":true,"href":"https:\/\/sp1.kielce.eu\/index.php\/wp-json\/wp\/v2\/media\/1869"}],"wp:attachment":[{"href":"https:\/\/sp1.kielce.eu\/index.php\/wp-json\/wp\/v2\/media?parent=1864"}],"wp:term":[{"taxonomy":"category","embeddable":true,"href":"https:\/\/sp1.kielce.eu\/index.php\/wp-json\/wp\/v2\/categories?post=1864"},{"taxonomy":"post_tag","embeddable":true,"href":"https:\/\/sp1.kielce.eu\/index.php\/wp-json\/wp\/v2\/tags?post=1864"}],"curies":[{"name":"wp","href":"https:\/\/api.w.org\/{rel}","templated":true}]}}