{"id":18527,"date":"2021-09-27T08:27:56","date_gmt":"2021-09-27T06:27:56","guid":{"rendered":"http:\/\/sp1.kielce.eu\/?p=18527"},"modified":"2021-09-27T08:27:56","modified_gmt":"2021-09-27T06:27:56","slug":"laureaci-v-ogolnopolskiego-festiwalu-piesni-i-piosenki-patriotycznej-kielce2021","status":"publish","type":"post","link":"https:\/\/sp1.kielce.eu\/index.php\/2021\/09\/27\/laureaci-v-ogolnopolskiego-festiwalu-piesni-i-piosenki-patriotycznej-kielce2021\/","title":{"rendered":"Laureaci V Og\u00f3lnopolskiego Festiwalu Pie\u015bni i Piosenki Patriotycznej Kielce\u20192021"},"content":{"rendered":"\n<p>Dnia 25 IX 2021r. odby\u0142 si\u0119 fina\u0142 V Jubileuszowego Og\u00f3lnopolskiego Festiwalu Pie\u015bni i Piosenki Patriotycznej Kielce\u2019 2021<\/p>\n\n\n\n<p>Patronat honorowy nad festiwalem obj\u0105\u0142 Prezydent Miasta Kielce &#8211; Pan Bogdan Wenta<br>Organizatorem Festiwalu by\u0142 M\u0142odzie\u017cowy Dom Kultury w Kielcach ul. Kozia 10a, Stowarzyszenie Wspierania Dzieci&nbsp; &nbsp; &nbsp; i M\u0142odzie\u017cy Uzdolnionej w Kielcach ul. Kozia 10a, a tak\u017ce Dom \u015arodowisk Tw\u00f3rczych w Kielcach ul. Zamkowa 5 . Patronat Medialny Echo Dnia \u2013 Gazeta codzienna, Radio E M, ITV Kielce<\/p>\n\n\n\n<p>Ten presti\u017cowy festiwal skierowany by\u0142 do uczni\u00f3w szk\u00f3\u0142 podstawowych, ponadpodstawowych ,a tak\u017ce do os\u00f3b doros\u0142ych z ca\u0142ej Polski oraz zespo\u0142\u00f3w kameralnych. Dwoje spo\u015br\u00f3d spo\u0142eczno\u015bci uczniowskiej naszej szko\u0142y:\u00a0<strong>Miko\u0142aj \u015amigielski ucz. kl. III a i Karolina Gola ucz. kl. V b<\/strong>\u00a0zostali zakwalifikowani do fina\u0142owego wyst\u0119pu i zaj\u0119li wyr\u00f3\u017cnienia za pi\u0119kn\u0105 interpretacj\u0119 piosenek i \u015bwietny wyst\u0119p. Miko\u0142aj zaprezentowa\u0142 si\u0119 w pie\u015bni ,,Przy piechocie fajnie jest&#8230;&#8221;, a Karolina wzruszaj\u0105co za\u015bpiewa\u0142a piosenk\u0119 ,,Gdzie s\u0105 ch\u0142opcy z tamtych lat?&#8221;<br>Nagrody i wyr\u00f3\u017cnienia oraz dyplomy wr\u0119czyli laureatom znawcy piosenki zasiadaj\u0105cy w Jury oraz wiceprezydent miasta Kielce- Pan Marcin Ch\u0142odnicki.\u00a0 Uroczysty fina\u0142 odby\u0142 si\u0119 na urokliwym dziedzi\u0144cu Domu \u015arodowisk Tw\u00f3rczych w Pa\u0142acyku Zieli\u0144skich w Kielcach. Wszyscy m\u0142odzi arty\u015bci otrzymali gromkie brawa. Takie wydarzenia, jak\u00a0 zako\u0144czony festiwal &#8211; nie tylko wspieraj\u0105 najzdolniejszych wokalnie uczestnik\u00f3w, ale piel\u0119gnuj\u0105 pami\u0119\u0107 o wydarzeniach, kt\u00f3re zmieni\u0142y losy naszej Ojczyzny!Serdecznie gratulujemy\u00a0 laureatom z naszej Jedynki!Zapraszamy uczni\u00f3w ju\u017c za rok do licznego udzia\u0142u w tej wspania\u0142ej muzycznej imprezie z patriotycznym przes\u0142aniem.\u00a0\u00a0 \u00a0 \u00a0 \u00a0 \u00a0 \u00a0 \u00a0 \u00a0 \u00a0 \u00a0 \u00a0 \u00a0 \u00a0 \u00a0 \u00a0 \u00a0 \u00a0 \u00a0 \u00a0 \u00a0 \u00a0 \u00a0 \u00a0 \u00a0 \u00a0 \u00a0 \u00a0 \u00a0 \u00a0 \u00a0 \u00a0 \u00a0 \u00a0 \u00a0 \u00a0 \u00a0 \u00a0 \u00a0 \u00a0 \u00a0 \u00a0 <\/p>\n\n\n\n<p class=\"has-text-align-right\">\u00a0 \u00a0El\u017cbieta Litwinek\u00a0 \u00a0 \u00a0 \u00a0 \u00a0 \u00a0 \u00a0 \u00a0 \u00a0 \u00a0 \u00a0 \u00a0 \u00a0 \u00a0 \u00a0 \u00a0 \u00a0 \u00a0 \u00a0 \u00a0 \u00a0 \u00a0 \u00a0 \u00a0 \u00a0 \u00a0 \u00a0 \u00a0 \u00a0 \u00a0 \u00a0 \u00a0 \u00a0 \u00a0 \u00a0 \u00a0 \u00a0 \u00a0 \u00a0 \u00a0 \u00a0 \u00a0 \u00a0Anna Borowska<\/p>\n\n\n\n<figure class=\"wp-block-gallery columns-3 is-cropped wp-block-gallery-1 is-layout-flex wp-block-gallery-is-layout-flex\"><ul class=\"blocks-gallery-grid\"><li class=\"blocks-gallery-item\"><figure><a href=\"http:\/\/sp1.kielce.eu\/wp-content\/uploads\/2021\/09\/IMG_20210926_213016.jpg\"><img loading=\"lazy\" decoding=\"async\" width=\"320\" height=\"640\" src=\"http:\/\/sp1.kielce.eu\/wp-content\/uploads\/2021\/09\/IMG_20210926_213016.jpg\" alt=\"\" data-id=\"18528\" data-full-url=\"http:\/\/sp1.kielce.eu\/wp-content\/uploads\/2021\/09\/IMG_20210926_213016.jpg\" data-link=\"http:\/\/sp1.kielce.eu\/?attachment_id=18528\" class=\"wp-image-18528\" srcset=\"https:\/\/sp1.kielce.eu\/wp-content\/uploads\/2021\/09\/IMG_20210926_213016.jpg 320w, https:\/\/sp1.kielce.eu\/wp-content\/uploads\/2021\/09\/IMG_20210926_213016-150x300.jpg 150w\" sizes=\"auto, (max-width: 320px) 100vw, 320px\" \/><\/a><\/figure><\/li><li class=\"blocks-gallery-item\"><figure><a href=\"http:\/\/sp1.kielce.eu\/wp-content\/uploads\/2021\/09\/IMG_20210926_213022.jpg\"><img loading=\"lazy\" decoding=\"async\" width=\"640\" height=\"320\" src=\"http:\/\/sp1.kielce.eu\/wp-content\/uploads\/2021\/09\/IMG_20210926_213022.jpg\" alt=\"\" data-id=\"18529\" data-full-url=\"http:\/\/sp1.kielce.eu\/wp-content\/uploads\/2021\/09\/IMG_20210926_213022.jpg\" data-link=\"http:\/\/sp1.kielce.eu\/?attachment_id=18529\" class=\"wp-image-18529\" srcset=\"https:\/\/sp1.kielce.eu\/wp-content\/uploads\/2021\/09\/IMG_20210926_213022.jpg 640w, https:\/\/sp1.kielce.eu\/wp-content\/uploads\/2021\/09\/IMG_20210926_213022-300x150.jpg 300w\" sizes=\"auto, (max-width: 640px) 100vw, 640px\" \/><\/a><\/figure><\/li><li class=\"blocks-gallery-item\"><figure><a href=\"http:\/\/sp1.kielce.eu\/wp-content\/uploads\/2021\/09\/IMG_20210926_213026.jpg\"><img loading=\"lazy\" decoding=\"async\" width=\"320\" height=\"640\" src=\"http:\/\/sp1.kielce.eu\/wp-content\/uploads\/2021\/09\/IMG_20210926_213026.jpg\" alt=\"\" data-id=\"18530\" data-full-url=\"http:\/\/sp1.kielce.eu\/wp-content\/uploads\/2021\/09\/IMG_20210926_213026.jpg\" data-link=\"http:\/\/sp1.kielce.eu\/?attachment_id=18530\" class=\"wp-image-18530\" srcset=\"https:\/\/sp1.kielce.eu\/wp-content\/uploads\/2021\/09\/IMG_20210926_213026.jpg 320w, https:\/\/sp1.kielce.eu\/wp-content\/uploads\/2021\/09\/IMG_20210926_213026-150x300.jpg 150w\" sizes=\"auto, (max-width: 320px) 100vw, 320px\" \/><\/a><\/figure><\/li><li class=\"blocks-gallery-item\"><figure><a href=\"http:\/\/sp1.kielce.eu\/wp-content\/uploads\/2021\/09\/IMG_20210926_213030.jpg\"><img loading=\"lazy\" decoding=\"async\" width=\"320\" height=\"640\" src=\"http:\/\/sp1.kielce.eu\/wp-content\/uploads\/2021\/09\/IMG_20210926_213030.jpg\" alt=\"\" data-id=\"18531\" data-full-url=\"http:\/\/sp1.kielce.eu\/wp-content\/uploads\/2021\/09\/IMG_20210926_213030.jpg\" data-link=\"http:\/\/sp1.kielce.eu\/?attachment_id=18531\" class=\"wp-image-18531\" srcset=\"https:\/\/sp1.kielce.eu\/wp-content\/uploads\/2021\/09\/IMG_20210926_213030.jpg 320w, https:\/\/sp1.kielce.eu\/wp-content\/uploads\/2021\/09\/IMG_20210926_213030-150x300.jpg 150w\" sizes=\"auto, (max-width: 320px) 100vw, 320px\" \/><\/a><\/figure><\/li><li class=\"blocks-gallery-item\"><figure><a href=\"http:\/\/sp1.kielce.eu\/wp-content\/uploads\/2021\/09\/IMG_20210926_213213.jpg\"><img loading=\"lazy\" decoding=\"async\" width=\"640\" height=\"320\" src=\"http:\/\/sp1.kielce.eu\/wp-content\/uploads\/2021\/09\/IMG_20210926_213213.jpg\" alt=\"\" data-id=\"18532\" data-full-url=\"http:\/\/sp1.kielce.eu\/wp-content\/uploads\/2021\/09\/IMG_20210926_213213.jpg\" data-link=\"http:\/\/sp1.kielce.eu\/?attachment_id=18532\" class=\"wp-image-18532\" srcset=\"https:\/\/sp1.kielce.eu\/wp-content\/uploads\/2021\/09\/IMG_20210926_213213.jpg 640w, https:\/\/sp1.kielce.eu\/wp-content\/uploads\/2021\/09\/IMG_20210926_213213-300x150.jpg 300w\" sizes=\"auto, (max-width: 640px) 100vw, 640px\" \/><\/a><\/figure><\/li><\/ul><\/figure>\n","protected":false},"excerpt":{"rendered":"<p>Dnia 25 IX 2021r. odby\u0142 si\u0119 fina\u0142 V Jubileuszowego Og\u00f3lnopolskiego Festiwalu Pie\u015bni i Piosenki Patriotycznej [&hellip;]<\/p>\n","protected":false},"author":5,"featured_media":18533,"comment_status":"closed","ping_status":"open","sticky":false,"template":"","format":"standard","meta":{"footnotes":""},"categories":[36,10,21],"tags":[],"class_list":["post-18527","post","type-post","status-publish","format-standard","has-post-thumbnail","hentry","category-wydarzenia","category-konkursy-przedmiotowe","category-konkursy"],"_links":{"self":[{"href":"https:\/\/sp1.kielce.eu\/index.php\/wp-json\/wp\/v2\/posts\/18527","targetHints":{"allow":["GET"]}}],"collection":[{"href":"https:\/\/sp1.kielce.eu\/index.php\/wp-json\/wp\/v2\/posts"}],"about":[{"href":"https:\/\/sp1.kielce.eu\/index.php\/wp-json\/wp\/v2\/types\/post"}],"author":[{"embeddable":true,"href":"https:\/\/sp1.kielce.eu\/index.php\/wp-json\/wp\/v2\/users\/5"}],"replies":[{"embeddable":true,"href":"https:\/\/sp1.kielce.eu\/index.php\/wp-json\/wp\/v2\/comments?post=18527"}],"version-history":[{"count":1,"href":"https:\/\/sp1.kielce.eu\/index.php\/wp-json\/wp\/v2\/posts\/18527\/revisions"}],"predecessor-version":[{"id":18534,"href":"https:\/\/sp1.kielce.eu\/index.php\/wp-json\/wp\/v2\/posts\/18527\/revisions\/18534"}],"wp:featuredmedia":[{"embeddable":true,"href":"https:\/\/sp1.kielce.eu\/index.php\/wp-json\/wp\/v2\/media\/18533"}],"wp:attachment":[{"href":"https:\/\/sp1.kielce.eu\/index.php\/wp-json\/wp\/v2\/media?parent=18527"}],"wp:term":[{"taxonomy":"category","embeddable":true,"href":"https:\/\/sp1.kielce.eu\/index.php\/wp-json\/wp\/v2\/categories?post=18527"},{"taxonomy":"post_tag","embeddable":true,"href":"https:\/\/sp1.kielce.eu\/index.php\/wp-json\/wp\/v2\/tags?post=18527"}],"curies":[{"name":"wp","href":"https:\/\/api.w.org\/{rel}","templated":true}]}}