{"id":18405,"date":"2021-09-24T08:30:30","date_gmt":"2021-09-24T06:30:30","guid":{"rendered":"http:\/\/sp1.kielce.eu\/?p=18405"},"modified":"2021-09-24T08:30:30","modified_gmt":"2021-09-24T06:30:30","slug":"olimpiada-matematyczna-juniorow-2","status":"publish","type":"post","link":"https:\/\/sp1.kielce.eu\/index.php\/2021\/09\/24\/olimpiada-matematyczna-juniorow-2\/","title":{"rendered":"Olimpiada Matematyczna Junior\u00f3w"},"content":{"rendered":"\n<p>23 wrze\u015bnia uczniowie \u00f3smych klas wzi\u0119li udzia\u0142 w Matematycznej Olimpiadzie Junior\u00f3w.<br>Uczestnicy \u201e\u0142amali g\u0142owy\u201d, rozwi\u0105zuj\u0105c trudne zadania matematyczne.<\/p>\n\n\n\n<p class=\"has-text-align-right\">Koordynatorki Olimpiady<\/p>\n\n\n\n<p class=\"has-text-align-right\">Urszula Sodel i Anna Mazur<\/p>\n\n\n\n<figure class=\"wp-block-gallery columns-3 is-cropped wp-block-gallery-1 is-layout-flex wp-block-gallery-is-layout-flex\"><ul class=\"blocks-gallery-grid\"><li class=\"blocks-gallery-item\"><figure><a href=\"http:\/\/sp1.kielce.eu\/wp-content\/uploads\/2021\/09\/20210923_085345-Medium.jpg\"><img loading=\"lazy\" decoding=\"async\" width=\"768\" height=\"899\" src=\"http:\/\/sp1.kielce.eu\/wp-content\/uploads\/2021\/09\/20210923_085345-Medium.jpg\" alt=\"\" data-id=\"18406\" data-full-url=\"http:\/\/sp1.kielce.eu\/wp-content\/uploads\/2021\/09\/20210923_085345-Medium.jpg\" data-link=\"http:\/\/sp1.kielce.eu\/?attachment_id=18406\" class=\"wp-image-18406\" srcset=\"https:\/\/sp1.kielce.eu\/wp-content\/uploads\/2021\/09\/20210923_085345-Medium.jpg 768w, https:\/\/sp1.kielce.eu\/wp-content\/uploads\/2021\/09\/20210923_085345-Medium-256x300.jpg 256w\" sizes=\"auto, (max-width: 768px) 100vw, 768px\" \/><\/a><\/figure><\/li><li class=\"blocks-gallery-item\"><figure><a href=\"http:\/\/sp1.kielce.eu\/wp-content\/uploads\/2021\/09\/20210923_085358-Medium.jpg\"><img loading=\"lazy\" decoding=\"async\" width=\"768\" height=\"798\" src=\"http:\/\/sp1.kielce.eu\/wp-content\/uploads\/2021\/09\/20210923_085358-Medium.jpg\" alt=\"\" data-id=\"18407\" data-full-url=\"http:\/\/sp1.kielce.eu\/wp-content\/uploads\/2021\/09\/20210923_085358-Medium.jpg\" data-link=\"http:\/\/sp1.kielce.eu\/?attachment_id=18407\" class=\"wp-image-18407\" srcset=\"https:\/\/sp1.kielce.eu\/wp-content\/uploads\/2021\/09\/20210923_085358-Medium.jpg 768w, https:\/\/sp1.kielce.eu\/wp-content\/uploads\/2021\/09\/20210923_085358-Medium-289x300.jpg 289w\" sizes=\"auto, (max-width: 768px) 100vw, 768px\" \/><\/a><\/figure><\/li><li class=\"blocks-gallery-item\"><figure><a href=\"http:\/\/sp1.kielce.eu\/wp-content\/uploads\/2021\/09\/20210923_085417-Medium.jpg\"><img loading=\"lazy\" decoding=\"async\" width=\"768\" height=\"883\" src=\"http:\/\/sp1.kielce.eu\/wp-content\/uploads\/2021\/09\/20210923_085417-Medium.jpg\" alt=\"\" data-id=\"18408\" data-full-url=\"http:\/\/sp1.kielce.eu\/wp-content\/uploads\/2021\/09\/20210923_085417-Medium.jpg\" data-link=\"http:\/\/sp1.kielce.eu\/?attachment_id=18408\" class=\"wp-image-18408\" srcset=\"https:\/\/sp1.kielce.eu\/wp-content\/uploads\/2021\/09\/20210923_085417-Medium.jpg 768w, https:\/\/sp1.kielce.eu\/wp-content\/uploads\/2021\/09\/20210923_085417-Medium-261x300.jpg 261w\" sizes=\"auto, (max-width: 768px) 100vw, 768px\" \/><\/a><\/figure><\/li><\/ul><\/figure>\n","protected":false},"excerpt":{"rendered":"<p>23 wrze\u015bnia uczniowie \u00f3smych klas wzi\u0119li udzia\u0142 w Matematycznej Olimpiadzie Junior\u00f3w.Uczestnicy \u201e\u0142amali g\u0142owy\u201d, rozwi\u0105zuj\u0105c trudne [&hellip;]<\/p>\n","protected":false},"author":5,"featured_media":18408,"comment_status":"closed","ping_status":"open","sticky":false,"template":"","format":"standard","meta":{"footnotes":""},"categories":[36],"tags":[],"class_list":["post-18405","post","type-post","status-publish","format-standard","has-post-thumbnail","hentry","category-wydarzenia"],"_links":{"self":[{"href":"https:\/\/sp1.kielce.eu\/index.php\/wp-json\/wp\/v2\/posts\/18405","targetHints":{"allow":["GET"]}}],"collection":[{"href":"https:\/\/sp1.kielce.eu\/index.php\/wp-json\/wp\/v2\/posts"}],"about":[{"href":"https:\/\/sp1.kielce.eu\/index.php\/wp-json\/wp\/v2\/types\/post"}],"author":[{"embeddable":true,"href":"https:\/\/sp1.kielce.eu\/index.php\/wp-json\/wp\/v2\/users\/5"}],"replies":[{"embeddable":true,"href":"https:\/\/sp1.kielce.eu\/index.php\/wp-json\/wp\/v2\/comments?post=18405"}],"version-history":[{"count":1,"href":"https:\/\/sp1.kielce.eu\/index.php\/wp-json\/wp\/v2\/posts\/18405\/revisions"}],"predecessor-version":[{"id":18409,"href":"https:\/\/sp1.kielce.eu\/index.php\/wp-json\/wp\/v2\/posts\/18405\/revisions\/18409"}],"wp:featuredmedia":[{"embeddable":true,"href":"https:\/\/sp1.kielce.eu\/index.php\/wp-json\/wp\/v2\/media\/18408"}],"wp:attachment":[{"href":"https:\/\/sp1.kielce.eu\/index.php\/wp-json\/wp\/v2\/media?parent=18405"}],"wp:term":[{"taxonomy":"category","embeddable":true,"href":"https:\/\/sp1.kielce.eu\/index.php\/wp-json\/wp\/v2\/categories?post=18405"},{"taxonomy":"post_tag","embeddable":true,"href":"https:\/\/sp1.kielce.eu\/index.php\/wp-json\/wp\/v2\/tags?post=18405"}],"curies":[{"name":"wp","href":"https:\/\/api.w.org\/{rel}","templated":true}]}}