{"id":18369,"date":"2021-09-21T23:34:47","date_gmt":"2021-09-21T21:34:47","guid":{"rendered":"http:\/\/sp1.kielce.eu\/?p=18369"},"modified":"2021-09-21T23:34:47","modified_gmt":"2021-09-21T21:34:47","slug":"szanowni-panstwo-2","status":"publish","type":"post","link":"https:\/\/sp1.kielce.eu\/index.php\/2021\/09\/21\/szanowni-panstwo-2\/","title":{"rendered":"Szanowni Pa\u0144stwo!"},"content":{"rendered":"\n<p><strong>15.09 2021r<\/strong>. po wakacyjnej przerwie w&nbsp;<strong>Miejskim Zespole Poradni Psychologiczno-Pedagogicznych w&nbsp;Kielcach ul.&nbsp;Urz\u0119dnicza&nbsp;16<\/strong> rozpocz\u0105\u0142&nbsp; dzia\u0142alno\u015b\u0107 <strong>Punkt&nbsp;Interwencyjno &#8211; Konsultacyjny<\/strong>.<\/p>\n\n\n\n<p>W ka\u017cd\u0105 <strong>\u015brod\u0119<\/strong> w&nbsp;godzinach: <strong>od&nbsp;16.00 do&nbsp;18.00<\/strong> w&nbsp;<strong>gabinecie nr&nbsp;05 (parter<\/strong>), dy\u017curuje specjalista z&nbsp;zakresu interwencji kryzysowej lub psychoterapeuta.<br>Zapraszamy osoby doros\u0142e, rodzic\u00f3w, opiekun\u00f3w a&nbsp;tak\u017ce m\u0142odzie\u017c, dzieci potrzebuj\u0105ce wsparcia, rozmowy, porady.<br>Osoby zainteresowane mog\u0105 skorzysta\u0107 z&nbsp;pomocy bezp\u0142atnie i&nbsp;bez wcze\u015bniejszej rejestracji.<\/p>\n\n\n\n<p>Prac\u0119 Punktu Interwencji Kryzysowej koordynuje mgr\u00a0Dorota S\u0142apek. <\/p>\n\n\n\n<p>Serdecznie zapraszamy.<\/p>\n","protected":false},"excerpt":{"rendered":"<p>15.09 2021r. po wakacyjnej przerwie w&nbsp;Miejskim Zespole Poradni Psychologiczno-Pedagogicznych w&nbsp;Kielcach ul.&nbsp;Urz\u0119dnicza&nbsp;16 rozpocz\u0105\u0142&nbsp; dzia\u0142alno\u015b\u0107 Punkt&nbsp;Interwencyjno &#8211; [&hellip;]<\/p>\n","protected":false},"author":13,"featured_media":18370,"comment_status":"closed","ping_status":"open","sticky":false,"template":"","format":"standard","meta":{"footnotes":""},"categories":[1],"tags":[],"class_list":["post-18369","post","type-post","status-publish","format-standard","has-post-thumbnail","hentry","category-bez-kategorii"],"_links":{"self":[{"href":"https:\/\/sp1.kielce.eu\/index.php\/wp-json\/wp\/v2\/posts\/18369","targetHints":{"allow":["GET"]}}],"collection":[{"href":"https:\/\/sp1.kielce.eu\/index.php\/wp-json\/wp\/v2\/posts"}],"about":[{"href":"https:\/\/sp1.kielce.eu\/index.php\/wp-json\/wp\/v2\/types\/post"}],"author":[{"embeddable":true,"href":"https:\/\/sp1.kielce.eu\/index.php\/wp-json\/wp\/v2\/users\/13"}],"replies":[{"embeddable":true,"href":"https:\/\/sp1.kielce.eu\/index.php\/wp-json\/wp\/v2\/comments?post=18369"}],"version-history":[{"count":1,"href":"https:\/\/sp1.kielce.eu\/index.php\/wp-json\/wp\/v2\/posts\/18369\/revisions"}],"predecessor-version":[{"id":18371,"href":"https:\/\/sp1.kielce.eu\/index.php\/wp-json\/wp\/v2\/posts\/18369\/revisions\/18371"}],"wp:featuredmedia":[{"embeddable":true,"href":"https:\/\/sp1.kielce.eu\/index.php\/wp-json\/wp\/v2\/media\/18370"}],"wp:attachment":[{"href":"https:\/\/sp1.kielce.eu\/index.php\/wp-json\/wp\/v2\/media?parent=18369"}],"wp:term":[{"taxonomy":"category","embeddable":true,"href":"https:\/\/sp1.kielce.eu\/index.php\/wp-json\/wp\/v2\/categories?post=18369"},{"taxonomy":"post_tag","embeddable":true,"href":"https:\/\/sp1.kielce.eu\/index.php\/wp-json\/wp\/v2\/tags?post=18369"}],"curies":[{"name":"wp","href":"https:\/\/api.w.org\/{rel}","templated":true}]}}