{"id":18335,"date":"2021-09-20T21:52:27","date_gmt":"2021-09-20T19:52:27","guid":{"rendered":"http:\/\/sp1.kielce.eu\/?p=18335"},"modified":"2021-09-20T21:52:27","modified_gmt":"2021-09-20T19:52:27","slug":"europejski-dzien-zrownowazonego-transportu","status":"publish","type":"post","link":"https:\/\/sp1.kielce.eu\/index.php\/2021\/09\/20\/europejski-dzien-zrownowazonego-transportu\/","title":{"rendered":"Europejski Dzie\u0144 Zr\u00f3wnowa\u017conego Transportu"},"content":{"rendered":"\n<p>W Ramach Europejskiego Dnia Zr\u00f3wnowa\u017conego Transportu, klasy trzecie rozmawia\u0142y na temat zanieczyszczenia powietrza, segregacji \u015bmieci oraz smogu. Obejrza\u0142y r\u00f3wnie\u017c prezentacj\u0119 pt.: \u201eNie na \u017barty ze SMOGIEM!\u201d, przygotowan\u0105 specjalnie na t\u0105 okazj\u0119 przez Urz\u0105d Miasta Kielce Wydzia\u0142 Gospodarki Komunalnej i&nbsp;\u015arodowiska.<\/p>\n\n\n\n<p class=\"has-text-align-right\">Kinga Kozie\u0142 <br>El\u017cbieta Lis<\/p>\n\n\n\n<figure class=\"wp-block-gallery columns-2 is-cropped wp-block-gallery-1 is-layout-flex wp-block-gallery-is-layout-flex\"><ul class=\"blocks-gallery-grid\"><li class=\"blocks-gallery-item\"><figure><a href=\"http:\/\/sp1.kielce.eu\/wp-content\/uploads\/2021\/09\/20210920_1121281-Copy.jpg\"><img loading=\"lazy\" decoding=\"async\" width=\"1200\" height=\"900\" src=\"http:\/\/sp1.kielce.eu\/wp-content\/uploads\/2021\/09\/20210920_1121281-Copy.jpg\" alt=\"\" data-id=\"18337\" data-full-url=\"http:\/\/sp1.kielce.eu\/wp-content\/uploads\/2021\/09\/20210920_1121281-Copy.jpg\" data-link=\"http:\/\/sp1.kielce.eu\/?attachment_id=18337\" class=\"wp-image-18337\" srcset=\"https:\/\/sp1.kielce.eu\/wp-content\/uploads\/2021\/09\/20210920_1121281-Copy.jpg 1200w, https:\/\/sp1.kielce.eu\/wp-content\/uploads\/2021\/09\/20210920_1121281-Copy-300x225.jpg 300w, https:\/\/sp1.kielce.eu\/wp-content\/uploads\/2021\/09\/20210920_1121281-Copy-768x576.jpg 768w, https:\/\/sp1.kielce.eu\/wp-content\/uploads\/2021\/09\/20210920_1121281-Copy-820x615.jpg 820w\" sizes=\"auto, (max-width: 1200px) 100vw, 1200px\" \/><\/a><\/figure><\/li><li class=\"blocks-gallery-item\"><figure><a href=\"http:\/\/sp1.kielce.eu\/wp-content\/uploads\/2021\/09\/Resized_20210920_1001111-Copy.jpeg\"><img loading=\"lazy\" decoding=\"async\" width=\"675\" height=\"900\" src=\"http:\/\/sp1.kielce.eu\/wp-content\/uploads\/2021\/09\/Resized_20210920_1001111-Copy.jpeg\" alt=\"\" data-id=\"18338\" data-full-url=\"http:\/\/sp1.kielce.eu\/wp-content\/uploads\/2021\/09\/Resized_20210920_1001111-Copy.jpeg\" data-link=\"http:\/\/sp1.kielce.eu\/?attachment_id=18338\" class=\"wp-image-18338\" srcset=\"https:\/\/sp1.kielce.eu\/wp-content\/uploads\/2021\/09\/Resized_20210920_1001111-Copy.jpeg 675w, https:\/\/sp1.kielce.eu\/wp-content\/uploads\/2021\/09\/Resized_20210920_1001111-Copy-225x300.jpeg 225w\" sizes=\"auto, (max-width: 675px) 100vw, 675px\" \/><\/a><\/figure><\/li><\/ul><\/figure>\n","protected":false},"excerpt":{"rendered":"<p>W Ramach Europejskiego Dnia Zr\u00f3wnowa\u017conego Transportu, klasy trzecie rozmawia\u0142y na temat zanieczyszczenia powietrza, segregacji \u015bmieci [&hellip;]<\/p>\n","protected":false},"author":13,"featured_media":18339,"comment_status":"closed","ping_status":"open","sticky":false,"template":"","format":"standard","meta":{"footnotes":""},"categories":[36],"tags":[],"class_list":["post-18335","post","type-post","status-publish","format-standard","has-post-thumbnail","hentry","category-wydarzenia"],"_links":{"self":[{"href":"https:\/\/sp1.kielce.eu\/index.php\/wp-json\/wp\/v2\/posts\/18335","targetHints":{"allow":["GET"]}}],"collection":[{"href":"https:\/\/sp1.kielce.eu\/index.php\/wp-json\/wp\/v2\/posts"}],"about":[{"href":"https:\/\/sp1.kielce.eu\/index.php\/wp-json\/wp\/v2\/types\/post"}],"author":[{"embeddable":true,"href":"https:\/\/sp1.kielce.eu\/index.php\/wp-json\/wp\/v2\/users\/13"}],"replies":[{"embeddable":true,"href":"https:\/\/sp1.kielce.eu\/index.php\/wp-json\/wp\/v2\/comments?post=18335"}],"version-history":[{"count":2,"href":"https:\/\/sp1.kielce.eu\/index.php\/wp-json\/wp\/v2\/posts\/18335\/revisions"}],"predecessor-version":[{"id":18340,"href":"https:\/\/sp1.kielce.eu\/index.php\/wp-json\/wp\/v2\/posts\/18335\/revisions\/18340"}],"wp:featuredmedia":[{"embeddable":true,"href":"https:\/\/sp1.kielce.eu\/index.php\/wp-json\/wp\/v2\/media\/18339"}],"wp:attachment":[{"href":"https:\/\/sp1.kielce.eu\/index.php\/wp-json\/wp\/v2\/media?parent=18335"}],"wp:term":[{"taxonomy":"category","embeddable":true,"href":"https:\/\/sp1.kielce.eu\/index.php\/wp-json\/wp\/v2\/categories?post=18335"},{"taxonomy":"post_tag","embeddable":true,"href":"https:\/\/sp1.kielce.eu\/index.php\/wp-json\/wp\/v2\/tags?post=18335"}],"curies":[{"name":"wp","href":"https:\/\/api.w.org\/{rel}","templated":true}]}}