{"id":18325,"date":"2021-09-20T21:11:46","date_gmt":"2021-09-20T19:11:46","guid":{"rendered":"http:\/\/sp1.kielce.eu\/?p=18325"},"modified":"2021-09-20T21:11:46","modified_gmt":"2021-09-20T19:11:46","slug":"swietokrzyska-olimpiada-dzieci-i-mlodziezy-pierwszaki-kibicuja","status":"publish","type":"post","link":"https:\/\/sp1.kielce.eu\/index.php\/2021\/09\/20\/swietokrzyska-olimpiada-dzieci-i-mlodziezy-pierwszaki-kibicuja\/","title":{"rendered":"\u015awi\u0119tokrzyska Olimpiada Dzieci i M\u0142odzie\u017cy \u2013 pierwszaki kibicuj\u0105"},"content":{"rendered":"\n<p>Dnia 17.09.2021 uczniowie klas: 1a, 1b i\u00a01c wraz z\u00a0wychowawcami: p.\u00a0Mart\u0105 Pawlak, p.\u00a0Mart\u0105 Okopie\u0144 oraz p.\u00a0Andrzejem Pustu\u0142\u0105 udali si\u0119 do Hali MOSiR w\u00a0Kielcach na uroczyste otwarcie I\u00a0\u015awi\u0119tokrzyskiej Olimpiady Dzieci i\u00a0M\u0142odzie\u017cy. Uczniowie mieli bardzo wa\u017cne zadanie, kt\u00f3rym by\u0142o kibicowanie swoim starszym kolegom i\u00a0kole\u017cankom z\u00a0naszej szko\u0142y. Zawodnikami, kt\u00f3rzy reprezentowali SP1 byli uczniowie klasy 2c. Opr\u00f3cz tego, \u017ce pierwszoklasi\u015bci integrowali si\u0119 ze sob\u0105 w\u00a0duchu sportowym, to r\u00f3wnie\u017c dopingowali i\u00a0wspierali naszych zawodnik\u00f3w gromkimi brawami.<\/p>\n\n\n\n<p class=\"has-text-align-right\">Marta Okopie\u0144<br>Marta Pawlak<br>Andrzej Pustu\u0142a<\/p>\n\n\n\n<figure class=\"wp-block-gallery columns-5 is-cropped wp-block-gallery-1 is-layout-flex wp-block-gallery-is-layout-flex\"><ul class=\"blocks-gallery-grid\"><li class=\"blocks-gallery-item\"><figure><a href=\"http:\/\/sp1.kielce.eu\/wp-content\/uploads\/2021\/09\/2-Copy.jpg\"><img loading=\"lazy\" decoding=\"async\" width=\"1200\" height=\"900\" src=\"http:\/\/sp1.kielce.eu\/wp-content\/uploads\/2021\/09\/2-Copy.jpg\" alt=\"\" data-id=\"18326\" data-full-url=\"http:\/\/sp1.kielce.eu\/wp-content\/uploads\/2021\/09\/2-Copy.jpg\" data-link=\"http:\/\/sp1.kielce.eu\/?attachment_id=18326\" class=\"wp-image-18326\" srcset=\"https:\/\/sp1.kielce.eu\/wp-content\/uploads\/2021\/09\/2-Copy.jpg 1200w, https:\/\/sp1.kielce.eu\/wp-content\/uploads\/2021\/09\/2-Copy-300x225.jpg 300w, https:\/\/sp1.kielce.eu\/wp-content\/uploads\/2021\/09\/2-Copy-768x576.jpg 768w, https:\/\/sp1.kielce.eu\/wp-content\/uploads\/2021\/09\/2-Copy-820x615.jpg 820w\" sizes=\"auto, (max-width: 1200px) 100vw, 1200px\" \/><\/a><\/figure><\/li><li class=\"blocks-gallery-item\"><figure><a href=\"http:\/\/sp1.kielce.eu\/wp-content\/uploads\/2021\/09\/20210917_130054-Copy.jpg\"><img loading=\"lazy\" decoding=\"async\" width=\"1200\" height=\"900\" src=\"http:\/\/sp1.kielce.eu\/wp-content\/uploads\/2021\/09\/20210917_130054-Copy.jpg\" alt=\"\" data-id=\"18327\" data-full-url=\"http:\/\/sp1.kielce.eu\/wp-content\/uploads\/2021\/09\/20210917_130054-Copy.jpg\" data-link=\"http:\/\/sp1.kielce.eu\/?attachment_id=18327\" class=\"wp-image-18327\" srcset=\"https:\/\/sp1.kielce.eu\/wp-content\/uploads\/2021\/09\/20210917_130054-Copy.jpg 1200w, https:\/\/sp1.kielce.eu\/wp-content\/uploads\/2021\/09\/20210917_130054-Copy-300x225.jpg 300w, https:\/\/sp1.kielce.eu\/wp-content\/uploads\/2021\/09\/20210917_130054-Copy-768x576.jpg 768w, https:\/\/sp1.kielce.eu\/wp-content\/uploads\/2021\/09\/20210917_130054-Copy-820x615.jpg 820w\" sizes=\"auto, (max-width: 1200px) 100vw, 1200px\" \/><\/a><\/figure><\/li><li class=\"blocks-gallery-item\"><figure><a href=\"http:\/\/sp1.kielce.eu\/wp-content\/uploads\/2021\/09\/20210917_133931-Copy.jpg\"><img loading=\"lazy\" decoding=\"async\" width=\"1200\" height=\"900\" src=\"http:\/\/sp1.kielce.eu\/wp-content\/uploads\/2021\/09\/20210917_133931-Copy.jpg\" alt=\"\" data-id=\"18328\" data-full-url=\"http:\/\/sp1.kielce.eu\/wp-content\/uploads\/2021\/09\/20210917_133931-Copy.jpg\" data-link=\"http:\/\/sp1.kielce.eu\/?attachment_id=18328\" class=\"wp-image-18328\" srcset=\"https:\/\/sp1.kielce.eu\/wp-content\/uploads\/2021\/09\/20210917_133931-Copy.jpg 1200w, https:\/\/sp1.kielce.eu\/wp-content\/uploads\/2021\/09\/20210917_133931-Copy-300x225.jpg 300w, https:\/\/sp1.kielce.eu\/wp-content\/uploads\/2021\/09\/20210917_133931-Copy-768x576.jpg 768w, https:\/\/sp1.kielce.eu\/wp-content\/uploads\/2021\/09\/20210917_133931-Copy-820x615.jpg 820w\" sizes=\"auto, (max-width: 1200px) 100vw, 1200px\" \/><\/a><\/figure><\/li><li class=\"blocks-gallery-item\"><figure><a href=\"http:\/\/sp1.kielce.eu\/wp-content\/uploads\/2021\/09\/IMG_1169-Copy.jpg\"><img loading=\"lazy\" decoding=\"async\" width=\"675\" height=\"900\" src=\"http:\/\/sp1.kielce.eu\/wp-content\/uploads\/2021\/09\/IMG_1169-Copy.jpg\" alt=\"\" data-id=\"18329\" data-full-url=\"http:\/\/sp1.kielce.eu\/wp-content\/uploads\/2021\/09\/IMG_1169-Copy.jpg\" data-link=\"http:\/\/sp1.kielce.eu\/?attachment_id=18329\" class=\"wp-image-18329\" srcset=\"https:\/\/sp1.kielce.eu\/wp-content\/uploads\/2021\/09\/IMG_1169-Copy.jpg 675w, https:\/\/sp1.kielce.eu\/wp-content\/uploads\/2021\/09\/IMG_1169-Copy-225x300.jpg 225w\" sizes=\"auto, (max-width: 675px) 100vw, 675px\" \/><\/a><\/figure><\/li><li class=\"blocks-gallery-item\"><figure><a href=\"http:\/\/sp1.kielce.eu\/wp-content\/uploads\/2021\/09\/IMG_1170-Copy.jpg\"><img loading=\"lazy\" decoding=\"async\" width=\"1200\" height=\"720\" src=\"http:\/\/sp1.kielce.eu\/wp-content\/uploads\/2021\/09\/IMG_1170-Copy.jpg\" alt=\"\" data-id=\"18330\" data-full-url=\"http:\/\/sp1.kielce.eu\/wp-content\/uploads\/2021\/09\/IMG_1170-Copy.jpg\" data-link=\"http:\/\/sp1.kielce.eu\/?attachment_id=18330\" class=\"wp-image-18330\" srcset=\"https:\/\/sp1.kielce.eu\/wp-content\/uploads\/2021\/09\/IMG_1170-Copy.jpg 1200w, https:\/\/sp1.kielce.eu\/wp-content\/uploads\/2021\/09\/IMG_1170-Copy-300x180.jpg 300w, https:\/\/sp1.kielce.eu\/wp-content\/uploads\/2021\/09\/IMG_1170-Copy-768x461.jpg 768w, https:\/\/sp1.kielce.eu\/wp-content\/uploads\/2021\/09\/IMG_1170-Copy-820x492.jpg 820w\" sizes=\"auto, (max-width: 1200px) 100vw, 1200px\" \/><\/a><\/figure><\/li><\/ul><\/figure>\n\n\n\n<p><\/p>\n","protected":false},"excerpt":{"rendered":"<p>Dnia 17.09.2021 uczniowie klas: 1a, 1b i\u00a01c wraz z\u00a0wychowawcami: p.\u00a0Mart\u0105 Pawlak, p.\u00a0Mart\u0105 Okopie\u0144 oraz p.\u00a0Andrzejem [&hellip;]<\/p>\n","protected":false},"author":13,"featured_media":18331,"comment_status":"closed","ping_status":"open","sticky":false,"template":"","format":"standard","meta":{"footnotes":""},"categories":[36],"tags":[],"class_list":["post-18325","post","type-post","status-publish","format-standard","has-post-thumbnail","hentry","category-wydarzenia"],"_links":{"self":[{"href":"https:\/\/sp1.kielce.eu\/index.php\/wp-json\/wp\/v2\/posts\/18325","targetHints":{"allow":["GET"]}}],"collection":[{"href":"https:\/\/sp1.kielce.eu\/index.php\/wp-json\/wp\/v2\/posts"}],"about":[{"href":"https:\/\/sp1.kielce.eu\/index.php\/wp-json\/wp\/v2\/types\/post"}],"author":[{"embeddable":true,"href":"https:\/\/sp1.kielce.eu\/index.php\/wp-json\/wp\/v2\/users\/13"}],"replies":[{"embeddable":true,"href":"https:\/\/sp1.kielce.eu\/index.php\/wp-json\/wp\/v2\/comments?post=18325"}],"version-history":[{"count":3,"href":"https:\/\/sp1.kielce.eu\/index.php\/wp-json\/wp\/v2\/posts\/18325\/revisions"}],"predecessor-version":[{"id":18334,"href":"https:\/\/sp1.kielce.eu\/index.php\/wp-json\/wp\/v2\/posts\/18325\/revisions\/18334"}],"wp:featuredmedia":[{"embeddable":true,"href":"https:\/\/sp1.kielce.eu\/index.php\/wp-json\/wp\/v2\/media\/18331"}],"wp:attachment":[{"href":"https:\/\/sp1.kielce.eu\/index.php\/wp-json\/wp\/v2\/media?parent=18325"}],"wp:term":[{"taxonomy":"category","embeddable":true,"href":"https:\/\/sp1.kielce.eu\/index.php\/wp-json\/wp\/v2\/categories?post=18325"},{"taxonomy":"post_tag","embeddable":true,"href":"https:\/\/sp1.kielce.eu\/index.php\/wp-json\/wp\/v2\/tags?post=18325"}],"curies":[{"name":"wp","href":"https:\/\/api.w.org\/{rel}","templated":true}]}}