{"id":18236,"date":"2021-09-15T08:39:01","date_gmt":"2021-09-15T06:39:01","guid":{"rendered":"http:\/\/sp1.kielce.eu\/?p=18236"},"modified":"2021-09-15T08:39:01","modified_gmt":"2021-09-15T06:39:01","slug":"wyjscie-integracyjne-kl-4a","status":"publish","type":"post","link":"https:\/\/sp1.kielce.eu\/index.php\/2021\/09\/15\/wyjscie-integracyjne-kl-4a\/","title":{"rendered":"Wyj\u015bcie integracyjne kl. 4a"},"content":{"rendered":"\n<p>W dn. 14.09 Klasa 4a w ramach godziny wychowawczej wysz\u0142a na wyj\u015bcie integracyjne do Parku im. Adolfa Dygasi\u0144skiego w Kielcach. Korzystaj\u0105c z pi\u0119knej pogody dokonali\u015bmy wyboru Samorz\u0105du Klasowego i poznali\u015bmy zasady BHP obowi\u0105zuj\u0105ce podczas wyj\u015b\u0107 szkolnych. Znale\u017ali\u015bmy r\u00f3wnie\u017c chwilk\u0119 na gry i zabawy integracyjno &#8211; ruchowe.<\/p>\n\n\n\n<p class=\"has-text-align-right\">wychowawca kl. 4a<\/p>\n\n\n\n<p class=\"has-text-align-right\">Piotr Surma<\/p>\n\n\n\n<figure class=\"wp-block-gallery columns-3 is-cropped wp-block-gallery-1 is-layout-flex wp-block-gallery-is-layout-flex\"><ul class=\"blocks-gallery-grid\"><li class=\"blocks-gallery-item\"><figure><a href=\"http:\/\/sp1.kielce.eu\/wp-content\/uploads\/2021\/09\/IMG_1861-Medium.jpg\"><img loading=\"lazy\" decoding=\"async\" width=\"1365\" height=\"768\" src=\"http:\/\/sp1.kielce.eu\/wp-content\/uploads\/2021\/09\/IMG_1861-Medium.jpg\" alt=\"\" data-id=\"18237\" data-full-url=\"http:\/\/sp1.kielce.eu\/wp-content\/uploads\/2021\/09\/IMG_1861-Medium.jpg\" data-link=\"http:\/\/sp1.kielce.eu\/?attachment_id=18237\" class=\"wp-image-18237\" srcset=\"https:\/\/sp1.kielce.eu\/wp-content\/uploads\/2021\/09\/IMG_1861-Medium.jpg 1365w, https:\/\/sp1.kielce.eu\/wp-content\/uploads\/2021\/09\/IMG_1861-Medium-300x169.jpg 300w, https:\/\/sp1.kielce.eu\/wp-content\/uploads\/2021\/09\/IMG_1861-Medium-768x432.jpg 768w, https:\/\/sp1.kielce.eu\/wp-content\/uploads\/2021\/09\/IMG_1861-Medium-820x461.jpg 820w\" sizes=\"auto, (max-width: 1365px) 100vw, 1365px\" \/><\/a><\/figure><\/li><li class=\"blocks-gallery-item\"><figure><a href=\"http:\/\/sp1.kielce.eu\/wp-content\/uploads\/2021\/09\/IMG_1862-Medium.jpg\"><img loading=\"lazy\" decoding=\"async\" width=\"1365\" height=\"768\" src=\"http:\/\/sp1.kielce.eu\/wp-content\/uploads\/2021\/09\/IMG_1862-Medium.jpg\" alt=\"\" data-id=\"18238\" data-full-url=\"http:\/\/sp1.kielce.eu\/wp-content\/uploads\/2021\/09\/IMG_1862-Medium.jpg\" data-link=\"http:\/\/sp1.kielce.eu\/?attachment_id=18238\" class=\"wp-image-18238\" srcset=\"https:\/\/sp1.kielce.eu\/wp-content\/uploads\/2021\/09\/IMG_1862-Medium.jpg 1365w, https:\/\/sp1.kielce.eu\/wp-content\/uploads\/2021\/09\/IMG_1862-Medium-300x169.jpg 300w, https:\/\/sp1.kielce.eu\/wp-content\/uploads\/2021\/09\/IMG_1862-Medium-768x432.jpg 768w, https:\/\/sp1.kielce.eu\/wp-content\/uploads\/2021\/09\/IMG_1862-Medium-820x461.jpg 820w\" sizes=\"auto, (max-width: 1365px) 100vw, 1365px\" \/><\/a><\/figure><\/li><li class=\"blocks-gallery-item\"><figure><a href=\"http:\/\/sp1.kielce.eu\/wp-content\/uploads\/2021\/09\/IMG_1863-Medium.jpg\"><img loading=\"lazy\" decoding=\"async\" width=\"1365\" height=\"768\" src=\"http:\/\/sp1.kielce.eu\/wp-content\/uploads\/2021\/09\/IMG_1863-Medium.jpg\" alt=\"\" data-id=\"18239\" data-full-url=\"http:\/\/sp1.kielce.eu\/wp-content\/uploads\/2021\/09\/IMG_1863-Medium.jpg\" data-link=\"http:\/\/sp1.kielce.eu\/?attachment_id=18239\" class=\"wp-image-18239\" srcset=\"https:\/\/sp1.kielce.eu\/wp-content\/uploads\/2021\/09\/IMG_1863-Medium.jpg 1365w, https:\/\/sp1.kielce.eu\/wp-content\/uploads\/2021\/09\/IMG_1863-Medium-300x169.jpg 300w, https:\/\/sp1.kielce.eu\/wp-content\/uploads\/2021\/09\/IMG_1863-Medium-768x432.jpg 768w, https:\/\/sp1.kielce.eu\/wp-content\/uploads\/2021\/09\/IMG_1863-Medium-820x461.jpg 820w\" sizes=\"auto, (max-width: 1365px) 100vw, 1365px\" \/><\/a><\/figure><\/li><li class=\"blocks-gallery-item\"><figure><a href=\"http:\/\/sp1.kielce.eu\/wp-content\/uploads\/2021\/09\/IMG_1864-Medium.jpg\"><img loading=\"lazy\" decoding=\"async\" width=\"1365\" height=\"768\" src=\"http:\/\/sp1.kielce.eu\/wp-content\/uploads\/2021\/09\/IMG_1864-Medium.jpg\" alt=\"\" data-id=\"18240\" data-full-url=\"http:\/\/sp1.kielce.eu\/wp-content\/uploads\/2021\/09\/IMG_1864-Medium.jpg\" data-link=\"http:\/\/sp1.kielce.eu\/?attachment_id=18240\" class=\"wp-image-18240\" srcset=\"https:\/\/sp1.kielce.eu\/wp-content\/uploads\/2021\/09\/IMG_1864-Medium.jpg 1365w, https:\/\/sp1.kielce.eu\/wp-content\/uploads\/2021\/09\/IMG_1864-Medium-300x169.jpg 300w, https:\/\/sp1.kielce.eu\/wp-content\/uploads\/2021\/09\/IMG_1864-Medium-768x432.jpg 768w, https:\/\/sp1.kielce.eu\/wp-content\/uploads\/2021\/09\/IMG_1864-Medium-820x461.jpg 820w\" sizes=\"auto, (max-width: 1365px) 100vw, 1365px\" \/><\/a><\/figure><\/li><li class=\"blocks-gallery-item\"><figure><a href=\"http:\/\/sp1.kielce.eu\/wp-content\/uploads\/2021\/09\/IMG_1865-Medium.jpg\"><img loading=\"lazy\" decoding=\"async\" width=\"1365\" height=\"768\" src=\"http:\/\/sp1.kielce.eu\/wp-content\/uploads\/2021\/09\/IMG_1865-Medium.jpg\" alt=\"\" data-id=\"18241\" data-full-url=\"http:\/\/sp1.kielce.eu\/wp-content\/uploads\/2021\/09\/IMG_1865-Medium.jpg\" data-link=\"http:\/\/sp1.kielce.eu\/?attachment_id=18241\" class=\"wp-image-18241\" srcset=\"https:\/\/sp1.kielce.eu\/wp-content\/uploads\/2021\/09\/IMG_1865-Medium.jpg 1365w, https:\/\/sp1.kielce.eu\/wp-content\/uploads\/2021\/09\/IMG_1865-Medium-300x169.jpg 300w, https:\/\/sp1.kielce.eu\/wp-content\/uploads\/2021\/09\/IMG_1865-Medium-768x432.jpg 768w, https:\/\/sp1.kielce.eu\/wp-content\/uploads\/2021\/09\/IMG_1865-Medium-820x461.jpg 820w\" sizes=\"auto, (max-width: 1365px) 100vw, 1365px\" \/><\/a><\/figure><\/li><\/ul><\/figure>\n","protected":false},"excerpt":{"rendered":"<p>W dn. 14.09 Klasa 4a w ramach godziny wychowawczej wysz\u0142a na wyj\u015bcie integracyjne do Parku [&hellip;]<\/p>\n","protected":false},"author":5,"featured_media":18241,"comment_status":"closed","ping_status":"open","sticky":false,"template":"","format":"standard","meta":{"footnotes":""},"categories":[36],"tags":[],"class_list":["post-18236","post","type-post","status-publish","format-standard","has-post-thumbnail","hentry","category-wydarzenia"],"_links":{"self":[{"href":"https:\/\/sp1.kielce.eu\/index.php\/wp-json\/wp\/v2\/posts\/18236","targetHints":{"allow":["GET"]}}],"collection":[{"href":"https:\/\/sp1.kielce.eu\/index.php\/wp-json\/wp\/v2\/posts"}],"about":[{"href":"https:\/\/sp1.kielce.eu\/index.php\/wp-json\/wp\/v2\/types\/post"}],"author":[{"embeddable":true,"href":"https:\/\/sp1.kielce.eu\/index.php\/wp-json\/wp\/v2\/users\/5"}],"replies":[{"embeddable":true,"href":"https:\/\/sp1.kielce.eu\/index.php\/wp-json\/wp\/v2\/comments?post=18236"}],"version-history":[{"count":1,"href":"https:\/\/sp1.kielce.eu\/index.php\/wp-json\/wp\/v2\/posts\/18236\/revisions"}],"predecessor-version":[{"id":18242,"href":"https:\/\/sp1.kielce.eu\/index.php\/wp-json\/wp\/v2\/posts\/18236\/revisions\/18242"}],"wp:featuredmedia":[{"embeddable":true,"href":"https:\/\/sp1.kielce.eu\/index.php\/wp-json\/wp\/v2\/media\/18241"}],"wp:attachment":[{"href":"https:\/\/sp1.kielce.eu\/index.php\/wp-json\/wp\/v2\/media?parent=18236"}],"wp:term":[{"taxonomy":"category","embeddable":true,"href":"https:\/\/sp1.kielce.eu\/index.php\/wp-json\/wp\/v2\/categories?post=18236"},{"taxonomy":"post_tag","embeddable":true,"href":"https:\/\/sp1.kielce.eu\/index.php\/wp-json\/wp\/v2\/tags?post=18236"}],"curies":[{"name":"wp","href":"https:\/\/api.w.org\/{rel}","templated":true}]}}