{"id":18225,"date":"2021-09-14T22:01:02","date_gmt":"2021-09-14T20:01:02","guid":{"rendered":"http:\/\/sp1.kielce.eu\/?p=18225"},"modified":"2021-09-14T22:01:02","modified_gmt":"2021-09-14T20:01:02","slug":"swietlica-wita-wszystkie-dzieci-w-nowym-roku-szkolnym","status":"publish","type":"post","link":"https:\/\/sp1.kielce.eu\/index.php\/2021\/09\/14\/swietlica-wita-wszystkie-dzieci-w-nowym-roku-szkolnym\/","title":{"rendered":"\u015awietlica wita wszystkie dzieci w nowym roku szkolnym"},"content":{"rendered":"\n<p>Zapraszamy wszystkie ch\u0119tne dzieci do ucz\u0119szczania na \u015bwietlic\u0119 szkol\u0105. Mo\u017cna na niej zawrze\u0107 nowe znajomo\u015bci, sp\u0119dzi\u0107 mi\u0142o czas, odrobi\u0107 lekcje i&nbsp;wzi\u0105\u0107 udzia\u0142 w&nbsp;r\u00f3\u017cnego rodzaju zabawach czy konkursach.<\/p>\n\n\n\n<p class=\"has-text-align-right\">Zaprasza ca\u0142y zesp\u00f3\u0142 \u015bwietlicowy \ud83d\ude42<\/p>\n\n\n\n<figure class=\"wp-block-gallery columns-3 is-cropped wp-block-gallery-1 is-layout-flex wp-block-gallery-is-layout-flex\"><ul class=\"blocks-gallery-grid\"><li class=\"blocks-gallery-item\"><figure><a href=\"http:\/\/sp1.kielce.eu\/wp-content\/uploads\/2021\/09\/20210909_133544-Copy.jpg\"><img loading=\"lazy\" decoding=\"async\" width=\"1200\" height=\"749\" src=\"http:\/\/sp1.kielce.eu\/wp-content\/uploads\/2021\/09\/20210909_133544-Copy.jpg\" alt=\"\" data-id=\"18227\" data-full-url=\"http:\/\/sp1.kielce.eu\/wp-content\/uploads\/2021\/09\/20210909_133544-Copy.jpg\" data-link=\"http:\/\/sp1.kielce.eu\/?attachment_id=18227\" class=\"wp-image-18227\" srcset=\"https:\/\/sp1.kielce.eu\/wp-content\/uploads\/2021\/09\/20210909_133544-Copy.jpg 1200w, https:\/\/sp1.kielce.eu\/wp-content\/uploads\/2021\/09\/20210909_133544-Copy-300x187.jpg 300w, https:\/\/sp1.kielce.eu\/wp-content\/uploads\/2021\/09\/20210909_133544-Copy-768x479.jpg 768w, https:\/\/sp1.kielce.eu\/wp-content\/uploads\/2021\/09\/20210909_133544-Copy-820x512.jpg 820w\" sizes=\"auto, (max-width: 1200px) 100vw, 1200px\" \/><\/a><\/figure><\/li><li class=\"blocks-gallery-item\"><figure><a href=\"http:\/\/sp1.kielce.eu\/wp-content\/uploads\/2021\/09\/20210909_133604-Copy.jpg\"><img loading=\"lazy\" decoding=\"async\" width=\"1200\" height=\"707\" src=\"http:\/\/sp1.kielce.eu\/wp-content\/uploads\/2021\/09\/20210909_133604-Copy.jpg\" alt=\"\" data-id=\"18228\" data-full-url=\"http:\/\/sp1.kielce.eu\/wp-content\/uploads\/2021\/09\/20210909_133604-Copy.jpg\" data-link=\"http:\/\/sp1.kielce.eu\/?attachment_id=18228\" class=\"wp-image-18228\" srcset=\"https:\/\/sp1.kielce.eu\/wp-content\/uploads\/2021\/09\/20210909_133604-Copy.jpg 1200w, https:\/\/sp1.kielce.eu\/wp-content\/uploads\/2021\/09\/20210909_133604-Copy-300x177.jpg 300w, https:\/\/sp1.kielce.eu\/wp-content\/uploads\/2021\/09\/20210909_133604-Copy-768x452.jpg 768w, https:\/\/sp1.kielce.eu\/wp-content\/uploads\/2021\/09\/20210909_133604-Copy-820x483.jpg 820w\" sizes=\"auto, (max-width: 1200px) 100vw, 1200px\" \/><\/a><\/figure><\/li><li class=\"blocks-gallery-item\"><figure><a href=\"http:\/\/sp1.kielce.eu\/wp-content\/uploads\/2021\/09\/20210909_133630-Copy.jpg\"><img loading=\"lazy\" decoding=\"async\" width=\"1200\" height=\"723\" src=\"http:\/\/sp1.kielce.eu\/wp-content\/uploads\/2021\/09\/20210909_133630-Copy.jpg\" alt=\"\" data-id=\"18229\" data-full-url=\"http:\/\/sp1.kielce.eu\/wp-content\/uploads\/2021\/09\/20210909_133630-Copy.jpg\" data-link=\"http:\/\/sp1.kielce.eu\/?attachment_id=18229\" class=\"wp-image-18229\" srcset=\"https:\/\/sp1.kielce.eu\/wp-content\/uploads\/2021\/09\/20210909_133630-Copy.jpg 1200w, https:\/\/sp1.kielce.eu\/wp-content\/uploads\/2021\/09\/20210909_133630-Copy-300x181.jpg 300w, https:\/\/sp1.kielce.eu\/wp-content\/uploads\/2021\/09\/20210909_133630-Copy-768x463.jpg 768w, https:\/\/sp1.kielce.eu\/wp-content\/uploads\/2021\/09\/20210909_133630-Copy-820x494.jpg 820w\" sizes=\"auto, (max-width: 1200px) 100vw, 1200px\" \/><\/a><\/figure><\/li><\/ul><\/figure>\n","protected":false},"excerpt":{"rendered":"<p>Zapraszamy wszystkie ch\u0119tne dzieci do ucz\u0119szczania na \u015bwietlic\u0119 szkol\u0105. Mo\u017cna na niej zawrze\u0107 nowe znajomo\u015bci, [&hellip;]<\/p>\n","protected":false},"author":13,"featured_media":18226,"comment_status":"closed","ping_status":"open","sticky":false,"template":"","format":"standard","meta":{"footnotes":""},"categories":[25],"tags":[],"class_list":["post-18225","post","type-post","status-publish","format-standard","has-post-thumbnail","hentry","category-swietlica"],"_links":{"self":[{"href":"https:\/\/sp1.kielce.eu\/index.php\/wp-json\/wp\/v2\/posts\/18225","targetHints":{"allow":["GET"]}}],"collection":[{"href":"https:\/\/sp1.kielce.eu\/index.php\/wp-json\/wp\/v2\/posts"}],"about":[{"href":"https:\/\/sp1.kielce.eu\/index.php\/wp-json\/wp\/v2\/types\/post"}],"author":[{"embeddable":true,"href":"https:\/\/sp1.kielce.eu\/index.php\/wp-json\/wp\/v2\/users\/13"}],"replies":[{"embeddable":true,"href":"https:\/\/sp1.kielce.eu\/index.php\/wp-json\/wp\/v2\/comments?post=18225"}],"version-history":[{"count":1,"href":"https:\/\/sp1.kielce.eu\/index.php\/wp-json\/wp\/v2\/posts\/18225\/revisions"}],"predecessor-version":[{"id":18230,"href":"https:\/\/sp1.kielce.eu\/index.php\/wp-json\/wp\/v2\/posts\/18225\/revisions\/18230"}],"wp:featuredmedia":[{"embeddable":true,"href":"https:\/\/sp1.kielce.eu\/index.php\/wp-json\/wp\/v2\/media\/18226"}],"wp:attachment":[{"href":"https:\/\/sp1.kielce.eu\/index.php\/wp-json\/wp\/v2\/media?parent=18225"}],"wp:term":[{"taxonomy":"category","embeddable":true,"href":"https:\/\/sp1.kielce.eu\/index.php\/wp-json\/wp\/v2\/categories?post=18225"},{"taxonomy":"post_tag","embeddable":true,"href":"https:\/\/sp1.kielce.eu\/index.php\/wp-json\/wp\/v2\/tags?post=18225"}],"curies":[{"name":"wp","href":"https:\/\/api.w.org\/{rel}","templated":true}]}}