{"id":18198,"date":"2021-09-14T09:17:08","date_gmt":"2021-09-14T07:17:08","guid":{"rendered":"http:\/\/sp1.kielce.eu\/?p=18198"},"modified":"2021-09-14T09:17:08","modified_gmt":"2021-09-14T07:17:08","slug":"wycieczka-integracyjna-klasy-6a-i-6b","status":"publish","type":"post","link":"https:\/\/sp1.kielce.eu\/index.php\/2021\/09\/14\/wycieczka-integracyjna-klasy-6a-i-6b\/","title":{"rendered":"Wycieczka integracyjna klasy 6a i 6b"},"content":{"rendered":"\n<p>8 wrze\u015bnia 2021 roku, w pi\u0119kny, s\u0142oneczny poranek, uczniowie klas 6a i 6b wraz z wychowawcami pani\u0105 Anna Mazur oraz pani\u0105 Krystyna Banasik wybrali si\u0119 na wycieczk\u0119 integracyjn\u0105 nad kielecki zalew. Pogoda wyj\u0105tkowo nam dopisa\u0142a \u2013 b\u0142\u0119kitne niebo, s\u0142o\u0144ce, a wok\u00f3\u0142 pi\u0119kna przyroda. Prawie jak na wakacjach. Uczniowie ch\u0119tnie wykorzystali ten czas na wsp\u00f3ln\u0105 zabaw\u0119, rozmowy i spo\u017cywanie II \u015bniadania. W tle ci\u0105gle by\u0142o s\u0142ycha\u0107 nasz \u015bmiech i ciekawe rozmowy. Jednak czas min\u0105\u0142 niesamowicie szybko i zanim si\u0119 obejrzeli\u015bmy, musieli\u015bmy wraca\u0107 do szko\u0142y. Podczas drogi powrotnej zm\u0119czeni, ale szcz\u0119\u015bliwi, rozmawiali\u015bmy o przyjemnie sp\u0119dzonych chwilach, a u\u015bmiech jeszcze d\u0142ugo nie znika\u0142 z naszych twarzy.<\/p>\n\n\n\n<p class=\"has-text-align-right\">Krystyna Banasik<\/p>\n\n\n\n<p class=\"has-text-align-right\">Anna Mazur<\/p>\n\n\n\n<figure class=\"wp-block-gallery columns-3 is-cropped wp-block-gallery-1 is-layout-flex wp-block-gallery-is-layout-flex\"><ul class=\"blocks-gallery-grid\"><li class=\"blocks-gallery-item\"><figure><a href=\"http:\/\/sp1.kielce.eu\/wp-content\/uploads\/2021\/09\/01-Wycieczka-6a.png\"><img loading=\"lazy\" decoding=\"async\" width=\"852\" height=\"513\" src=\"http:\/\/sp1.kielce.eu\/wp-content\/uploads\/2021\/09\/01-Wycieczka-6a.png\" alt=\"\" data-id=\"18199\" data-full-url=\"http:\/\/sp1.kielce.eu\/wp-content\/uploads\/2021\/09\/01-Wycieczka-6a.png\" data-link=\"http:\/\/sp1.kielce.eu\/?attachment_id=18199\" class=\"wp-image-18199\" srcset=\"https:\/\/sp1.kielce.eu\/wp-content\/uploads\/2021\/09\/01-Wycieczka-6a.png 852w, https:\/\/sp1.kielce.eu\/wp-content\/uploads\/2021\/09\/01-Wycieczka-6a-300x181.png 300w, https:\/\/sp1.kielce.eu\/wp-content\/uploads\/2021\/09\/01-Wycieczka-6a-768x462.png 768w, https:\/\/sp1.kielce.eu\/wp-content\/uploads\/2021\/09\/01-Wycieczka-6a-820x494.png 820w\" sizes=\"auto, (max-width: 852px) 100vw, 852px\" \/><\/a><\/figure><\/li><li class=\"blocks-gallery-item\"><figure><a href=\"http:\/\/sp1.kielce.eu\/wp-content\/uploads\/2021\/09\/02-Wycieczka-6b.png\"><img loading=\"lazy\" decoding=\"async\" width=\"1000\" height=\"523\" src=\"http:\/\/sp1.kielce.eu\/wp-content\/uploads\/2021\/09\/02-Wycieczka-6b.png\" alt=\"\" data-id=\"18200\" data-full-url=\"http:\/\/sp1.kielce.eu\/wp-content\/uploads\/2021\/09\/02-Wycieczka-6b.png\" data-link=\"http:\/\/sp1.kielce.eu\/?attachment_id=18200\" class=\"wp-image-18200\" srcset=\"https:\/\/sp1.kielce.eu\/wp-content\/uploads\/2021\/09\/02-Wycieczka-6b.png 1000w, https:\/\/sp1.kielce.eu\/wp-content\/uploads\/2021\/09\/02-Wycieczka-6b-300x157.png 300w, https:\/\/sp1.kielce.eu\/wp-content\/uploads\/2021\/09\/02-Wycieczka-6b-768x402.png 768w, https:\/\/sp1.kielce.eu\/wp-content\/uploads\/2021\/09\/02-Wycieczka-6b-820x429.png 820w\" sizes=\"auto, (max-width: 1000px) 100vw, 1000px\" \/><\/a><\/figure><\/li><li class=\"blocks-gallery-item\"><figure><a href=\"http:\/\/sp1.kielce.eu\/wp-content\/uploads\/2021\/09\/03-Wycieczka.png\"><img loading=\"lazy\" decoding=\"async\" width=\"1314\" height=\"900\" src=\"http:\/\/sp1.kielce.eu\/wp-content\/uploads\/2021\/09\/03-Wycieczka-1314x900.png\" alt=\"\" data-id=\"18201\" data-full-url=\"http:\/\/sp1.kielce.eu\/wp-content\/uploads\/2021\/09\/03-Wycieczka.png\" data-link=\"http:\/\/sp1.kielce.eu\/?attachment_id=18201\" class=\"wp-image-18201\" srcset=\"https:\/\/sp1.kielce.eu\/wp-content\/uploads\/2021\/09\/03-Wycieczka-1314x900.png 1314w, https:\/\/sp1.kielce.eu\/wp-content\/uploads\/2021\/09\/03-Wycieczka-300x206.png 300w, https:\/\/sp1.kielce.eu\/wp-content\/uploads\/2021\/09\/03-Wycieczka-768x526.png 768w, https:\/\/sp1.kielce.eu\/wp-content\/uploads\/2021\/09\/03-Wycieczka-820x562.png 820w, https:\/\/sp1.kielce.eu\/wp-content\/uploads\/2021\/09\/03-Wycieczka.png 1391w\" sizes=\"auto, (max-width: 1314px) 100vw, 1314px\" \/><\/a><\/figure><\/li><li class=\"blocks-gallery-item\"><figure><a href=\"http:\/\/sp1.kielce.eu\/wp-content\/uploads\/2021\/09\/04-Wycieczka.png\"><img loading=\"lazy\" decoding=\"async\" width=\"873\" height=\"473\" src=\"http:\/\/sp1.kielce.eu\/wp-content\/uploads\/2021\/09\/04-Wycieczka.png\" alt=\"\" data-id=\"18202\" data-full-url=\"http:\/\/sp1.kielce.eu\/wp-content\/uploads\/2021\/09\/04-Wycieczka.png\" data-link=\"http:\/\/sp1.kielce.eu\/?attachment_id=18202\" class=\"wp-image-18202\" srcset=\"https:\/\/sp1.kielce.eu\/wp-content\/uploads\/2021\/09\/04-Wycieczka.png 873w, https:\/\/sp1.kielce.eu\/wp-content\/uploads\/2021\/09\/04-Wycieczka-300x163.png 300w, https:\/\/sp1.kielce.eu\/wp-content\/uploads\/2021\/09\/04-Wycieczka-768x416.png 768w, https:\/\/sp1.kielce.eu\/wp-content\/uploads\/2021\/09\/04-Wycieczka-820x444.png 820w\" sizes=\"auto, (max-width: 873px) 100vw, 873px\" \/><\/a><\/figure><\/li><li class=\"blocks-gallery-item\"><figure><a href=\"http:\/\/sp1.kielce.eu\/wp-content\/uploads\/2021\/09\/05-Wycieczka.png\"><img loading=\"lazy\" decoding=\"async\" width=\"994\" height=\"476\" src=\"http:\/\/sp1.kielce.eu\/wp-content\/uploads\/2021\/09\/05-Wycieczka.png\" alt=\"\" data-id=\"18203\" data-full-url=\"http:\/\/sp1.kielce.eu\/wp-content\/uploads\/2021\/09\/05-Wycieczka.png\" data-link=\"http:\/\/sp1.kielce.eu\/?attachment_id=18203\" class=\"wp-image-18203\" srcset=\"https:\/\/sp1.kielce.eu\/wp-content\/uploads\/2021\/09\/05-Wycieczka.png 994w, https:\/\/sp1.kielce.eu\/wp-content\/uploads\/2021\/09\/05-Wycieczka-300x144.png 300w, https:\/\/sp1.kielce.eu\/wp-content\/uploads\/2021\/09\/05-Wycieczka-768x368.png 768w, https:\/\/sp1.kielce.eu\/wp-content\/uploads\/2021\/09\/05-Wycieczka-820x393.png 820w\" sizes=\"auto, (max-width: 994px) 100vw, 994px\" \/><\/a><\/figure><\/li><li class=\"blocks-gallery-item\"><figure><a href=\"http:\/\/sp1.kielce.eu\/wp-content\/uploads\/2021\/09\/06-Wycieczka.png\"><img loading=\"lazy\" decoding=\"async\" width=\"892\" height=\"455\" src=\"http:\/\/sp1.kielce.eu\/wp-content\/uploads\/2021\/09\/06-Wycieczka.png\" alt=\"\" data-id=\"18204\" data-full-url=\"http:\/\/sp1.kielce.eu\/wp-content\/uploads\/2021\/09\/06-Wycieczka.png\" data-link=\"http:\/\/sp1.kielce.eu\/?attachment_id=18204\" class=\"wp-image-18204\" srcset=\"https:\/\/sp1.kielce.eu\/wp-content\/uploads\/2021\/09\/06-Wycieczka.png 892w, https:\/\/sp1.kielce.eu\/wp-content\/uploads\/2021\/09\/06-Wycieczka-300x153.png 300w, https:\/\/sp1.kielce.eu\/wp-content\/uploads\/2021\/09\/06-Wycieczka-768x392.png 768w, https:\/\/sp1.kielce.eu\/wp-content\/uploads\/2021\/09\/06-Wycieczka-820x418.png 820w\" sizes=\"auto, (max-width: 892px) 100vw, 892px\" \/><\/a><\/figure><\/li><li class=\"blocks-gallery-item\"><figure><a href=\"http:\/\/sp1.kielce.eu\/wp-content\/uploads\/2021\/09\/07-Wycieczka.png\"><img loading=\"lazy\" decoding=\"async\" width=\"733\" height=\"388\" src=\"http:\/\/sp1.kielce.eu\/wp-content\/uploads\/2021\/09\/07-Wycieczka.png\" alt=\"\" data-id=\"18205\" data-full-url=\"http:\/\/sp1.kielce.eu\/wp-content\/uploads\/2021\/09\/07-Wycieczka.png\" data-link=\"http:\/\/sp1.kielce.eu\/?attachment_id=18205\" class=\"wp-image-18205\" srcset=\"https:\/\/sp1.kielce.eu\/wp-content\/uploads\/2021\/09\/07-Wycieczka.png 733w, https:\/\/sp1.kielce.eu\/wp-content\/uploads\/2021\/09\/07-Wycieczka-300x159.png 300w\" sizes=\"auto, (max-width: 733px) 100vw, 733px\" \/><\/a><\/figure><\/li><\/ul><\/figure>\n","protected":false},"excerpt":{"rendered":"<p>8 wrze\u015bnia 2021 roku, w pi\u0119kny, s\u0142oneczny poranek, uczniowie klas 6a i 6b wraz z [&hellip;]<\/p>\n","protected":false},"author":5,"featured_media":18199,"comment_status":"closed","ping_status":"open","sticky":false,"template":"","format":"standard","meta":{"footnotes":""},"categories":[36],"tags":[],"class_list":["post-18198","post","type-post","status-publish","format-standard","has-post-thumbnail","hentry","category-wydarzenia"],"_links":{"self":[{"href":"https:\/\/sp1.kielce.eu\/index.php\/wp-json\/wp\/v2\/posts\/18198","targetHints":{"allow":["GET"]}}],"collection":[{"href":"https:\/\/sp1.kielce.eu\/index.php\/wp-json\/wp\/v2\/posts"}],"about":[{"href":"https:\/\/sp1.kielce.eu\/index.php\/wp-json\/wp\/v2\/types\/post"}],"author":[{"embeddable":true,"href":"https:\/\/sp1.kielce.eu\/index.php\/wp-json\/wp\/v2\/users\/5"}],"replies":[{"embeddable":true,"href":"https:\/\/sp1.kielce.eu\/index.php\/wp-json\/wp\/v2\/comments?post=18198"}],"version-history":[{"count":1,"href":"https:\/\/sp1.kielce.eu\/index.php\/wp-json\/wp\/v2\/posts\/18198\/revisions"}],"predecessor-version":[{"id":18206,"href":"https:\/\/sp1.kielce.eu\/index.php\/wp-json\/wp\/v2\/posts\/18198\/revisions\/18206"}],"wp:featuredmedia":[{"embeddable":true,"href":"https:\/\/sp1.kielce.eu\/index.php\/wp-json\/wp\/v2\/media\/18199"}],"wp:attachment":[{"href":"https:\/\/sp1.kielce.eu\/index.php\/wp-json\/wp\/v2\/media?parent=18198"}],"wp:term":[{"taxonomy":"category","embeddable":true,"href":"https:\/\/sp1.kielce.eu\/index.php\/wp-json\/wp\/v2\/categories?post=18198"},{"taxonomy":"post_tag","embeddable":true,"href":"https:\/\/sp1.kielce.eu\/index.php\/wp-json\/wp\/v2\/tags?post=18198"}],"curies":[{"name":"wp","href":"https:\/\/api.w.org\/{rel}","templated":true}]}}