{"id":18166,"date":"2021-09-13T23:39:56","date_gmt":"2021-09-13T21:39:56","guid":{"rendered":"http:\/\/sp1.kielce.eu\/?p=18166"},"modified":"2021-09-13T23:39:56","modified_gmt":"2021-09-13T21:39:56","slug":"beatyfikacja-ksiedza-prymasa-stefana-wyszynskiego","status":"publish","type":"post","link":"https:\/\/sp1.kielce.eu\/index.php\/2021\/09\/13\/beatyfikacja-ksiedza-prymasa-stefana-wyszynskiego\/","title":{"rendered":"Beatyfikacja Ksi\u0119dza Prymasa Stefana Wyszy\u0144skiego"},"content":{"rendered":"\n<p>Wzorce osobowe dostarczaj\u0105 konkretnych warto\u015bci do na\u015bladowania, wywieraj\u0105 wp\u0142yw na wyobra\u017ani\u0119 i\u00a0psychik\u0119, mobilizuj\u0105 do pozytywnego dzia\u0142ania. Potrzebujemy autentycznych autorytet\u00f3w, ludzi kt\u00f3rzy pomagaj\u0105 nam odnale\u017a\u0107 si\u0119 na drogach mi\u0142o\u015bci, wiary, \u017cyciowej m\u0105dro\u015bci i\u00a0dobra. Takim duchowym Przewodnikiem dla nas mo\u017ce sta\u0107 si\u0119 Prymas Tysi\u0105clecia \u2013 Ksi\u0105dz Kardyna\u0142 Stefan Wyszy\u0144ski, kt\u00f3ry 12 wrze\u015bnia 2021\u00a0r. zosta\u0142 og\u0142oszony w\u00a0Ko\u015bciele nowym b\u0142ogos\u0142awionym.<\/p>\n\n\n\n<p>Uczniowie naszej szko\u0142y staraj\u0105 si\u0119 przybli\u017ca\u0107 sobie tajemnice jego \u017cycia i\u00a0powo\u0142ania oraz odkrywa\u0107 jego niepowtarzaln\u0105 drog\u0119 do \u015bwi\u0119to\u015bci.<\/p>\n\n\n\n<p>Najm\u0142odsi z\u00a0uwag\u0105 poznaj\u0105 ciekawostki dotycz\u0105ce biografii Ksi\u0119dza Kardyna\u0142a a\u00a0starsi staraj\u0105 si\u0119 wnika\u0107 w\u00a0g\u0142\u0119boki sens my\u015bli zaczerpni\u0119tych z\u00a0fragment\u00f3w wypowiedzi Prymasa Tysi\u0105clecia.<\/p>\n\n\n\n<p>Klasa 2a pod kierunkiem katechetki \u2013 s.\u00a0Faustyny Czajkowskiej oraz wychowawczyni \u2013 p.\u00a0Iwony Ko\u015bcieleckiej przygotowa\u0142a kolorowanki a klasa 4a na katechezie zebra\u0142a cytaty autorstwa nowego B\u0142ogos\u0142awionego.<\/p>\n\n\n\n<p class=\"has-text-align-right\">s. Faustyna M. Czajkowska<br>p. Iwona Ko\u015bcielecka <br>ks. Konrad Walerczak <br>ks. Dariusz W\u0119grzyn<\/p>\n\n\n\n<figure class=\"wp-block-gallery columns-3 is-cropped wp-block-gallery-1 is-layout-flex wp-block-gallery-is-layout-flex\"><ul class=\"blocks-gallery-grid\"><li class=\"blocks-gallery-item\"><figure><a href=\"http:\/\/sp1.kielce.eu\/wp-content\/uploads\/2021\/09\/zdjecie1-Copy.jpg\"><img loading=\"lazy\" decoding=\"async\" width=\"1200\" height=\"675\" src=\"http:\/\/sp1.kielce.eu\/wp-content\/uploads\/2021\/09\/zdjecie1-Copy.jpg\" alt=\"\" data-id=\"18168\" data-full-url=\"http:\/\/sp1.kielce.eu\/wp-content\/uploads\/2021\/09\/zdjecie1-Copy.jpg\" data-link=\"http:\/\/sp1.kielce.eu\/?attachment_id=18168\" class=\"wp-image-18168\" srcset=\"https:\/\/sp1.kielce.eu\/wp-content\/uploads\/2021\/09\/zdjecie1-Copy.jpg 1200w, https:\/\/sp1.kielce.eu\/wp-content\/uploads\/2021\/09\/zdjecie1-Copy-300x169.jpg 300w, https:\/\/sp1.kielce.eu\/wp-content\/uploads\/2021\/09\/zdjecie1-Copy-768x432.jpg 768w, https:\/\/sp1.kielce.eu\/wp-content\/uploads\/2021\/09\/zdjecie1-Copy-820x461.jpg 820w\" sizes=\"auto, (max-width: 1200px) 100vw, 1200px\" \/><\/a><\/figure><\/li><li class=\"blocks-gallery-item\"><figure><a href=\"http:\/\/sp1.kielce.eu\/wp-content\/uploads\/2021\/09\/zdjecie2-Copy.jpg\"><img loading=\"lazy\" decoding=\"async\" width=\"1200\" height=\"675\" src=\"http:\/\/sp1.kielce.eu\/wp-content\/uploads\/2021\/09\/zdjecie2-Copy.jpg\" alt=\"\" data-id=\"18169\" data-full-url=\"http:\/\/sp1.kielce.eu\/wp-content\/uploads\/2021\/09\/zdjecie2-Copy.jpg\" data-link=\"http:\/\/sp1.kielce.eu\/?attachment_id=18169\" class=\"wp-image-18169\" srcset=\"https:\/\/sp1.kielce.eu\/wp-content\/uploads\/2021\/09\/zdjecie2-Copy.jpg 1200w, https:\/\/sp1.kielce.eu\/wp-content\/uploads\/2021\/09\/zdjecie2-Copy-300x169.jpg 300w, https:\/\/sp1.kielce.eu\/wp-content\/uploads\/2021\/09\/zdjecie2-Copy-768x432.jpg 768w, https:\/\/sp1.kielce.eu\/wp-content\/uploads\/2021\/09\/zdjecie2-Copy-820x461.jpg 820w\" sizes=\"auto, (max-width: 1200px) 100vw, 1200px\" \/><\/a><\/figure><\/li><li class=\"blocks-gallery-item\"><figure><a href=\"http:\/\/sp1.kielce.eu\/wp-content\/uploads\/2021\/09\/zdjecie3-Copy.jpg\"><img loading=\"lazy\" decoding=\"async\" width=\"1200\" height=\"675\" src=\"http:\/\/sp1.kielce.eu\/wp-content\/uploads\/2021\/09\/zdjecie3-Copy.jpg\" alt=\"\" data-id=\"18170\" data-full-url=\"http:\/\/sp1.kielce.eu\/wp-content\/uploads\/2021\/09\/zdjecie3-Copy.jpg\" data-link=\"http:\/\/sp1.kielce.eu\/?attachment_id=18170\" class=\"wp-image-18170\" srcset=\"https:\/\/sp1.kielce.eu\/wp-content\/uploads\/2021\/09\/zdjecie3-Copy.jpg 1200w, https:\/\/sp1.kielce.eu\/wp-content\/uploads\/2021\/09\/zdjecie3-Copy-300x169.jpg 300w, https:\/\/sp1.kielce.eu\/wp-content\/uploads\/2021\/09\/zdjecie3-Copy-768x432.jpg 768w, https:\/\/sp1.kielce.eu\/wp-content\/uploads\/2021\/09\/zdjecie3-Copy-820x461.jpg 820w\" sizes=\"auto, (max-width: 1200px) 100vw, 1200px\" \/><\/a><\/figure><\/li><li class=\"blocks-gallery-item\"><figure><a href=\"http:\/\/sp1.kielce.eu\/wp-content\/uploads\/2021\/09\/zdjecie4-Copy.jpg\"><img loading=\"lazy\" decoding=\"async\" width=\"1200\" height=\"675\" src=\"http:\/\/sp1.kielce.eu\/wp-content\/uploads\/2021\/09\/zdjecie4-Copy.jpg\" alt=\"\" data-id=\"18171\" data-full-url=\"http:\/\/sp1.kielce.eu\/wp-content\/uploads\/2021\/09\/zdjecie4-Copy.jpg\" data-link=\"http:\/\/sp1.kielce.eu\/?attachment_id=18171\" class=\"wp-image-18171\" srcset=\"https:\/\/sp1.kielce.eu\/wp-content\/uploads\/2021\/09\/zdjecie4-Copy.jpg 1200w, https:\/\/sp1.kielce.eu\/wp-content\/uploads\/2021\/09\/zdjecie4-Copy-300x169.jpg 300w, https:\/\/sp1.kielce.eu\/wp-content\/uploads\/2021\/09\/zdjecie4-Copy-768x432.jpg 768w, https:\/\/sp1.kielce.eu\/wp-content\/uploads\/2021\/09\/zdjecie4-Copy-820x461.jpg 820w\" sizes=\"auto, (max-width: 1200px) 100vw, 1200px\" \/><\/a><\/figure><\/li><li class=\"blocks-gallery-item\"><figure><a href=\"http:\/\/sp1.kielce.eu\/wp-content\/uploads\/2021\/09\/zdjecie5-Copy.jpg\"><img loading=\"lazy\" decoding=\"async\" width=\"1200\" height=\"675\" src=\"http:\/\/sp1.kielce.eu\/wp-content\/uploads\/2021\/09\/zdjecie5-Copy.jpg\" alt=\"\" data-id=\"18172\" data-full-url=\"http:\/\/sp1.kielce.eu\/wp-content\/uploads\/2021\/09\/zdjecie5-Copy.jpg\" data-link=\"http:\/\/sp1.kielce.eu\/?attachment_id=18172\" class=\"wp-image-18172\" srcset=\"https:\/\/sp1.kielce.eu\/wp-content\/uploads\/2021\/09\/zdjecie5-Copy.jpg 1200w, https:\/\/sp1.kielce.eu\/wp-content\/uploads\/2021\/09\/zdjecie5-Copy-300x169.jpg 300w, https:\/\/sp1.kielce.eu\/wp-content\/uploads\/2021\/09\/zdjecie5-Copy-768x432.jpg 768w, https:\/\/sp1.kielce.eu\/wp-content\/uploads\/2021\/09\/zdjecie5-Copy-820x461.jpg 820w\" sizes=\"auto, (max-width: 1200px) 100vw, 1200px\" \/><\/a><\/figure><\/li><li class=\"blocks-gallery-item\"><figure><a href=\"http:\/\/sp1.kielce.eu\/wp-content\/uploads\/2021\/09\/zdjecie6-Copy.jpg\"><img loading=\"lazy\" decoding=\"async\" width=\"1200\" height=\"675\" src=\"http:\/\/sp1.kielce.eu\/wp-content\/uploads\/2021\/09\/zdjecie6-Copy.jpg\" alt=\"\" data-id=\"18173\" data-full-url=\"http:\/\/sp1.kielce.eu\/wp-content\/uploads\/2021\/09\/zdjecie6-Copy.jpg\" data-link=\"http:\/\/sp1.kielce.eu\/?attachment_id=18173\" class=\"wp-image-18173\" srcset=\"https:\/\/sp1.kielce.eu\/wp-content\/uploads\/2021\/09\/zdjecie6-Copy.jpg 1200w, https:\/\/sp1.kielce.eu\/wp-content\/uploads\/2021\/09\/zdjecie6-Copy-300x169.jpg 300w, https:\/\/sp1.kielce.eu\/wp-content\/uploads\/2021\/09\/zdjecie6-Copy-768x432.jpg 768w, https:\/\/sp1.kielce.eu\/wp-content\/uploads\/2021\/09\/zdjecie6-Copy-820x461.jpg 820w\" sizes=\"auto, (max-width: 1200px) 100vw, 1200px\" \/><\/a><\/figure><\/li><\/ul><\/figure>\n","protected":false},"excerpt":{"rendered":"<p>Wzorce osobowe dostarczaj\u0105 konkretnych warto\u015bci do na\u015bladowania, wywieraj\u0105 wp\u0142yw na wyobra\u017ani\u0119 i\u00a0psychik\u0119, mobilizuj\u0105 do pozytywnego [&hellip;]<\/p>\n","protected":false},"author":13,"featured_media":18174,"comment_status":"closed","ping_status":"open","sticky":false,"template":"","format":"standard","meta":{"footnotes":""},"categories":[36],"tags":[],"class_list":["post-18166","post","type-post","status-publish","format-standard","has-post-thumbnail","hentry","category-wydarzenia"],"_links":{"self":[{"href":"https:\/\/sp1.kielce.eu\/index.php\/wp-json\/wp\/v2\/posts\/18166","targetHints":{"allow":["GET"]}}],"collection":[{"href":"https:\/\/sp1.kielce.eu\/index.php\/wp-json\/wp\/v2\/posts"}],"about":[{"href":"https:\/\/sp1.kielce.eu\/index.php\/wp-json\/wp\/v2\/types\/post"}],"author":[{"embeddable":true,"href":"https:\/\/sp1.kielce.eu\/index.php\/wp-json\/wp\/v2\/users\/13"}],"replies":[{"embeddable":true,"href":"https:\/\/sp1.kielce.eu\/index.php\/wp-json\/wp\/v2\/comments?post=18166"}],"version-history":[{"count":2,"href":"https:\/\/sp1.kielce.eu\/index.php\/wp-json\/wp\/v2\/posts\/18166\/revisions"}],"predecessor-version":[{"id":18175,"href":"https:\/\/sp1.kielce.eu\/index.php\/wp-json\/wp\/v2\/posts\/18166\/revisions\/18175"}],"wp:featuredmedia":[{"embeddable":true,"href":"https:\/\/sp1.kielce.eu\/index.php\/wp-json\/wp\/v2\/media\/18174"}],"wp:attachment":[{"href":"https:\/\/sp1.kielce.eu\/index.php\/wp-json\/wp\/v2\/media?parent=18166"}],"wp:term":[{"taxonomy":"category","embeddable":true,"href":"https:\/\/sp1.kielce.eu\/index.php\/wp-json\/wp\/v2\/categories?post=18166"},{"taxonomy":"post_tag","embeddable":true,"href":"https:\/\/sp1.kielce.eu\/index.php\/wp-json\/wp\/v2\/tags?post=18166"}],"curies":[{"name":"wp","href":"https:\/\/api.w.org\/{rel}","templated":true}]}}