{"id":18143,"date":"2021-09-13T09:16:24","date_gmt":"2021-09-13T07:16:24","guid":{"rendered":"http:\/\/sp1.kielce.eu\/?p=18143"},"modified":"2021-09-13T09:16:24","modified_gmt":"2021-09-13T07:16:24","slug":"v-ogolnopolski-festiwal-piesni-i-piosenki-patriotycznej-w-kielcach","status":"publish","type":"post","link":"https:\/\/sp1.kielce.eu\/index.php\/2021\/09\/13\/v-ogolnopolski-festiwal-piesni-i-piosenki-patriotycznej-w-kielcach\/","title":{"rendered":"V Og\u00f3lnopolski Festiwal Pie\u015bni i Piosenki Patriotycznej w Kielcach"},"content":{"rendered":"\n<p>Zapraszamy uczni\u00f3w naszej szko\u0142y do udzia\u0142u w V Og\u00f3lnopolskim Festiwalu Pie\u015bni i Piosenki Patriotycznej w Kielcach w podanych ni\u017cej kategoriach:<br>&#8211; szko\u0142a podstawowa klasy I-IV &#8211; soli\u015bci<br>&#8211; szko\u0142a podstawowa klasy V-VIII &#8211; soli\u015bci<br>&#8211; zespo\u0142y kameralne szko\u0142y podstawowej do 6 os\u00f3b<br>Do konkursu nale\u017cy przygotowa\u0107 jedn\u0105 piosenk\u0119 lub pie\u015b\u0144 o tematyce patriotycznej typu: ,,Serce w plecaku&#8221;, ,,J\u0119drusiowa dola&#8221;, ,,Ja do Ciebie przyj\u015b\u0107 nie mog\u0119&#8221;, ,,Hej, ch\u0142opcy&#8221;.<br>Do udzia\u0142u w konkursie ch\u0119tni uczniowie zg\u0142osz\u0105 si\u0119 do dnia&nbsp;<a href=\"http:\/\/17.09.2020r.do\/\" target=\"_blank\" rel=\"noreferrer noopener\">17.09.2020r.do<\/a>&nbsp;Pani El\u017cbiety Litwinek lub Anny Borowskiej.<br>Zapraszamy do udzia\u0142u!<br>&nbsp; &nbsp; &nbsp; &nbsp; &nbsp; &nbsp; &nbsp; &nbsp; &nbsp; &nbsp; &nbsp; &nbsp; &nbsp; &nbsp; &nbsp; &nbsp; &nbsp; &nbsp; &nbsp; &nbsp; &nbsp; &nbsp; El\u017cbieta Litwinek<\/p>\n\n\n\n<p>\u00a0 \u00a0 \u00a0 \u00a0 \u00a0 \u00a0 \u00a0 \u00a0 \u00a0 \u00a0 \u00a0 \u00a0 \u00a0 \u00a0 \u00a0 \u00a0 \u00a0 \u00a0 \u00a0 \u00a0 \u00a0 \u00a0 Anna Borowska<\/p>\n\n\n\n<figure class=\"wp-block-gallery columns-2 is-cropped wp-block-gallery-1 is-layout-flex wp-block-gallery-is-layout-flex\"><ul class=\"blocks-gallery-grid\"><li class=\"blocks-gallery-item\"><figure><a href=\"http:\/\/sp1.kielce.eu\/wp-content\/uploads\/2021\/09\/IMG_20210911_081458-1.jpg\"><img loading=\"lazy\" decoding=\"async\" width=\"947\" height=\"518\" src=\"http:\/\/sp1.kielce.eu\/wp-content\/uploads\/2021\/09\/IMG_20210911_081458-1.jpg\" alt=\"\" data-id=\"18146\" data-full-url=\"http:\/\/sp1.kielce.eu\/wp-content\/uploads\/2021\/09\/IMG_20210911_081458-1.jpg\" data-link=\"http:\/\/sp1.kielce.eu\/?attachment_id=18146\" class=\"wp-image-18146\" srcset=\"https:\/\/sp1.kielce.eu\/wp-content\/uploads\/2021\/09\/IMG_20210911_081458-1.jpg 947w, https:\/\/sp1.kielce.eu\/wp-content\/uploads\/2021\/09\/IMG_20210911_081458-1-300x164.jpg 300w, https:\/\/sp1.kielce.eu\/wp-content\/uploads\/2021\/09\/IMG_20210911_081458-1-768x420.jpg 768w, https:\/\/sp1.kielce.eu\/wp-content\/uploads\/2021\/09\/IMG_20210911_081458-1-820x449.jpg 820w\" sizes=\"auto, (max-width: 947px) 100vw, 947px\" \/><\/a><\/figure><\/li><li class=\"blocks-gallery-item\"><figure><a href=\"http:\/\/sp1.kielce.eu\/wp-content\/uploads\/2021\/09\/IMG_20210911_081539-1.jpg\"><img loading=\"lazy\" decoding=\"async\" width=\"556\" height=\"900\" src=\"http:\/\/sp1.kielce.eu\/wp-content\/uploads\/2021\/09\/IMG_20210911_081539-1-556x900.jpg\" alt=\"\" data-id=\"18147\" data-full-url=\"http:\/\/sp1.kielce.eu\/wp-content\/uploads\/2021\/09\/IMG_20210911_081539-1.jpg\" data-link=\"http:\/\/sp1.kielce.eu\/?attachment_id=18147\" class=\"wp-image-18147\" srcset=\"https:\/\/sp1.kielce.eu\/wp-content\/uploads\/2021\/09\/IMG_20210911_081539-1-556x900.jpg 556w, https:\/\/sp1.kielce.eu\/wp-content\/uploads\/2021\/09\/IMG_20210911_081539-1-185x300.jpg 185w, https:\/\/sp1.kielce.eu\/wp-content\/uploads\/2021\/09\/IMG_20210911_081539-1.jpg 720w\" sizes=\"auto, (max-width: 556px) 100vw, 556px\" \/><\/a><\/figure><\/li><\/ul><\/figure>\n","protected":false},"excerpt":{"rendered":"<p>Zapraszamy uczni\u00f3w naszej szko\u0142y do udzia\u0142u w V Og\u00f3lnopolskim Festiwalu Pie\u015bni i Piosenki Patriotycznej w [&hellip;]<\/p>\n","protected":false},"author":5,"featured_media":18146,"comment_status":"closed","ping_status":"open","sticky":false,"template":"","format":"standard","meta":{"footnotes":""},"categories":[36],"tags":[],"class_list":["post-18143","post","type-post","status-publish","format-standard","has-post-thumbnail","hentry","category-wydarzenia"],"_links":{"self":[{"href":"https:\/\/sp1.kielce.eu\/index.php\/wp-json\/wp\/v2\/posts\/18143","targetHints":{"allow":["GET"]}}],"collection":[{"href":"https:\/\/sp1.kielce.eu\/index.php\/wp-json\/wp\/v2\/posts"}],"about":[{"href":"https:\/\/sp1.kielce.eu\/index.php\/wp-json\/wp\/v2\/types\/post"}],"author":[{"embeddable":true,"href":"https:\/\/sp1.kielce.eu\/index.php\/wp-json\/wp\/v2\/users\/5"}],"replies":[{"embeddable":true,"href":"https:\/\/sp1.kielce.eu\/index.php\/wp-json\/wp\/v2\/comments?post=18143"}],"version-history":[{"count":1,"href":"https:\/\/sp1.kielce.eu\/index.php\/wp-json\/wp\/v2\/posts\/18143\/revisions"}],"predecessor-version":[{"id":18148,"href":"https:\/\/sp1.kielce.eu\/index.php\/wp-json\/wp\/v2\/posts\/18143\/revisions\/18148"}],"wp:featuredmedia":[{"embeddable":true,"href":"https:\/\/sp1.kielce.eu\/index.php\/wp-json\/wp\/v2\/media\/18146"}],"wp:attachment":[{"href":"https:\/\/sp1.kielce.eu\/index.php\/wp-json\/wp\/v2\/media?parent=18143"}],"wp:term":[{"taxonomy":"category","embeddable":true,"href":"https:\/\/sp1.kielce.eu\/index.php\/wp-json\/wp\/v2\/categories?post=18143"},{"taxonomy":"post_tag","embeddable":true,"href":"https:\/\/sp1.kielce.eu\/index.php\/wp-json\/wp\/v2\/tags?post=18143"}],"curies":[{"name":"wp","href":"https:\/\/api.w.org\/{rel}","templated":true}]}}