{"id":18109,"date":"2021-09-06T11:43:24","date_gmt":"2021-09-06T09:43:24","guid":{"rendered":"http:\/\/sp1.kielce.eu\/?p=18109"},"modified":"2021-09-06T11:43:24","modified_gmt":"2021-09-06T09:43:24","slug":"82-rocznica-wybuchu-ii-wojny-swiatowej","status":"publish","type":"post","link":"https:\/\/sp1.kielce.eu\/index.php\/2021\/09\/06\/82-rocznica-wybuchu-ii-wojny-swiatowej\/","title":{"rendered":"82 ROCZNICA WYBUCHU II WOJNY \u015aWIATOWEJ"},"content":{"rendered":"\n<p><strong>01 IX 1939\u00a0<\/strong>r\u00a0 dzwonek w szko\u0142ach nie zadzwoni\u0142&#8230;Tego dnia nast\u0105pi\u0142 atak hitlerowskich Niemiec na Polsk\u0119. Rozpocz\u0119\u0142a si\u0119 najbardziej krwawa wojna w dziejach naszego kraju.<br>\u00a0 Agresja Niemiec rozpocz\u0119\u0142a si\u0119 o godz. 4.35 od zbombardowania Wielunia. Nast\u0105pi\u0142o to na kilka minut przed salwami pancernika Schleswig- Holstein oddanymi w kierunku Westerplatte w Gda\u0144sku.\u00a0Polska by\u0142a pierwszym krajem zaatakowanym przez niemieckich naje\u017ad\u017ac\u00f3w i najbardziej poszkodowanym narodem w czasie ca\u0142ej II wojny \u015bwiatowej.\u00a0T\u0119 wa\u017cn\u0105 rocznic\u0119 01 IX uczcili\u015bmy w naszej szkole minut\u0105 ciszy o godz. 12.\u00a0Nast\u0119pnego dnia klasa 6b zapozna\u0142a si\u0119 z tre\u015bci\u0105 kartki z pami\u0119tnika pt. ,,Dzwonek nie zadzwoni\u0142&#8221; napisan\u0105 przez jednego z \u00f3wczesnych ma\u0142oletnich harcerzy ,,Szarych Szereg\u00f3w&#8217;.Pami\u0119tajmy o naszej historii!\u00a0 \u00a0 \u00a0 \u00a0 \u00a0 \u00a0 \u00a0 \u00a0 \u00a0 \u00a0 \u00a0 \u00a0 \u00a0 \u00a0 \u00a0 \u00a0 \u00a0 \u00a0 \u00a0 \u00a0 \u00a0 \u00a0 \u00a0 \u00a0 \u00a0 \u00a0 \u00a0 \u00a0 \u00a0 \u00a0 \u00a0 \u00a0 \u00a0 \u00a0 \u00a0 \u00a0 \u00a0 \u00a0 \u00a0 \u00a0 \u00a0 \u00a0 \u00a0 \u00a0 \u00a0 \u00a0 \u00a0 \u00a0 \u00a0 \u00a0 \u00a0 \u00a0 \u00a0 \u00a0 \u00a0 \u00a0 \u00a0<\/p>\n\n\n\n<p class=\"has-text-align-right\">                                                                                                     \u00a0Anna Borowska\u00a0 \u00a0 \u00a0 \u00a0 \u00a0 \u00a0 \u00a0 \u00a0 \u00a0 \u00a0 \u00a0 \u00a0 \u00a0 \u00a0 \u00a0 \u00a0 \u00a0 \u00a0 \u00a0 \u00a0 \u00a0 \u00a0 \u00a0 \u00a0 \u00a0 \u00a0 \u00a0 \u00a0 \u00a0 \u00a0 \u00a0 \u00a0 \u00a0 \u00a0 \u00a0 \u00a0 \u00a0 \u00a0 \u00a0 \u00a0 \u00a0 \u00a0 \u00a0 \u00a0 \u00a0 \u00a0 \u00a0 \u00a0 \u00a0 \u00a0 \u00a0 \u00a0nauczyciel j. polskiego <\/p>\n\n\n\n<p class=\"has-text-align-right\">\u00a0<\/p>\n\n\n\n<figure class=\"wp-block-gallery columns-1 is-cropped wp-block-gallery-1 is-layout-flex wp-block-gallery-is-layout-flex\"><ul class=\"blocks-gallery-grid\"><li class=\"blocks-gallery-item\"><figure><a href=\"http:\/\/sp1.kielce.eu\/wp-content\/uploads\/2021\/09\/w65422842030s1U5w6e7e1y6i47957Y2.jpg\"><img loading=\"lazy\" decoding=\"async\" width=\"850\" height=\"586\" src=\"http:\/\/sp1.kielce.eu\/wp-content\/uploads\/2021\/09\/w65422842030s1U5w6e7e1y6i47957Y2.jpg\" alt=\"\" data-id=\"18110\" data-full-url=\"http:\/\/sp1.kielce.eu\/wp-content\/uploads\/2021\/09\/w65422842030s1U5w6e7e1y6i47957Y2.jpg\" data-link=\"http:\/\/sp1.kielce.eu\/?attachment_id=18110\" class=\"wp-image-18110\" srcset=\"https:\/\/sp1.kielce.eu\/wp-content\/uploads\/2021\/09\/w65422842030s1U5w6e7e1y6i47957Y2.jpg 850w, https:\/\/sp1.kielce.eu\/wp-content\/uploads\/2021\/09\/w65422842030s1U5w6e7e1y6i47957Y2-300x207.jpg 300w, https:\/\/sp1.kielce.eu\/wp-content\/uploads\/2021\/09\/w65422842030s1U5w6e7e1y6i47957Y2-768x529.jpg 768w, https:\/\/sp1.kielce.eu\/wp-content\/uploads\/2021\/09\/w65422842030s1U5w6e7e1y6i47957Y2-820x565.jpg 820w\" sizes=\"auto, (max-width: 850px) 100vw, 850px\" \/><\/a><\/figure><\/li><\/ul><\/figure>\n\n\n\n<p class=\"has-text-align-right\">\u00a0<\/p>\n","protected":false},"excerpt":{"rendered":"<p>01 IX 1939\u00a0r\u00a0 dzwonek w szko\u0142ach nie zadzwoni\u0142&#8230;Tego dnia nast\u0105pi\u0142 atak hitlerowskich Niemiec na Polsk\u0119. [&hellip;]<\/p>\n","protected":false},"author":5,"featured_media":18110,"comment_status":"closed","ping_status":"open","sticky":false,"template":"","format":"standard","meta":{"footnotes":""},"categories":[36],"tags":[],"class_list":["post-18109","post","type-post","status-publish","format-standard","has-post-thumbnail","hentry","category-wydarzenia"],"_links":{"self":[{"href":"https:\/\/sp1.kielce.eu\/index.php\/wp-json\/wp\/v2\/posts\/18109","targetHints":{"allow":["GET"]}}],"collection":[{"href":"https:\/\/sp1.kielce.eu\/index.php\/wp-json\/wp\/v2\/posts"}],"about":[{"href":"https:\/\/sp1.kielce.eu\/index.php\/wp-json\/wp\/v2\/types\/post"}],"author":[{"embeddable":true,"href":"https:\/\/sp1.kielce.eu\/index.php\/wp-json\/wp\/v2\/users\/5"}],"replies":[{"embeddable":true,"href":"https:\/\/sp1.kielce.eu\/index.php\/wp-json\/wp\/v2\/comments?post=18109"}],"version-history":[{"count":1,"href":"https:\/\/sp1.kielce.eu\/index.php\/wp-json\/wp\/v2\/posts\/18109\/revisions"}],"predecessor-version":[{"id":18111,"href":"https:\/\/sp1.kielce.eu\/index.php\/wp-json\/wp\/v2\/posts\/18109\/revisions\/18111"}],"wp:featuredmedia":[{"embeddable":true,"href":"https:\/\/sp1.kielce.eu\/index.php\/wp-json\/wp\/v2\/media\/18110"}],"wp:attachment":[{"href":"https:\/\/sp1.kielce.eu\/index.php\/wp-json\/wp\/v2\/media?parent=18109"}],"wp:term":[{"taxonomy":"category","embeddable":true,"href":"https:\/\/sp1.kielce.eu\/index.php\/wp-json\/wp\/v2\/categories?post=18109"},{"taxonomy":"post_tag","embeddable":true,"href":"https:\/\/sp1.kielce.eu\/index.php\/wp-json\/wp\/v2\/tags?post=18109"}],"curies":[{"name":"wp","href":"https:\/\/api.w.org\/{rel}","templated":true}]}}