{"id":18041,"date":"2021-09-01T17:07:56","date_gmt":"2021-09-01T15:07:56","guid":{"rendered":"http:\/\/sp1.kielce.eu\/?p=18041"},"modified":"2021-09-01T17:07:56","modified_gmt":"2021-09-01T15:07:56","slug":"informacje-dotyczace-obiadow","status":"publish","type":"post","link":"https:\/\/sp1.kielce.eu\/index.php\/2021\/09\/01\/informacje-dotyczace-obiadow\/","title":{"rendered":"Informacje dotycz\u0105ce obiad\u00f3w"},"content":{"rendered":"\n<p>Od 8.09.2021r. rozpoczyna si\u0119 \u017cywienie w\u00a0sto\u0142\u00f3wce szkolnej.<br>Obiady przygotowuje i\u00a0dostarcza Miejska Kuchnia Cateringowa w\u00a0Kielcach.<br><br>Rodzice zainteresowani wykupieniem obiad\u00f3w proszeni s\u0105 o\u00a0wype\u0142nienie i\u00a0przes\u0142anie <em>Deklaracji korzystania z\u00a0obiad\u00f3w w\u00a0sto\u0142\u00f3wce szkolnej w\u00a0SP1 w\u00a0Kielcach<\/em> na adres mailowy <a href=\"mailto:swietlica@sp1.kielce.eu\">swietlica@sp1.kielce.eu<\/a> b\u0105d\u017a dostarczenie osobiste do 6.09.2021r. do godziny 14:00.<br><br>Deklaracje do pobrania na stronie internetowej szko\u0142y:<br><a href=\"http:\/\/sp1.kielce.eu\/index.php\/stolowka\/\">http:\/\/sp1.kielce.eu\/index.php\/stolowka\/<\/a><br><br>Do <strong>6.09.2021r<\/strong>. nale\u017cy dokona\u0107 op\u0142aty na konto bankowe szko\u0142y (numer konta zosta\u0142 podany w\u00a0deklaracji). W\u00a0tytule przelewu wpisujemy imi\u0119 i\u00a0nazwisko ucznia, klas\u0119 oraz miesi\u0105c za kt\u00f3ry dokonujemy wp\u0142aty.<br>Za termin p\u0142atno\u015bci uznaje si\u0119 dat\u0119 wp\u0142ywu \u015brodk\u00f3w pieni\u0119\u017cnych na konto bankowe szko\u0142y.<\/p>\n\n\n\n<p class=\"has-text-align-center\"><strong>Op\u0142ata za obiady we wrze\u015bniu wynosi 66,30 z\u0142.<\/strong><\/p>\n\n\n\n<p class=\"has-text-align-left\">Informacje o\u00a0kosztach obiad\u00f3w w\u00a0kolejnych miesi\u0105cach umieszczane b\u0119d\u0105 na stronie internetowej szko\u0142y oraz na tablicy og\u0142osze\u0144 obok pokoju kierownika \u015bwietlicy.<br><br>Nieobecno\u015b\u0107 ucznia na obiedzie nale\u017cy zg\u0142asza\u0107 do godziny 8.00 z\u00a0wyprzedzeniem jednego dnia roboczego, poprzedzaj\u0105cego nieobecno\u015b\u0107 osobi\u015bcie lub telefonicznie w\u00a0sekretariacie szko\u0142y (tel. 41 367 64 75).<\/p>\n\n\n\n<p class=\"has-text-align-right\"><br>Kierownik \u015bwietlicy<br>Agnieszka Rycombel<\/p>\n","protected":false},"excerpt":{"rendered":"<p>Od 8.09.2021r. rozpoczyna si\u0119 \u017cywienie w\u00a0sto\u0142\u00f3wce szkolnej.Obiady przygotowuje i\u00a0dostarcza Miejska Kuchnia Cateringowa w\u00a0Kielcach. Rodzice zainteresowani [&hellip;]<\/p>\n","protected":false},"author":13,"featured_media":15048,"comment_status":"closed","ping_status":"open","sticky":false,"template":"","format":"standard","meta":{"footnotes":""},"categories":[1],"tags":[],"class_list":["post-18041","post","type-post","status-publish","format-standard","has-post-thumbnail","hentry","category-bez-kategorii"],"_links":{"self":[{"href":"https:\/\/sp1.kielce.eu\/index.php\/wp-json\/wp\/v2\/posts\/18041","targetHints":{"allow":["GET"]}}],"collection":[{"href":"https:\/\/sp1.kielce.eu\/index.php\/wp-json\/wp\/v2\/posts"}],"about":[{"href":"https:\/\/sp1.kielce.eu\/index.php\/wp-json\/wp\/v2\/types\/post"}],"author":[{"embeddable":true,"href":"https:\/\/sp1.kielce.eu\/index.php\/wp-json\/wp\/v2\/users\/13"}],"replies":[{"embeddable":true,"href":"https:\/\/sp1.kielce.eu\/index.php\/wp-json\/wp\/v2\/comments?post=18041"}],"version-history":[{"count":2,"href":"https:\/\/sp1.kielce.eu\/index.php\/wp-json\/wp\/v2\/posts\/18041\/revisions"}],"predecessor-version":[{"id":18043,"href":"https:\/\/sp1.kielce.eu\/index.php\/wp-json\/wp\/v2\/posts\/18041\/revisions\/18043"}],"wp:featuredmedia":[{"embeddable":true,"href":"https:\/\/sp1.kielce.eu\/index.php\/wp-json\/wp\/v2\/media\/15048"}],"wp:attachment":[{"href":"https:\/\/sp1.kielce.eu\/index.php\/wp-json\/wp\/v2\/media?parent=18041"}],"wp:term":[{"taxonomy":"category","embeddable":true,"href":"https:\/\/sp1.kielce.eu\/index.php\/wp-json\/wp\/v2\/categories?post=18041"},{"taxonomy":"post_tag","embeddable":true,"href":"https:\/\/sp1.kielce.eu\/index.php\/wp-json\/wp\/v2\/tags?post=18041"}],"curies":[{"name":"wp","href":"https:\/\/api.w.org\/{rel}","templated":true}]}}