{"id":18030,"date":"2021-08-30T09:54:33","date_gmt":"2021-08-30T07:54:33","guid":{"rendered":"http:\/\/sp1.kielce.eu\/?p=18030"},"modified":"2021-09-03T15:02:34","modified_gmt":"2021-09-03T13:02:34","slug":"rozpoczecie-roku-szkolnego-2021-2022","status":"publish","type":"post","link":"https:\/\/sp1.kielce.eu\/index.php\/2021\/08\/30\/rozpoczecie-roku-szkolnego-2021-2022\/","title":{"rendered":"Rozpocz\u0119cie roku szkolnego 2021\/2022"},"content":{"rendered":"\n<p>ROZPOCZ\u0118CIE ROKU SZKOLNEGO 2021\/2022 ODB\u0118DZIE SI\u0118 W DNIU 1&nbsp;WRZE\u015aNIA 2021&nbsp;R.<\/p>\n\n\n\n<p><em>ZAPRASZAMY WSZYSTKICH CH\u0118TNYCH UCZNI\u00d3W, RODZIC\u00d3W I&nbsp;NAUCZYCIELI NA MSZ\u0118 \u015aW.&nbsp;INAUGURUJ\u0104C\u0104 NOWY ROK SZKOLNY 2021\/2022, KT\u00d3REJ PRZEWODNICZY BP&nbsp;JAN PIOTROWSKI O&nbsp;GODZ. 8.30 W&nbsp;KO\u015aCIELE PARAFIALNYM \u015aW.&nbsp;J\u00d3ZEFA ROBOTNIKA W&nbsp;KIELCACH.<\/em><\/p>\n\n\n\n<p>UROCZYSTO\u015a\u0106 ROZPOCZ\u0118CIA ROKU SZKOLNEGO DLA UCZNI\u00d3W KLAS IV ODB\u0118DZIE SI\u0118 W&nbsp;SALI GIMNASTYCZNEJ I&nbsp;W&nbsp;SALI LEKCYJNEJ.<\/p>\n\n\n\n<p>ROZPOCZ\u0118CIE ROKU SZKOLNEGO DLA UCZNI\u00d3W KLAS I, II,III, V-VIII ODB\u0118DZIE SI\u0118 W&nbsp;SALACH LEKCYJNYCH.<\/p>\n\n\n\n<p>Uczniowie oczekuj\u0105 na wychowawc\u00f3w przy wyznaczonych wej\u015bciach o&nbsp;okre\u015blonych godzinach, zachowuj\u0105c dystans spo\u0142eczny 1,5&nbsp;m. Do sal uczniowie przechodz\u0105 pod opiek\u0105 nauczycieli.<\/p>\n\n\n\n<p>Uczniowie wchodz\u0105 do budynku szko\u0142y wyznaczonymi wej\u015bciami. W rozpocz\u0119ciu roku szkolnego bior\u0105 udzia\u0142 uczniowie bez objaw\u00f3w infekcji lub choroby.<\/p>\n\n\n\n<div class=\"wp-block-image\"><figure class=\"aligncenter size-large\"><img loading=\"lazy\" decoding=\"async\" width=\"636\" height=\"900\" src=\"http:\/\/sp1.kielce.eu\/wp-content\/uploads\/2021\/08\/Nowy-Harmonogram-rozpoczecia-roku-szkolnego_2021-636x900.jpg\" alt=\"\" class=\"wp-image-18036\" srcset=\"https:\/\/sp1.kielce.eu\/wp-content\/uploads\/2021\/08\/Nowy-Harmonogram-rozpoczecia-roku-szkolnego_2021-636x900.jpg 636w, https:\/\/sp1.kielce.eu\/wp-content\/uploads\/2021\/08\/Nowy-Harmonogram-rozpoczecia-roku-szkolnego_2021-212x300.jpg 212w, https:\/\/sp1.kielce.eu\/wp-content\/uploads\/2021\/08\/Nowy-Harmonogram-rozpoczecia-roku-szkolnego_2021-768x1086.jpg 768w, https:\/\/sp1.kielce.eu\/wp-content\/uploads\/2021\/08\/Nowy-Harmonogram-rozpoczecia-roku-szkolnego_2021-1086x1536.jpg 1086w, https:\/\/sp1.kielce.eu\/wp-content\/uploads\/2021\/08\/Nowy-Harmonogram-rozpoczecia-roku-szkolnego_2021-1448x2048.jpg 1448w, https:\/\/sp1.kielce.eu\/wp-content\/uploads\/2021\/08\/Nowy-Harmonogram-rozpoczecia-roku-szkolnego_2021-820x1160.jpg 820w, https:\/\/sp1.kielce.eu\/wp-content\/uploads\/2021\/08\/Nowy-Harmonogram-rozpoczecia-roku-szkolnego_2021.jpg 1654w\" sizes=\"auto, (max-width: 636px) 100vw, 636px\" \/><\/figure><\/div>\n","protected":false},"excerpt":{"rendered":"<p>ROZPOCZ\u0118CIE ROKU SZKOLNEGO 2021\/2022 ODB\u0118DZIE SI\u0118 W DNIU 1&nbsp;WRZE\u015aNIA 2021&nbsp;R. ZAPRASZAMY WSZYSTKICH CH\u0118TNYCH UCZNI\u00d3W, RODZIC\u00d3W [&hellip;]<\/p>\n","protected":false},"author":11,"featured_media":12651,"comment_status":"closed","ping_status":"open","sticky":false,"template":"","format":"standard","meta":{"footnotes":""},"categories":[1],"tags":[],"class_list":["post-18030","post","type-post","status-publish","format-standard","has-post-thumbnail","hentry","category-bez-kategorii"],"_links":{"self":[{"href":"https:\/\/sp1.kielce.eu\/index.php\/wp-json\/wp\/v2\/posts\/18030","targetHints":{"allow":["GET"]}}],"collection":[{"href":"https:\/\/sp1.kielce.eu\/index.php\/wp-json\/wp\/v2\/posts"}],"about":[{"href":"https:\/\/sp1.kielce.eu\/index.php\/wp-json\/wp\/v2\/types\/post"}],"author":[{"embeddable":true,"href":"https:\/\/sp1.kielce.eu\/index.php\/wp-json\/wp\/v2\/users\/11"}],"replies":[{"embeddable":true,"href":"https:\/\/sp1.kielce.eu\/index.php\/wp-json\/wp\/v2\/comments?post=18030"}],"version-history":[{"count":7,"href":"https:\/\/sp1.kielce.eu\/index.php\/wp-json\/wp\/v2\/posts\/18030\/revisions"}],"predecessor-version":[{"id":18086,"href":"https:\/\/sp1.kielce.eu\/index.php\/wp-json\/wp\/v2\/posts\/18030\/revisions\/18086"}],"wp:featuredmedia":[{"embeddable":true,"href":"https:\/\/sp1.kielce.eu\/index.php\/wp-json\/wp\/v2\/media\/12651"}],"wp:attachment":[{"href":"https:\/\/sp1.kielce.eu\/index.php\/wp-json\/wp\/v2\/media?parent=18030"}],"wp:term":[{"taxonomy":"category","embeddable":true,"href":"https:\/\/sp1.kielce.eu\/index.php\/wp-json\/wp\/v2\/categories?post=18030"},{"taxonomy":"post_tag","embeddable":true,"href":"https:\/\/sp1.kielce.eu\/index.php\/wp-json\/wp\/v2\/tags?post=18030"}],"curies":[{"name":"wp","href":"https:\/\/api.w.org\/{rel}","templated":true}]}}