{"id":17935,"date":"2021-06-29T08:55:39","date_gmt":"2021-06-29T06:55:39","guid":{"rendered":"http:\/\/sp1.kielce.eu\/?p=17935"},"modified":"2021-07-01T23:41:19","modified_gmt":"2021-07-01T21:41:19","slug":"sukces-w-miedzyszkolnym-konkursie-tworczosc-henryka-sienkiewicza-w-komiksie","status":"publish","type":"post","link":"https:\/\/sp1.kielce.eu\/index.php\/2021\/06\/29\/sukces-w-miedzyszkolnym-konkursie-tworczosc-henryka-sienkiewicza-w-komiksie\/","title":{"rendered":"Sukces w mi\u0119dzyszkolnym konkursie ,,Tw\u00f3rczo\u015b\u0107 Henryka Sienkiewicza w komiksie\u201d"},"content":{"rendered":"\n<p>Mi\u0142o nam poinformowa\u0107, \u017ce uczniowie naszej szko\u0142y zaj\u0119li czo\u0142owe miejsca w mi\u0119dzyszkolnym konkursie ,,Tw\u00f3rczo\u015b\u0107 Henryka Sienkiewicza w komiksie\u201d zorganizowanym przez Szko\u0142\u0119 Podstawow\u0105 nr 31 z Oddzia\u0142ami Integracyjnymi w Kielcach. Zadaniem uczestnik\u00f3w by\u0142o wykona\u0107 komiks do wybranego utworu pisarza. Laureaci otrzymali pami\u0105tkowe dyplomy oraz drobne upominki.<\/p>\n\n\n\n<p>Wyniki przedstawiaj\u0105 si\u0119 nast\u0119puj\u0105co:<\/p>\n\n\n\n<p><strong>Igor Zatelmajer &#8211; 4b \u2013 I miejsce<\/strong><\/p>\n\n\n\n<p><strong>Karol Sacha \u2013 4b \u2013 II miejsce<\/strong><\/p>\n\n\n\n<p><strong>Amelia Bednarska \u2013 7c \u2013 II miejsce<\/strong><\/p>\n\n\n\n<p>Gratulujemy serdecznie<\/p>\n\n\n\n<p class=\"has-text-align-right\">Dorota Broni\u015b<\/p>\n\n\n\n<figure class=\"wp-block-gallery columns-3 is-cropped wp-block-gallery-1 is-layout-flex wp-block-gallery-is-layout-flex\"><ul class=\"blocks-gallery-grid\"><li class=\"blocks-gallery-item\"><figure><a href=\"http:\/\/sp1.kielce.eu\/wp-content\/uploads\/2021\/06\/20210625_083647-scaled.jpg\"><img loading=\"lazy\" decoding=\"async\" width=\"1200\" height=\"900\" src=\"http:\/\/sp1.kielce.eu\/wp-content\/uploads\/2021\/06\/20210625_083647-1200x900.jpg\" alt=\"\" data-id=\"17936\" data-full-url=\"http:\/\/sp1.kielce.eu\/wp-content\/uploads\/2021\/06\/20210625_083647-scaled.jpg\" data-link=\"http:\/\/sp1.kielce.eu\/?attachment_id=17936\" class=\"wp-image-17936\" srcset=\"https:\/\/sp1.kielce.eu\/wp-content\/uploads\/2021\/06\/20210625_083647-1200x900.jpg 1200w, https:\/\/sp1.kielce.eu\/wp-content\/uploads\/2021\/06\/20210625_083647-300x225.jpg 300w, https:\/\/sp1.kielce.eu\/wp-content\/uploads\/2021\/06\/20210625_083647-768x576.jpg 768w, https:\/\/sp1.kielce.eu\/wp-content\/uploads\/2021\/06\/20210625_083647-1536x1152.jpg 1536w, https:\/\/sp1.kielce.eu\/wp-content\/uploads\/2021\/06\/20210625_083647-2048x1536.jpg 2048w, https:\/\/sp1.kielce.eu\/wp-content\/uploads\/2021\/06\/20210625_083647-820x615.jpg 820w\" sizes=\"auto, (max-width: 1200px) 100vw, 1200px\" \/><\/a><\/figure><\/li><li class=\"blocks-gallery-item\"><figure><a href=\"http:\/\/sp1.kielce.eu\/wp-content\/uploads\/2021\/06\/20210625_103545-scaled.jpg\"><img loading=\"lazy\" decoding=\"async\" width=\"1200\" height=\"900\" src=\"http:\/\/sp1.kielce.eu\/wp-content\/uploads\/2021\/06\/20210625_103545-1200x900.jpg\" alt=\"\" data-id=\"17937\" data-full-url=\"http:\/\/sp1.kielce.eu\/wp-content\/uploads\/2021\/06\/20210625_103545-scaled.jpg\" data-link=\"http:\/\/sp1.kielce.eu\/?attachment_id=17937\" class=\"wp-image-17937\" srcset=\"https:\/\/sp1.kielce.eu\/wp-content\/uploads\/2021\/06\/20210625_103545-1200x900.jpg 1200w, https:\/\/sp1.kielce.eu\/wp-content\/uploads\/2021\/06\/20210625_103545-300x225.jpg 300w, https:\/\/sp1.kielce.eu\/wp-content\/uploads\/2021\/06\/20210625_103545-768x576.jpg 768w, https:\/\/sp1.kielce.eu\/wp-content\/uploads\/2021\/06\/20210625_103545-1536x1152.jpg 1536w, https:\/\/sp1.kielce.eu\/wp-content\/uploads\/2021\/06\/20210625_103545-2048x1536.jpg 2048w, https:\/\/sp1.kielce.eu\/wp-content\/uploads\/2021\/06\/20210625_103545-820x615.jpg 820w\" sizes=\"auto, (max-width: 1200px) 100vw, 1200px\" \/><\/a><\/figure><\/li><li class=\"blocks-gallery-item\"><figure><a href=\"http:\/\/sp1.kielce.eu\/wp-content\/uploads\/2021\/06\/Amelia-Bednarska.jpg\"><img loading=\"lazy\" decoding=\"async\" width=\"506\" height=\"900\" src=\"http:\/\/sp1.kielce.eu\/wp-content\/uploads\/2021\/06\/Amelia-Bednarska-506x900.jpg\" alt=\"\" data-id=\"17938\" data-full-url=\"http:\/\/sp1.kielce.eu\/wp-content\/uploads\/2021\/06\/Amelia-Bednarska.jpg\" data-link=\"http:\/\/sp1.kielce.eu\/?attachment_id=17938\" class=\"wp-image-17938\" srcset=\"https:\/\/sp1.kielce.eu\/wp-content\/uploads\/2021\/06\/Amelia-Bednarska-506x900.jpg 506w, https:\/\/sp1.kielce.eu\/wp-content\/uploads\/2021\/06\/Amelia-Bednarska-169x300.jpg 169w, https:\/\/sp1.kielce.eu\/wp-content\/uploads\/2021\/06\/Amelia-Bednarska-768x1365.jpg 768w, https:\/\/sp1.kielce.eu\/wp-content\/uploads\/2021\/06\/Amelia-Bednarska-864x1536.jpg 864w, https:\/\/sp1.kielce.eu\/wp-content\/uploads\/2021\/06\/Amelia-Bednarska-820x1458.jpg 820w, https:\/\/sp1.kielce.eu\/wp-content\/uploads\/2021\/06\/Amelia-Bednarska.jpg 1125w\" sizes=\"auto, (max-width: 506px) 100vw, 506px\" \/><\/a><\/figure><\/li><li class=\"blocks-gallery-item\"><figure><a href=\"http:\/\/sp1.kielce.eu\/wp-content\/uploads\/2021\/06\/Igor-Zatelmajer-scaled.jpg\"><img loading=\"lazy\" decoding=\"async\" width=\"1400\" height=\"788\" src=\"http:\/\/sp1.kielce.eu\/wp-content\/uploads\/2021\/06\/Igor-Zatelmajer-1400x788.jpg\" alt=\"\" data-id=\"17939\" data-full-url=\"http:\/\/sp1.kielce.eu\/wp-content\/uploads\/2021\/06\/Igor-Zatelmajer-scaled.jpg\" data-link=\"http:\/\/sp1.kielce.eu\/?attachment_id=17939\" class=\"wp-image-17939\" srcset=\"https:\/\/sp1.kielce.eu\/wp-content\/uploads\/2021\/06\/Igor-Zatelmajer-1400x788.jpg 1400w, https:\/\/sp1.kielce.eu\/wp-content\/uploads\/2021\/06\/Igor-Zatelmajer-300x169.jpg 300w, https:\/\/sp1.kielce.eu\/wp-content\/uploads\/2021\/06\/Igor-Zatelmajer-768x432.jpg 768w, https:\/\/sp1.kielce.eu\/wp-content\/uploads\/2021\/06\/Igor-Zatelmajer-1536x864.jpg 1536w, https:\/\/sp1.kielce.eu\/wp-content\/uploads\/2021\/06\/Igor-Zatelmajer-2048x1152.jpg 2048w, https:\/\/sp1.kielce.eu\/wp-content\/uploads\/2021\/06\/Igor-Zatelmajer-820x461.jpg 820w\" sizes=\"auto, (max-width: 1400px) 100vw, 1400px\" \/><\/a><figcaption class=\"blocks-gallery-item__caption\">Exif_JPEG_420<\/figcaption><\/figure><\/li><li class=\"blocks-gallery-item\"><figure><a href=\"http:\/\/sp1.kielce.eu\/wp-content\/uploads\/2021\/06\/MicrosoftTeams-image-459.jpg\"><img loading=\"lazy\" decoding=\"async\" width=\"640\" height=\"360\" src=\"http:\/\/sp1.kielce.eu\/wp-content\/uploads\/2021\/06\/MicrosoftTeams-image-459.jpg\" alt=\"\" data-id=\"17940\" data-full-url=\"http:\/\/sp1.kielce.eu\/wp-content\/uploads\/2021\/06\/MicrosoftTeams-image-459.jpg\" data-link=\"http:\/\/sp1.kielce.eu\/?attachment_id=17940\" class=\"wp-image-17940\" srcset=\"https:\/\/sp1.kielce.eu\/wp-content\/uploads\/2021\/06\/MicrosoftTeams-image-459.jpg 640w, https:\/\/sp1.kielce.eu\/wp-content\/uploads\/2021\/06\/MicrosoftTeams-image-459-300x169.jpg 300w\" sizes=\"auto, (max-width: 640px) 100vw, 640px\" \/><\/a><\/figure><\/li><\/ul><\/figure>\n","protected":false},"excerpt":{"rendered":"<p>Mi\u0142o nam poinformowa\u0107, \u017ce uczniowie naszej szko\u0142y zaj\u0119li czo\u0142owe miejsca w mi\u0119dzyszkolnym konkursie ,,Tw\u00f3rczo\u015b\u0107 Henryka [&hellip;]<\/p>\n","protected":false},"author":5,"featured_media":17941,"comment_status":"closed","ping_status":"open","sticky":false,"template":"","format":"standard","meta":{"footnotes":""},"categories":[36,10,21],"tags":[],"class_list":["post-17935","post","type-post","status-publish","format-standard","has-post-thumbnail","hentry","category-wydarzenia","category-konkursy-przedmiotowe","category-konkursy"],"_links":{"self":[{"href":"https:\/\/sp1.kielce.eu\/index.php\/wp-json\/wp\/v2\/posts\/17935","targetHints":{"allow":["GET"]}}],"collection":[{"href":"https:\/\/sp1.kielce.eu\/index.php\/wp-json\/wp\/v2\/posts"}],"about":[{"href":"https:\/\/sp1.kielce.eu\/index.php\/wp-json\/wp\/v2\/types\/post"}],"author":[{"embeddable":true,"href":"https:\/\/sp1.kielce.eu\/index.php\/wp-json\/wp\/v2\/users\/5"}],"replies":[{"embeddable":true,"href":"https:\/\/sp1.kielce.eu\/index.php\/wp-json\/wp\/v2\/comments?post=17935"}],"version-history":[{"count":2,"href":"https:\/\/sp1.kielce.eu\/index.php\/wp-json\/wp\/v2\/posts\/17935\/revisions"}],"predecessor-version":[{"id":17973,"href":"https:\/\/sp1.kielce.eu\/index.php\/wp-json\/wp\/v2\/posts\/17935\/revisions\/17973"}],"wp:featuredmedia":[{"embeddable":true,"href":"https:\/\/sp1.kielce.eu\/index.php\/wp-json\/wp\/v2\/media\/17941"}],"wp:attachment":[{"href":"https:\/\/sp1.kielce.eu\/index.php\/wp-json\/wp\/v2\/media?parent=17935"}],"wp:term":[{"taxonomy":"category","embeddable":true,"href":"https:\/\/sp1.kielce.eu\/index.php\/wp-json\/wp\/v2\/categories?post=17935"},{"taxonomy":"post_tag","embeddable":true,"href":"https:\/\/sp1.kielce.eu\/index.php\/wp-json\/wp\/v2\/tags?post=17935"}],"curies":[{"name":"wp","href":"https:\/\/api.w.org\/{rel}","templated":true}]}}