{"id":1792,"date":"2017-05-05T00:39:59","date_gmt":"2017-05-04T22:39:59","guid":{"rendered":"http:\/\/sp1.kielce.eu\/?p=1792"},"modified":"2017-05-07T17:30:23","modified_gmt":"2017-05-07T15:30:23","slug":"laureatka-konkursu-humanistycznego","status":"publish","type":"post","link":"https:\/\/sp1.kielce.eu\/index.php\/2017\/05\/05\/laureatka-konkursu-humanistycznego\/","title":{"rendered":"Laureatka Konkursu Humanistycznego"},"content":{"rendered":"<p style=\"text-align: justify;\">25 kwietnia w sali Omega w Centrum Targowym Kielce odby\u0142a si\u0119 uroczysta gala podsumowuj\u0105ca konkursy przedmiotowe dla szk\u00f3\u0142 podstawowych wojew\u00f3dztwa \u015bwi\u0119tokrzyskiego organizowane przez Kuratorium O\u015bwiaty oraz \u015awi\u0119tokrzyskie Centrum Doskonalenia Nauczycieli. Nasza uczennica \u2013 <strong>Agata Borycka z kl. 6c<\/strong> zosta\u0142a laureatk\u0105 XIV Konkursu Humanistycznego.\u00a0 Znalaz\u0142a si\u0119 na podium w\u015br\u00f3d grona 24- ech najlepszych humanist\u00f3w w wojew\u00f3dztwie. Opr\u00f3cz pami\u0105tkowego medalu i dyplomu, uczennica zostanie zwolniona z egzaminu \u00f3smoklasisty z j. polskiego oraz b\u0119dzie mie\u0107\u00a0 pierwsze\u0144stwo podczas rekrutacji do szko\u0142y ponadgimnazjalnej. To nagroda dla Agaty za wytrwa\u0142\u0105 prac\u0119 i ambitne d\u0105\u017cenie do celu. Gratulujemy serdecznie!<\/p>\n<p style=\"text-align: right;\">Dorota Broni\u015b<\/p>\n<div id='gallery-1' class='gallery galleryid-1792 gallery-columns-3 gallery-size-thumbnail'><figure class='gallery-item'>\n\t\t\t<div class='gallery-icon landscape'>\n\t\t\t\t<a href='https:\/\/sp1.kielce.eu\/wp-content\/uploads\/2017\/05\/20170425_115928-Medium.jpg'><img loading=\"lazy\" decoding=\"async\" width=\"150\" height=\"150\" src=\"https:\/\/sp1.kielce.eu\/wp-content\/uploads\/2017\/05\/20170425_115928-Medium-150x150.jpg\" class=\"attachment-thumbnail size-thumbnail\" alt=\"\" aria-describedby=\"gallery-1-1793\" \/><\/a>\n\t\t\t<\/div>\n\t\t\t\t<figcaption class='wp-caption-text gallery-caption' id='gallery-1-1793'>\n\t\t\t\t05\n\t\t\t\t<\/figcaption><\/figure><figure class='gallery-item'>\n\t\t\t<div class='gallery-icon landscape'>\n\t\t\t\t<a href='https:\/\/sp1.kielce.eu\/wp-content\/uploads\/2017\/05\/20170425_123406-Medium.jpg'><img loading=\"lazy\" decoding=\"async\" width=\"150\" height=\"150\" src=\"https:\/\/sp1.kielce.eu\/wp-content\/uploads\/2017\/05\/20170425_123406-Medium-150x150.jpg\" class=\"attachment-thumbnail size-thumbnail\" alt=\"\" aria-describedby=\"gallery-1-1794\" \/><\/a>\n\t\t\t<\/div>\n\t\t\t\t<figcaption class='wp-caption-text gallery-caption' id='gallery-1-1794'>\n\t\t\t\t04\n\t\t\t\t<\/figcaption><\/figure><figure class='gallery-item'>\n\t\t\t<div class='gallery-icon landscape'>\n\t\t\t\t<a href='https:\/\/sp1.kielce.eu\/wp-content\/uploads\/2017\/05\/20170425_123440-Medium.jpg'><img loading=\"lazy\" decoding=\"async\" width=\"150\" height=\"150\" src=\"https:\/\/sp1.kielce.eu\/wp-content\/uploads\/2017\/05\/20170425_123440-Medium-150x150.jpg\" class=\"attachment-thumbnail size-thumbnail\" alt=\"\" aria-describedby=\"gallery-1-1795\" \/><\/a>\n\t\t\t<\/div>\n\t\t\t\t<figcaption class='wp-caption-text gallery-caption' id='gallery-1-1795'>\n\t\t\t\t03\n\t\t\t\t<\/figcaption><\/figure><figure class='gallery-item'>\n\t\t\t<div class='gallery-icon portrait'>\n\t\t\t\t<a href='https:\/\/sp1.kielce.eu\/wp-content\/uploads\/2017\/05\/PicsArt_04-25-02.54.02-Medium.jpg'><img loading=\"lazy\" decoding=\"async\" width=\"150\" height=\"150\" src=\"https:\/\/sp1.kielce.eu\/wp-content\/uploads\/2017\/05\/PicsArt_04-25-02.54.02-Medium-150x150.jpg\" class=\"attachment-thumbnail size-thumbnail\" alt=\"Agata Borycka\" aria-describedby=\"gallery-1-1796\" \/><\/a>\n\t\t\t<\/div>\n\t\t\t\t<figcaption class='wp-caption-text gallery-caption' id='gallery-1-1796'>\n\t\t\t\t02\n\t\t\t\t<\/figcaption><\/figure><figure class='gallery-item'>\n\t\t\t<div class='gallery-icon portrait'>\n\t\t\t\t<a href='https:\/\/sp1.kielce.eu\/wp-content\/uploads\/2017\/05\/Skan_20170427.png'><img loading=\"lazy\" decoding=\"async\" width=\"150\" height=\"150\" src=\"https:\/\/sp1.kielce.eu\/wp-content\/uploads\/2017\/05\/Skan_20170427-150x150.png\" class=\"attachment-thumbnail size-thumbnail\" alt=\"\" aria-describedby=\"gallery-1-1797\" \/><\/a>\n\t\t\t<\/div>\n\t\t\t\t<figcaption class='wp-caption-text gallery-caption' id='gallery-1-1797'>\n\t\t\t\t01\n\t\t\t\t<\/figcaption><\/figure>\n\t\t<\/div>\n\n","protected":false},"excerpt":{"rendered":"<p>25 kwietnia w sali Omega w Centrum Targowym Kielce odby\u0142a si\u0119 uroczysta gala podsumowuj\u0105ca konkursy [&hellip;]<\/p>\n","protected":false},"author":5,"featured_media":1836,"comment_status":"closed","ping_status":"open","sticky":false,"template":"","format":"standard","meta":{"footnotes":""},"categories":[10,21],"tags":[64],"class_list":["post-1792","post","type-post","status-publish","format-standard","has-post-thumbnail","hentry","category-konkursy-przedmiotowe","category-konkursy","tag-sukces"],"_links":{"self":[{"href":"https:\/\/sp1.kielce.eu\/index.php\/wp-json\/wp\/v2\/posts\/1792","targetHints":{"allow":["GET"]}}],"collection":[{"href":"https:\/\/sp1.kielce.eu\/index.php\/wp-json\/wp\/v2\/posts"}],"about":[{"href":"https:\/\/sp1.kielce.eu\/index.php\/wp-json\/wp\/v2\/types\/post"}],"author":[{"embeddable":true,"href":"https:\/\/sp1.kielce.eu\/index.php\/wp-json\/wp\/v2\/users\/5"}],"replies":[{"embeddable":true,"href":"https:\/\/sp1.kielce.eu\/index.php\/wp-json\/wp\/v2\/comments?post=1792"}],"version-history":[{"count":2,"href":"https:\/\/sp1.kielce.eu\/index.php\/wp-json\/wp\/v2\/posts\/1792\/revisions"}],"predecessor-version":[{"id":1837,"href":"https:\/\/sp1.kielce.eu\/index.php\/wp-json\/wp\/v2\/posts\/1792\/revisions\/1837"}],"wp:featuredmedia":[{"embeddable":true,"href":"https:\/\/sp1.kielce.eu\/index.php\/wp-json\/wp\/v2\/media\/1836"}],"wp:attachment":[{"href":"https:\/\/sp1.kielce.eu\/index.php\/wp-json\/wp\/v2\/media?parent=1792"}],"wp:term":[{"taxonomy":"category","embeddable":true,"href":"https:\/\/sp1.kielce.eu\/index.php\/wp-json\/wp\/v2\/categories?post=1792"},{"taxonomy":"post_tag","embeddable":true,"href":"https:\/\/sp1.kielce.eu\/index.php\/wp-json\/wp\/v2\/tags?post=1792"}],"curies":[{"name":"wp","href":"https:\/\/api.w.org\/{rel}","templated":true}]}}