{"id":17913,"date":"2021-06-27T23:16:25","date_gmt":"2021-06-27T21:16:25","guid":{"rendered":"http:\/\/sp1.kielce.eu\/?p=17913"},"modified":"2021-06-27T23:16:25","modified_gmt":"2021-06-27T21:16:25","slug":"swieto-kielc-2021","status":"publish","type":"post","link":"https:\/\/sp1.kielce.eu\/index.php\/2021\/06\/27\/swieto-kielc-2021\/","title":{"rendered":"\u015awi\u0119to Kielc 2021"},"content":{"rendered":"\n<p>Z okazji <strong>\u201e\u015awi\u0119ta Kielc 2021\u201d <\/strong>w&nbsp;niedziel\u0119, 27&nbsp;czerwca, scen\u0119 przej\u0119li nasi mali arty\u015bci. Widowiskowe pokazy \u015bpiewu oraz ta\u0144ca nada\u0142y niepowtarzalnego uroku imprezie i&nbsp;by\u0142y niezwykle barwn\u0105 atrakcj\u0105!<\/p>\n\n\n\n<p>Nasze formy aktywno\u015bci muzyczno \u2013 ruchowej cieszy\u0142y si\u0119 du\u017cym zainteresowaniem. ?\u200d?\u200d?\u200d??\u200d?\u200d?\u200d?<\/p>\n\n\n\n<p>Wyst\u0105pili:<\/p>\n\n\n\n<ul class=\"wp-block-list\"><li>w\u00a0utworze solo: Karolina Gola uczennica klasy 4 w\u00a0repertuarze Edyty Geppert \u201eKocham Ci\u0119 \u017cycie\u201d. Prezentacje wokaln\u0105 przygotowa\u0142a p.\u00a0Emilia Orkisz.<\/li><li>w\u00a0utworze solo: Alicja Zago\u017adzi\u0144ska uczennica klasy 4 w\u00a0utworze pt.:\u00a0\u201eAlej\u0105 Gwiazd\u201d z\u00a0repertuaru Zdzis\u0142awy So\u015bnickiej. Prezentacje wokaln\u0105 przygotowa\u0142a p.\u00a0Emilia Orkisz.<\/li><li>Pani Emilia Orkisz \u2013 nauczyciel muzyki w\u00a0utworze Anny Karwan pt.:\u00a0\u201eS\u0142ucham Ci\u0119 w\u00a0radiu co tydzie\u0144\u201d.<\/li><li>\u201eMa\u0142e Formy Artystyczne\u201d klas I-III w\u00a0choreografii tanecznej \u201eNie b\u00f3j si\u0119 by\u0107 sob\u0105 \u2013 Mulan\u201d. Prezentacje przygotowa\u0142y p.\u00a0Ewa Nowak i\u00a0p.\u00a0Marta Wi\u0119ckowska.<\/li><\/ul>\n\n\n\n<p>Pokazy i&nbsp;wyst\u0119py pozwalaj\u0105 dzieciom uwierzy\u0107 we w\u0142asne si\u0142y, pomagaj\u0105 w&nbsp;pozbyciu si\u0119 nie\u015bmia\u0142o\u015bci i&nbsp;sprzyjaj\u0105 rozwojowi uczu\u0107 kole\u017ce\u0144skich.<\/p>\n\n\n\n<p>Gratulujemy i&nbsp;Dzi\u0119kujemy!!!<\/p>\n\n\n\n<p class=\"has-text-align-right\">Opiekunowie:<br>Emilia Orkisz<br>Ewa Nowak<br>Marta Wi\u0119ckowska<\/p>\n\n\n\n<figure class=\"wp-block-gallery columns-3 is-cropped wp-block-gallery-1 is-layout-flex wp-block-gallery-is-layout-flex\"><ul class=\"blocks-gallery-grid\"><li class=\"blocks-gallery-item\"><figure><a href=\"http:\/\/sp1.kielce.eu\/wp-content\/uploads\/2021\/06\/FB_IMG_1624815195860-Copy.jpg\"><img loading=\"lazy\" decoding=\"async\" width=\"1200\" height=\"600\" src=\"http:\/\/sp1.kielce.eu\/wp-content\/uploads\/2021\/06\/FB_IMG_1624815195860-Copy.jpg\" alt=\"\" data-id=\"17915\" data-full-url=\"http:\/\/sp1.kielce.eu\/wp-content\/uploads\/2021\/06\/FB_IMG_1624815195860-Copy.jpg\" data-link=\"http:\/\/sp1.kielce.eu\/?attachment_id=17915\" class=\"wp-image-17915\" srcset=\"https:\/\/sp1.kielce.eu\/wp-content\/uploads\/2021\/06\/FB_IMG_1624815195860-Copy.jpg 1200w, https:\/\/sp1.kielce.eu\/wp-content\/uploads\/2021\/06\/FB_IMG_1624815195860-Copy-300x150.jpg 300w, https:\/\/sp1.kielce.eu\/wp-content\/uploads\/2021\/06\/FB_IMG_1624815195860-Copy-768x384.jpg 768w, https:\/\/sp1.kielce.eu\/wp-content\/uploads\/2021\/06\/FB_IMG_1624815195860-Copy-820x410.jpg 820w\" sizes=\"auto, (max-width: 1200px) 100vw, 1200px\" \/><\/a><\/figure><\/li><li class=\"blocks-gallery-item\"><figure><a href=\"http:\/\/sp1.kielce.eu\/wp-content\/uploads\/2021\/06\/FB_IMG_1624815200459-Copy.jpg\"><img loading=\"lazy\" decoding=\"async\" width=\"1200\" height=\"600\" src=\"http:\/\/sp1.kielce.eu\/wp-content\/uploads\/2021\/06\/FB_IMG_1624815200459-Copy.jpg\" alt=\"\" data-id=\"17916\" data-full-url=\"http:\/\/sp1.kielce.eu\/wp-content\/uploads\/2021\/06\/FB_IMG_1624815200459-Copy.jpg\" data-link=\"http:\/\/sp1.kielce.eu\/?attachment_id=17916\" class=\"wp-image-17916\" srcset=\"https:\/\/sp1.kielce.eu\/wp-content\/uploads\/2021\/06\/FB_IMG_1624815200459-Copy.jpg 1200w, https:\/\/sp1.kielce.eu\/wp-content\/uploads\/2021\/06\/FB_IMG_1624815200459-Copy-300x150.jpg 300w, https:\/\/sp1.kielce.eu\/wp-content\/uploads\/2021\/06\/FB_IMG_1624815200459-Copy-768x384.jpg 768w, https:\/\/sp1.kielce.eu\/wp-content\/uploads\/2021\/06\/FB_IMG_1624815200459-Copy-820x410.jpg 820w\" sizes=\"auto, (max-width: 1200px) 100vw, 1200px\" \/><\/a><\/figure><\/li><li class=\"blocks-gallery-item\"><figure><a href=\"http:\/\/sp1.kielce.eu\/wp-content\/uploads\/2021\/06\/IMG_20210627_150322-Copy.jpg\"><img loading=\"lazy\" decoding=\"async\" width=\"1200\" height=\"900\" src=\"http:\/\/sp1.kielce.eu\/wp-content\/uploads\/2021\/06\/IMG_20210627_150322-Copy.jpg\" alt=\"\" data-id=\"17917\" data-full-url=\"http:\/\/sp1.kielce.eu\/wp-content\/uploads\/2021\/06\/IMG_20210627_150322-Copy.jpg\" data-link=\"http:\/\/sp1.kielce.eu\/?attachment_id=17917\" class=\"wp-image-17917\" srcset=\"https:\/\/sp1.kielce.eu\/wp-content\/uploads\/2021\/06\/IMG_20210627_150322-Copy.jpg 1200w, https:\/\/sp1.kielce.eu\/wp-content\/uploads\/2021\/06\/IMG_20210627_150322-Copy-300x225.jpg 300w, https:\/\/sp1.kielce.eu\/wp-content\/uploads\/2021\/06\/IMG_20210627_150322-Copy-768x576.jpg 768w, https:\/\/sp1.kielce.eu\/wp-content\/uploads\/2021\/06\/IMG_20210627_150322-Copy-820x615.jpg 820w\" sizes=\"auto, (max-width: 1200px) 100vw, 1200px\" \/><\/a><\/figure><\/li><li class=\"blocks-gallery-item\"><figure><a href=\"http:\/\/sp1.kielce.eu\/wp-content\/uploads\/2021\/06\/IMG_20210627_150330-Copy.jpg\"><img loading=\"lazy\" decoding=\"async\" width=\"1200\" height=\"900\" src=\"http:\/\/sp1.kielce.eu\/wp-content\/uploads\/2021\/06\/IMG_20210627_150330-Copy.jpg\" alt=\"\" data-id=\"17918\" data-full-url=\"http:\/\/sp1.kielce.eu\/wp-content\/uploads\/2021\/06\/IMG_20210627_150330-Copy.jpg\" data-link=\"http:\/\/sp1.kielce.eu\/?attachment_id=17918\" class=\"wp-image-17918\" srcset=\"https:\/\/sp1.kielce.eu\/wp-content\/uploads\/2021\/06\/IMG_20210627_150330-Copy.jpg 1200w, https:\/\/sp1.kielce.eu\/wp-content\/uploads\/2021\/06\/IMG_20210627_150330-Copy-300x225.jpg 300w, https:\/\/sp1.kielce.eu\/wp-content\/uploads\/2021\/06\/IMG_20210627_150330-Copy-768x576.jpg 768w, https:\/\/sp1.kielce.eu\/wp-content\/uploads\/2021\/06\/IMG_20210627_150330-Copy-820x615.jpg 820w\" sizes=\"auto, (max-width: 1200px) 100vw, 1200px\" \/><\/a><\/figure><\/li><li class=\"blocks-gallery-item\"><figure><a href=\"http:\/\/sp1.kielce.eu\/wp-content\/uploads\/2021\/06\/IMG_20210627_150336-Copy.jpg\"><img loading=\"lazy\" decoding=\"async\" width=\"1200\" height=\"900\" src=\"http:\/\/sp1.kielce.eu\/wp-content\/uploads\/2021\/06\/IMG_20210627_150336-Copy.jpg\" alt=\"\" data-id=\"17919\" data-full-url=\"http:\/\/sp1.kielce.eu\/wp-content\/uploads\/2021\/06\/IMG_20210627_150336-Copy.jpg\" data-link=\"http:\/\/sp1.kielce.eu\/?attachment_id=17919\" class=\"wp-image-17919\" srcset=\"https:\/\/sp1.kielce.eu\/wp-content\/uploads\/2021\/06\/IMG_20210627_150336-Copy.jpg 1200w, https:\/\/sp1.kielce.eu\/wp-content\/uploads\/2021\/06\/IMG_20210627_150336-Copy-300x225.jpg 300w, https:\/\/sp1.kielce.eu\/wp-content\/uploads\/2021\/06\/IMG_20210627_150336-Copy-768x576.jpg 768w, https:\/\/sp1.kielce.eu\/wp-content\/uploads\/2021\/06\/IMG_20210627_150336-Copy-820x615.jpg 820w\" sizes=\"auto, (max-width: 1200px) 100vw, 1200px\" \/><\/a><\/figure><\/li><li class=\"blocks-gallery-item\"><figure><a href=\"http:\/\/sp1.kielce.eu\/wp-content\/uploads\/2021\/06\/IMG_20210627_155309-Copy.jpg\"><img loading=\"lazy\" decoding=\"async\" width=\"1200\" height=\"900\" src=\"http:\/\/sp1.kielce.eu\/wp-content\/uploads\/2021\/06\/IMG_20210627_155309-Copy.jpg\" alt=\"\" data-id=\"17920\" data-full-url=\"http:\/\/sp1.kielce.eu\/wp-content\/uploads\/2021\/06\/IMG_20210627_155309-Copy.jpg\" data-link=\"http:\/\/sp1.kielce.eu\/?attachment_id=17920\" class=\"wp-image-17920\" srcset=\"https:\/\/sp1.kielce.eu\/wp-content\/uploads\/2021\/06\/IMG_20210627_155309-Copy.jpg 1200w, https:\/\/sp1.kielce.eu\/wp-content\/uploads\/2021\/06\/IMG_20210627_155309-Copy-300x225.jpg 300w, https:\/\/sp1.kielce.eu\/wp-content\/uploads\/2021\/06\/IMG_20210627_155309-Copy-768x576.jpg 768w, https:\/\/sp1.kielce.eu\/wp-content\/uploads\/2021\/06\/IMG_20210627_155309-Copy-820x615.jpg 820w\" sizes=\"auto, (max-width: 1200px) 100vw, 1200px\" \/><\/a><\/figure><\/li><li class=\"blocks-gallery-item\"><figure><a href=\"http:\/\/sp1.kielce.eu\/wp-content\/uploads\/2021\/06\/IMG_20210627_155413-Copy.jpg\"><img loading=\"lazy\" decoding=\"async\" width=\"675\" height=\"900\" src=\"http:\/\/sp1.kielce.eu\/wp-content\/uploads\/2021\/06\/IMG_20210627_155413-Copy.jpg\" alt=\"\" data-id=\"17921\" data-full-url=\"http:\/\/sp1.kielce.eu\/wp-content\/uploads\/2021\/06\/IMG_20210627_155413-Copy.jpg\" data-link=\"http:\/\/sp1.kielce.eu\/?attachment_id=17921\" class=\"wp-image-17921\" srcset=\"https:\/\/sp1.kielce.eu\/wp-content\/uploads\/2021\/06\/IMG_20210627_155413-Copy.jpg 675w, https:\/\/sp1.kielce.eu\/wp-content\/uploads\/2021\/06\/IMG_20210627_155413-Copy-225x300.jpg 225w\" sizes=\"auto, (max-width: 675px) 100vw, 675px\" \/><\/a><\/figure><\/li><li class=\"blocks-gallery-item\"><figure><a href=\"http:\/\/sp1.kielce.eu\/wp-content\/uploads\/2021\/06\/IMG_20210627_155414-Copy.jpg\"><img loading=\"lazy\" decoding=\"async\" width=\"675\" height=\"900\" src=\"http:\/\/sp1.kielce.eu\/wp-content\/uploads\/2021\/06\/IMG_20210627_155414-Copy.jpg\" alt=\"\" data-id=\"17922\" data-full-url=\"http:\/\/sp1.kielce.eu\/wp-content\/uploads\/2021\/06\/IMG_20210627_155414-Copy.jpg\" data-link=\"http:\/\/sp1.kielce.eu\/?attachment_id=17922\" class=\"wp-image-17922\" srcset=\"https:\/\/sp1.kielce.eu\/wp-content\/uploads\/2021\/06\/IMG_20210627_155414-Copy.jpg 675w, https:\/\/sp1.kielce.eu\/wp-content\/uploads\/2021\/06\/IMG_20210627_155414-Copy-225x300.jpg 225w\" sizes=\"auto, (max-width: 675px) 100vw, 675px\" \/><\/a><\/figure><\/li><li class=\"blocks-gallery-item\"><figure><a href=\"http:\/\/sp1.kielce.eu\/wp-content\/uploads\/2021\/06\/IMG_20210627_213835-Copy.jpg\"><img loading=\"lazy\" decoding=\"async\" width=\"1200\" height=\"859\" src=\"http:\/\/sp1.kielce.eu\/wp-content\/uploads\/2021\/06\/IMG_20210627_213835-Copy.jpg\" alt=\"\" data-id=\"17923\" data-full-url=\"http:\/\/sp1.kielce.eu\/wp-content\/uploads\/2021\/06\/IMG_20210627_213835-Copy.jpg\" data-link=\"http:\/\/sp1.kielce.eu\/?attachment_id=17923\" class=\"wp-image-17923\" srcset=\"https:\/\/sp1.kielce.eu\/wp-content\/uploads\/2021\/06\/IMG_20210627_213835-Copy.jpg 1200w, https:\/\/sp1.kielce.eu\/wp-content\/uploads\/2021\/06\/IMG_20210627_213835-Copy-300x215.jpg 300w, https:\/\/sp1.kielce.eu\/wp-content\/uploads\/2021\/06\/IMG_20210627_213835-Copy-768x550.jpg 768w, https:\/\/sp1.kielce.eu\/wp-content\/uploads\/2021\/06\/IMG_20210627_213835-Copy-820x587.jpg 820w\" sizes=\"auto, (max-width: 1200px) 100vw, 1200px\" \/><\/a><\/figure><\/li><\/ul><\/figure>\n","protected":false},"excerpt":{"rendered":"<p>Z okazji \u201e\u015awi\u0119ta Kielc 2021\u201d w&nbsp;niedziel\u0119, 27&nbsp;czerwca, scen\u0119 przej\u0119li nasi mali arty\u015bci. Widowiskowe pokazy \u015bpiewu [&hellip;]<\/p>\n","protected":false},"author":13,"featured_media":17924,"comment_status":"closed","ping_status":"open","sticky":false,"template":"","format":"standard","meta":{"footnotes":""},"categories":[36],"tags":[],"class_list":["post-17913","post","type-post","status-publish","format-standard","has-post-thumbnail","hentry","category-wydarzenia"],"_links":{"self":[{"href":"https:\/\/sp1.kielce.eu\/index.php\/wp-json\/wp\/v2\/posts\/17913","targetHints":{"allow":["GET"]}}],"collection":[{"href":"https:\/\/sp1.kielce.eu\/index.php\/wp-json\/wp\/v2\/posts"}],"about":[{"href":"https:\/\/sp1.kielce.eu\/index.php\/wp-json\/wp\/v2\/types\/post"}],"author":[{"embeddable":true,"href":"https:\/\/sp1.kielce.eu\/index.php\/wp-json\/wp\/v2\/users\/13"}],"replies":[{"embeddable":true,"href":"https:\/\/sp1.kielce.eu\/index.php\/wp-json\/wp\/v2\/comments?post=17913"}],"version-history":[{"count":2,"href":"https:\/\/sp1.kielce.eu\/index.php\/wp-json\/wp\/v2\/posts\/17913\/revisions"}],"predecessor-version":[{"id":17925,"href":"https:\/\/sp1.kielce.eu\/index.php\/wp-json\/wp\/v2\/posts\/17913\/revisions\/17925"}],"wp:featuredmedia":[{"embeddable":true,"href":"https:\/\/sp1.kielce.eu\/index.php\/wp-json\/wp\/v2\/media\/17924"}],"wp:attachment":[{"href":"https:\/\/sp1.kielce.eu\/index.php\/wp-json\/wp\/v2\/media?parent=17913"}],"wp:term":[{"taxonomy":"category","embeddable":true,"href":"https:\/\/sp1.kielce.eu\/index.php\/wp-json\/wp\/v2\/categories?post=17913"},{"taxonomy":"post_tag","embeddable":true,"href":"https:\/\/sp1.kielce.eu\/index.php\/wp-json\/wp\/v2\/tags?post=17913"}],"curies":[{"name":"wp","href":"https:\/\/api.w.org\/{rel}","templated":true}]}}