{"id":17708,"date":"2021-06-24T09:25:48","date_gmt":"2021-06-24T07:25:48","guid":{"rendered":"http:\/\/sp1.kielce.eu\/?p=17708"},"modified":"2021-07-01T23:44:04","modified_gmt":"2021-07-01T21:44:04","slug":"fizyka-to-jest-to","status":"publish","type":"post","link":"https:\/\/sp1.kielce.eu\/index.php\/2021\/06\/24\/fizyka-to-jest-to\/","title":{"rendered":"FIZYKA TO JEST TO !"},"content":{"rendered":"\n<p><strong>Sukcesy Wojciecha Graby w konkursach z fizyki<\/strong><\/p>\n\n\n\n<p>Wojciech Graba z klasy 8c wzi\u0105\u0142 udzia\u0142 w dw\u00f3ch konkursach z fizyki \u2013 og\u00f3lnopolskim i wojew\u00f3dzkim. Rozwi\u0105zuj\u0105c zadania konkursowe&nbsp; wykaza\u0142 si\u0119 nie tylko znajomo\u015bci\u0105 fizyki&nbsp; ale r\u00f3wnie\u017c umiej\u0119tno\u015bci\u0105 logicznego my\u015blenia<br>i rozwi\u0105zywania zada\u0144.<\/p>\n\n\n\n<p>Mi\u0142o mi poinformowa\u0107, \u017ce uzyska\u0142 tytu\u0142y:<\/p>\n\n\n\n<p><strong>laureata &nbsp;&nbsp;&nbsp; og\u00f3lnopolskiego konkursu Galileo z fizyki<\/strong><\/p>\n\n\n\n<p><strong>finalisty&nbsp;&nbsp;&nbsp;&nbsp;&nbsp; <\/strong><strong>II Wojew\u00f3dzkiego Konkursu z fizyki dla uczni\u00f3w szk\u00f3\u0142 podstawowych wojew\u00f3dztwa \u015bwi\u0119tokrzyskiego<\/strong><strong><\/strong><\/p>\n\n\n\n<p>Serdecznie gratuluj\u0119 sukces\u00f3w. nauczyciel fizyki \u2013 El\u017cbieta Biesiada<\/p>\n\n\n\n<figure class=\"wp-block-gallery columns-2 is-cropped wp-block-gallery-1 is-layout-flex wp-block-gallery-is-layout-flex\"><ul class=\"blocks-gallery-grid\"><li class=\"blocks-gallery-item\"><figure><a href=\"http:\/\/sp1.kielce.eu\/wp-content\/uploads\/2021\/06\/zdj\u00a6Ocie-1-Medium.jpg\"><img loading=\"lazy\" decoding=\"async\" width=\"675\" height=\"900\" src=\"http:\/\/sp1.kielce.eu\/wp-content\/uploads\/2021\/06\/zdj\u00a6Ocie-1-Medium-675x900.jpg\" alt=\"\" data-id=\"17709\" data-full-url=\"http:\/\/sp1.kielce.eu\/wp-content\/uploads\/2021\/06\/zdj\u00a6Ocie-1-Medium.jpg\" data-link=\"http:\/\/sp1.kielce.eu\/?attachment_id=17709\" class=\"wp-image-17709\" srcset=\"https:\/\/sp1.kielce.eu\/wp-content\/uploads\/2021\/06\/zdj\u00a6Ocie-1-Medium-675x900.jpg 675w, https:\/\/sp1.kielce.eu\/wp-content\/uploads\/2021\/06\/zdj\u00a6Ocie-1-Medium-225x300.jpg 225w, https:\/\/sp1.kielce.eu\/wp-content\/uploads\/2021\/06\/zdj\u00a6Ocie-1-Medium.jpg 768w\" sizes=\"auto, (max-width: 675px) 100vw, 675px\" \/><\/a><\/figure><\/li><li class=\"blocks-gallery-item\"><figure><a href=\"http:\/\/sp1.kielce.eu\/wp-content\/uploads\/2021\/06\/zdj\u00a6Ocie-2-Medium.jpg\"><img loading=\"lazy\" decoding=\"async\" width=\"675\" height=\"900\" src=\"http:\/\/sp1.kielce.eu\/wp-content\/uploads\/2021\/06\/zdj\u00a6Ocie-2-Medium-675x900.jpg\" alt=\"\" data-id=\"17710\" data-full-url=\"http:\/\/sp1.kielce.eu\/wp-content\/uploads\/2021\/06\/zdj\u00a6Ocie-2-Medium.jpg\" data-link=\"http:\/\/sp1.kielce.eu\/?attachment_id=17710\" class=\"wp-image-17710\" srcset=\"https:\/\/sp1.kielce.eu\/wp-content\/uploads\/2021\/06\/zdj\u00a6Ocie-2-Medium-675x900.jpg 675w, https:\/\/sp1.kielce.eu\/wp-content\/uploads\/2021\/06\/zdj\u00a6Ocie-2-Medium-225x300.jpg 225w, https:\/\/sp1.kielce.eu\/wp-content\/uploads\/2021\/06\/zdj\u00a6Ocie-2-Medium.jpg 768w\" sizes=\"auto, (max-width: 675px) 100vw, 675px\" \/><\/a><\/figure><\/li><\/ul><\/figure>\n","protected":false},"excerpt":{"rendered":"<p>Sukcesy Wojciecha Graby w konkursach z fizyki Wojciech Graba z klasy 8c wzi\u0105\u0142 udzia\u0142 w [&hellip;]<\/p>\n","protected":false},"author":5,"featured_media":17709,"comment_status":"closed","ping_status":"open","sticky":false,"template":"","format":"standard","meta":{"footnotes":""},"categories":[36,10,21],"tags":[],"class_list":["post-17708","post","type-post","status-publish","format-standard","has-post-thumbnail","hentry","category-wydarzenia","category-konkursy-przedmiotowe","category-konkursy"],"_links":{"self":[{"href":"https:\/\/sp1.kielce.eu\/index.php\/wp-json\/wp\/v2\/posts\/17708","targetHints":{"allow":["GET"]}}],"collection":[{"href":"https:\/\/sp1.kielce.eu\/index.php\/wp-json\/wp\/v2\/posts"}],"about":[{"href":"https:\/\/sp1.kielce.eu\/index.php\/wp-json\/wp\/v2\/types\/post"}],"author":[{"embeddable":true,"href":"https:\/\/sp1.kielce.eu\/index.php\/wp-json\/wp\/v2\/users\/5"}],"replies":[{"embeddable":true,"href":"https:\/\/sp1.kielce.eu\/index.php\/wp-json\/wp\/v2\/comments?post=17708"}],"version-history":[{"count":1,"href":"https:\/\/sp1.kielce.eu\/index.php\/wp-json\/wp\/v2\/posts\/17708\/revisions"}],"predecessor-version":[{"id":17711,"href":"https:\/\/sp1.kielce.eu\/index.php\/wp-json\/wp\/v2\/posts\/17708\/revisions\/17711"}],"wp:featuredmedia":[{"embeddable":true,"href":"https:\/\/sp1.kielce.eu\/index.php\/wp-json\/wp\/v2\/media\/17709"}],"wp:attachment":[{"href":"https:\/\/sp1.kielce.eu\/index.php\/wp-json\/wp\/v2\/media?parent=17708"}],"wp:term":[{"taxonomy":"category","embeddable":true,"href":"https:\/\/sp1.kielce.eu\/index.php\/wp-json\/wp\/v2\/categories?post=17708"},{"taxonomy":"post_tag","embeddable":true,"href":"https:\/\/sp1.kielce.eu\/index.php\/wp-json\/wp\/v2\/tags?post=17708"}],"curies":[{"name":"wp","href":"https:\/\/api.w.org\/{rel}","templated":true}]}}