{"id":17636,"date":"2021-06-04T18:09:00","date_gmt":"2021-06-04T16:09:00","guid":{"rendered":"http:\/\/sp1.kielce.eu\/?p=17636"},"modified":"2021-06-21T18:12:28","modified_gmt":"2021-06-21T16:12:28","slug":"bezpieczne-kielce-ze-straza-miejska","status":"publish","type":"post","link":"https:\/\/sp1.kielce.eu\/index.php\/2021\/06\/04\/bezpieczne-kielce-ze-straza-miejska\/","title":{"rendered":"\u201eBezpieczne Kielce ze Stra\u017c\u0105 Miejsk\u0105\u201d"},"content":{"rendered":"\n<p>Koordynatorzy do spraw profilaktyki Stra\u017cy Miejskiej w&nbsp;ramach realizacji programu profilaktycznego \u201eBezpieczne Kielce ze Stra\u017c\u0105 Miejsk\u0105\u201d przeprowadzili ju\u017c w formie stacjonarnej zaj\u0119cia dla uczni\u00f3w klas I-III naszej szko\u0142y. Dzieci bra\u0142y udzia\u0142 w zaj\u0119ciach wsp\u00f3lnie ze swoimi wychowawcami.<\/p>\n\n\n\n<p>Klasy Ib i&nbsp;Ic uczestniczy\u0142y w&nbsp;zaj\u0119ciach \u201eBezpieczna droga do szko\u0142y ze Stra\u017c\u0105 Miejsk\u0105\u201d. Dzieci pozna\u0142y specyfik\u0119 pracy stra\u017cnika oraz charakterystyk\u0119 ubioru i&nbsp;wyposa\u017cenia. Uzyska\u0142y informacje na temat bezpiecznego poruszania si\u0119 pieszego po drodze.<\/p>\n\n\n\n<p>Klasy Ia, IIa, IIb i IIIb bra\u0142y udzia\u0142 w&nbsp;spotkaniu \u201eWiem, jak zachowa\u0107 si\u0119 wobec osoby obcej\u201d, gdzie zosta\u0142y zaznajomione z&nbsp;zasadami bezpiecznego zachowania si\u0119 w&nbsp;kontaktach z&nbsp;osobami nieznajomymi.<\/p>\n\n\n\n<p>Klasa IIIa uczestniczy\u0142a w&nbsp;spotkaniu \u201eCo wisi w&nbsp;powietrzu?\u201d, kszta\u0142tuj\u0105cym u&nbsp;dzieci postawy proekologiczne.<\/p>\n\n\n\n<p>Na wszystkich zaj\u0119ciach poruszona zosta\u0142a tak\u017ce tematyka bezpiecze\u0144stwa, ze szczeg\u00f3lnym uwzgl\u0119dnieniem bezpiecze\u0144stwa podczas zbli\u017caj\u0105cych wakacji.<\/p>\n\n\n\n<p>To by\u0142y pouczaj\u0105ce zaj\u0119cia, a&nbsp;uczniowie wykazali si\u0119 aktywno\u015bci\u0105 i&nbsp;zainteresowaniem podejmowan\u0105 tematyk\u0105.<\/p>\n\n\n\n<p class=\"has-text-align-right\"> Pedagog szkolny \u2013 Beata Smag\u00f3r<\/p>\n\n\n\n<figure class=\"wp-block-gallery columns-4 is-cropped wp-block-gallery-1 is-layout-flex wp-block-gallery-is-layout-flex\"><ul class=\"blocks-gallery-grid\"><li class=\"blocks-gallery-item\"><figure><a href=\"http:\/\/sp1.kielce.eu\/wp-content\/uploads\/2021\/06\/IMG_20210519_090824519-Copy.jpg\"><img loading=\"lazy\" decoding=\"async\" width=\"1200\" height=\"759\" src=\"http:\/\/sp1.kielce.eu\/wp-content\/uploads\/2021\/06\/IMG_20210519_090824519-Copy.jpg\" alt=\"\" data-id=\"17637\" data-link=\"http:\/\/sp1.kielce.eu\/?attachment_id=17637\" class=\"wp-image-17637\" srcset=\"https:\/\/sp1.kielce.eu\/wp-content\/uploads\/2021\/06\/IMG_20210519_090824519-Copy.jpg 1200w, https:\/\/sp1.kielce.eu\/wp-content\/uploads\/2021\/06\/IMG_20210519_090824519-Copy-300x190.jpg 300w, https:\/\/sp1.kielce.eu\/wp-content\/uploads\/2021\/06\/IMG_20210519_090824519-Copy-768x486.jpg 768w, https:\/\/sp1.kielce.eu\/wp-content\/uploads\/2021\/06\/IMG_20210519_090824519-Copy-820x519.jpg 820w\" sizes=\"auto, (max-width: 1200px) 100vw, 1200px\" \/><\/a><\/figure><\/li><li class=\"blocks-gallery-item\"><figure><a href=\"http:\/\/sp1.kielce.eu\/wp-content\/uploads\/2021\/06\/IMG_20210519_095540723_HDR-Copy.jpg\"><img loading=\"lazy\" decoding=\"async\" width=\"1200\" height=\"898\" src=\"http:\/\/sp1.kielce.eu\/wp-content\/uploads\/2021\/06\/IMG_20210519_095540723_HDR-Copy.jpg\" alt=\"\" data-id=\"17638\" data-link=\"http:\/\/sp1.kielce.eu\/?attachment_id=17638\" class=\"wp-image-17638\" srcset=\"https:\/\/sp1.kielce.eu\/wp-content\/uploads\/2021\/06\/IMG_20210519_095540723_HDR-Copy.jpg 1200w, https:\/\/sp1.kielce.eu\/wp-content\/uploads\/2021\/06\/IMG_20210519_095540723_HDR-Copy-300x225.jpg 300w, https:\/\/sp1.kielce.eu\/wp-content\/uploads\/2021\/06\/IMG_20210519_095540723_HDR-Copy-768x575.jpg 768w, https:\/\/sp1.kielce.eu\/wp-content\/uploads\/2021\/06\/IMG_20210519_095540723_HDR-Copy-820x614.jpg 820w\" sizes=\"auto, (max-width: 1200px) 100vw, 1200px\" \/><\/a><\/figure><\/li><li class=\"blocks-gallery-item\"><figure><a href=\"http:\/\/sp1.kielce.eu\/wp-content\/uploads\/2021\/06\/IMG_20210519_102225636-Copy.jpg\"><img loading=\"lazy\" decoding=\"async\" width=\"1200\" height=\"898\" src=\"http:\/\/sp1.kielce.eu\/wp-content\/uploads\/2021\/06\/IMG_20210519_102225636-Copy.jpg\" alt=\"\" data-id=\"17639\" data-link=\"http:\/\/sp1.kielce.eu\/?attachment_id=17639\" class=\"wp-image-17639\" srcset=\"https:\/\/sp1.kielce.eu\/wp-content\/uploads\/2021\/06\/IMG_20210519_102225636-Copy.jpg 1200w, https:\/\/sp1.kielce.eu\/wp-content\/uploads\/2021\/06\/IMG_20210519_102225636-Copy-300x225.jpg 300w, https:\/\/sp1.kielce.eu\/wp-content\/uploads\/2021\/06\/IMG_20210519_102225636-Copy-768x575.jpg 768w, https:\/\/sp1.kielce.eu\/wp-content\/uploads\/2021\/06\/IMG_20210519_102225636-Copy-820x614.jpg 820w\" sizes=\"auto, (max-width: 1200px) 100vw, 1200px\" \/><\/a><\/figure><\/li><li class=\"blocks-gallery-item\"><figure><a href=\"http:\/\/sp1.kielce.eu\/wp-content\/uploads\/2021\/06\/IMG_20210519_112313333_HDR-Copy.jpg\"><img loading=\"lazy\" decoding=\"async\" width=\"1200\" height=\"898\" src=\"http:\/\/sp1.kielce.eu\/wp-content\/uploads\/2021\/06\/IMG_20210519_112313333_HDR-Copy.jpg\" alt=\"\" data-id=\"17640\" data-link=\"http:\/\/sp1.kielce.eu\/?attachment_id=17640\" class=\"wp-image-17640\" srcset=\"https:\/\/sp1.kielce.eu\/wp-content\/uploads\/2021\/06\/IMG_20210519_112313333_HDR-Copy.jpg 1200w, https:\/\/sp1.kielce.eu\/wp-content\/uploads\/2021\/06\/IMG_20210519_112313333_HDR-Copy-300x225.jpg 300w, https:\/\/sp1.kielce.eu\/wp-content\/uploads\/2021\/06\/IMG_20210519_112313333_HDR-Copy-768x575.jpg 768w, https:\/\/sp1.kielce.eu\/wp-content\/uploads\/2021\/06\/IMG_20210519_112313333_HDR-Copy-820x614.jpg 820w\" sizes=\"auto, (max-width: 1200px) 100vw, 1200px\" \/><\/a><\/figure><\/li><li class=\"blocks-gallery-item\"><figure><a href=\"http:\/\/sp1.kielce.eu\/wp-content\/uploads\/2021\/06\/IMG_20210602_092244755-Copy.jpg\"><img loading=\"lazy\" decoding=\"async\" width=\"673\" height=\"900\" src=\"http:\/\/sp1.kielce.eu\/wp-content\/uploads\/2021\/06\/IMG_20210602_092244755-Copy.jpg\" alt=\"\" data-id=\"17641\" data-link=\"http:\/\/sp1.kielce.eu\/?attachment_id=17641\" class=\"wp-image-17641\" srcset=\"https:\/\/sp1.kielce.eu\/wp-content\/uploads\/2021\/06\/IMG_20210602_092244755-Copy.jpg 673w, https:\/\/sp1.kielce.eu\/wp-content\/uploads\/2021\/06\/IMG_20210602_092244755-Copy-224x300.jpg 224w\" sizes=\"auto, (max-width: 673px) 100vw, 673px\" \/><\/a><\/figure><\/li><li class=\"blocks-gallery-item\"><figure><a href=\"http:\/\/sp1.kielce.eu\/wp-content\/uploads\/2021\/06\/IMG_20210602_092436671_HDR-Copy.jpg\"><img loading=\"lazy\" decoding=\"async\" width=\"1200\" height=\"898\" src=\"http:\/\/sp1.kielce.eu\/wp-content\/uploads\/2021\/06\/IMG_20210602_092436671_HDR-Copy.jpg\" alt=\"\" data-id=\"17642\" data-link=\"http:\/\/sp1.kielce.eu\/?attachment_id=17642\" class=\"wp-image-17642\" srcset=\"https:\/\/sp1.kielce.eu\/wp-content\/uploads\/2021\/06\/IMG_20210602_092436671_HDR-Copy.jpg 1200w, https:\/\/sp1.kielce.eu\/wp-content\/uploads\/2021\/06\/IMG_20210602_092436671_HDR-Copy-300x225.jpg 300w, https:\/\/sp1.kielce.eu\/wp-content\/uploads\/2021\/06\/IMG_20210602_092436671_HDR-Copy-768x575.jpg 768w, https:\/\/sp1.kielce.eu\/wp-content\/uploads\/2021\/06\/IMG_20210602_092436671_HDR-Copy-820x614.jpg 820w\" sizes=\"auto, (max-width: 1200px) 100vw, 1200px\" \/><\/a><\/figure><\/li><li class=\"blocks-gallery-item\"><figure><a href=\"http:\/\/sp1.kielce.eu\/wp-content\/uploads\/2021\/06\/SM-3-Copy.jpg\"><img loading=\"lazy\" decoding=\"async\" width=\"1200\" height=\"554\" src=\"http:\/\/sp1.kielce.eu\/wp-content\/uploads\/2021\/06\/SM-3-Copy.jpg\" alt=\"\" data-id=\"17644\" data-full-url=\"http:\/\/sp1.kielce.eu\/wp-content\/uploads\/2021\/06\/SM-3-Copy.jpg\" data-link=\"http:\/\/sp1.kielce.eu\/?attachment_id=17644\" class=\"wp-image-17644\" srcset=\"https:\/\/sp1.kielce.eu\/wp-content\/uploads\/2021\/06\/SM-3-Copy.jpg 1200w, https:\/\/sp1.kielce.eu\/wp-content\/uploads\/2021\/06\/SM-3-Copy-300x139.jpg 300w, https:\/\/sp1.kielce.eu\/wp-content\/uploads\/2021\/06\/SM-3-Copy-768x355.jpg 768w, https:\/\/sp1.kielce.eu\/wp-content\/uploads\/2021\/06\/SM-3-Copy-820x379.jpg 820w\" sizes=\"auto, (max-width: 1200px) 100vw, 1200px\" \/><\/a><\/figure><\/li><\/ul><\/figure>\n","protected":false},"excerpt":{"rendered":"<p>Koordynatorzy do spraw profilaktyki Stra\u017cy Miejskiej w&nbsp;ramach realizacji programu profilaktycznego \u201eBezpieczne Kielce ze Stra\u017c\u0105 Miejsk\u0105\u201d [&hellip;]<\/p>\n","protected":false},"author":13,"featured_media":17643,"comment_status":"closed","ping_status":"open","sticky":false,"template":"","format":"standard","meta":{"footnotes":""},"categories":[36],"tags":[],"class_list":["post-17636","post","type-post","status-publish","format-standard","has-post-thumbnail","hentry","category-wydarzenia"],"_links":{"self":[{"href":"https:\/\/sp1.kielce.eu\/index.php\/wp-json\/wp\/v2\/posts\/17636","targetHints":{"allow":["GET"]}}],"collection":[{"href":"https:\/\/sp1.kielce.eu\/index.php\/wp-json\/wp\/v2\/posts"}],"about":[{"href":"https:\/\/sp1.kielce.eu\/index.php\/wp-json\/wp\/v2\/types\/post"}],"author":[{"embeddable":true,"href":"https:\/\/sp1.kielce.eu\/index.php\/wp-json\/wp\/v2\/users\/13"}],"replies":[{"embeddable":true,"href":"https:\/\/sp1.kielce.eu\/index.php\/wp-json\/wp\/v2\/comments?post=17636"}],"version-history":[{"count":1,"href":"https:\/\/sp1.kielce.eu\/index.php\/wp-json\/wp\/v2\/posts\/17636\/revisions"}],"predecessor-version":[{"id":17645,"href":"https:\/\/sp1.kielce.eu\/index.php\/wp-json\/wp\/v2\/posts\/17636\/revisions\/17645"}],"wp:featuredmedia":[{"embeddable":true,"href":"https:\/\/sp1.kielce.eu\/index.php\/wp-json\/wp\/v2\/media\/17643"}],"wp:attachment":[{"href":"https:\/\/sp1.kielce.eu\/index.php\/wp-json\/wp\/v2\/media?parent=17636"}],"wp:term":[{"taxonomy":"category","embeddable":true,"href":"https:\/\/sp1.kielce.eu\/index.php\/wp-json\/wp\/v2\/categories?post=17636"},{"taxonomy":"post_tag","embeddable":true,"href":"https:\/\/sp1.kielce.eu\/index.php\/wp-json\/wp\/v2\/tags?post=17636"}],"curies":[{"name":"wp","href":"https:\/\/api.w.org\/{rel}","templated":true}]}}