{"id":17628,"date":"2021-04-23T17:57:00","date_gmt":"2021-04-23T15:57:00","guid":{"rendered":"http:\/\/sp1.kielce.eu\/?p=17628"},"modified":"2021-06-21T17:57:44","modified_gmt":"2021-06-21T15:57:44","slug":"bezpieczenstwo-zajecia-prowadzone-przez-specjalistow-wydzialu-prewencji-komendy-miejskiej-policji-w-kielcach","status":"publish","type":"post","link":"https:\/\/sp1.kielce.eu\/index.php\/2021\/04\/23\/bezpieczenstwo-zajecia-prowadzone-przez-specjalistow-wydzialu-prewencji-komendy-miejskiej-policji-w-kielcach\/","title":{"rendered":"\u201eBEZPIECZE\u0143STWO\u201d \u2013 zaj\u0119cia prowadzone przez specjalist\u00f3w Wydzia\u0142u Prewencji Komendy Miejskiej Policji w Kielcach"},"content":{"rendered":"\n<p>Zgodnie z&nbsp;rekomendacjami \u015awi\u0119tokrzyskiego Kuratora O\u015bwiaty uczniowie klas I-VIII (wszystkie klasy) wsp\u00f3lnie z&nbsp;wychowawcami uczestniczyli w&nbsp;zaj\u0119ciach online prowadzonych przez specjalist\u00f3w Wydzia\u0142u Prewencji Komendy Miejskiej Policji w&nbsp;Kielcach. Tematyka dotyczy\u0142a bezpiecze\u0144stwa w&nbsp;szerokim zakresie, uwzgl\u0119dnia\u0142a aktualn\u0105 sytuacj\u0119 \u2013 nauka online oraz dostosowana by\u0142a do poszczeg\u00f3lnych grup wiekowych \u2013 \u201eBezpiecze\u0144stwo w&nbsp;\u015bwiecie realnym i&nbsp;wirtualnym\u201d, \u201eBezpiecze\u0144stwo w Sieci &#8211; przeciwdzia\u0142anie zagro\u017ceniom&#8221;. W&nbsp;klasach VI-VIII poruszana by\u0142a r\u00f3wnie\u017c tematyka odpowiedzialno\u015bci nieletnich.<\/p>\n\n\n\n<p class=\"has-text-align-right\">\u00a0\u00a0\u00a0\u00a0\u00a0\u00a0\u00a0\u00a0\u00a0\u00a0\u00a0\u00a0\u00a0\u00a0\u00a0\u00a0\u00a0\u00a0\u00a0\u00a0\u00a0\u00a0\u00a0\u00a0\u00a0\u00a0\u00a0\u00a0\u00a0\u00a0\u00a0\u00a0\u00a0\u00a0\u00a0\u00a0\u00a0\u00a0\u00a0\u00a0\u00a0\u00a0\u00a0\u00a0\u00a0\u00a0\u00a0\u00a0\u00a0\u00a0\u00a0\u00a0\u00a0\u00a0\u00a0\u00a0\u00a0\u00a0\u00a0\u00a0\u00a0\u00a0\u00a0\u00a0\u00a0\u00a0\u00a0\u00a0\u00a0\u00a0\u00a0\u00a0\u00a0\u00a0\u00a0\u00a0\u00a0\u00a0\u00a0\u00a0\u00a0\u00a0\u00a0\u00a0\u00a0\u00a0\u00a0\u00a0\u00a0\u00a0\u00a0\u00a0\u00a0\u00a0\u00a0\u00a0\u00a0\u00a0\u00a0\u00a0\u00a0\u00a0\u00a0\u00a0\u00a0\u00a0\u00a0\u00a0\u00a0 Pedagog szkolny \u2013 Beata Smag\u00f3r<\/p>\n\n\n\n<figure class=\"wp-block-gallery columns-3 is-cropped wp-block-gallery-1 is-layout-flex wp-block-gallery-is-layout-flex\"><ul class=\"blocks-gallery-grid\"><li class=\"blocks-gallery-item\"><figure><a href=\"http:\/\/sp1.kielce.eu\/wp-content\/uploads\/2021\/06\/IMG_20201221_095658256_HDR-Copy.jpg\"><img loading=\"lazy\" decoding=\"async\" width=\"1200\" height=\"898\" src=\"http:\/\/sp1.kielce.eu\/wp-content\/uploads\/2021\/06\/IMG_20201221_095658256_HDR-Copy.jpg\" alt=\"\" data-id=\"17629\" data-full-url=\"http:\/\/sp1.kielce.eu\/wp-content\/uploads\/2021\/06\/IMG_20201221_095658256_HDR-Copy.jpg\" data-link=\"http:\/\/sp1.kielce.eu\/?attachment_id=17629\" class=\"wp-image-17629\" srcset=\"https:\/\/sp1.kielce.eu\/wp-content\/uploads\/2021\/06\/IMG_20201221_095658256_HDR-Copy.jpg 1200w, https:\/\/sp1.kielce.eu\/wp-content\/uploads\/2021\/06\/IMG_20201221_095658256_HDR-Copy-300x225.jpg 300w, https:\/\/sp1.kielce.eu\/wp-content\/uploads\/2021\/06\/IMG_20201221_095658256_HDR-Copy-768x575.jpg 768w, https:\/\/sp1.kielce.eu\/wp-content\/uploads\/2021\/06\/IMG_20201221_095658256_HDR-Copy-820x614.jpg 820w\" sizes=\"auto, (max-width: 1200px) 100vw, 1200px\" \/><\/a><\/figure><\/li><li class=\"blocks-gallery-item\"><figure><a href=\"http:\/\/sp1.kielce.eu\/wp-content\/uploads\/2021\/06\/IMG_20201222_090042688_HDR-Copy.jpg\"><img loading=\"lazy\" decoding=\"async\" width=\"673\" height=\"900\" src=\"http:\/\/sp1.kielce.eu\/wp-content\/uploads\/2021\/06\/IMG_20201222_090042688_HDR-Copy.jpg\" alt=\"\" data-id=\"17630\" data-full-url=\"http:\/\/sp1.kielce.eu\/wp-content\/uploads\/2021\/06\/IMG_20201222_090042688_HDR-Copy.jpg\" data-link=\"http:\/\/sp1.kielce.eu\/?attachment_id=17630\" class=\"wp-image-17630\" srcset=\"https:\/\/sp1.kielce.eu\/wp-content\/uploads\/2021\/06\/IMG_20201222_090042688_HDR-Copy.jpg 673w, https:\/\/sp1.kielce.eu\/wp-content\/uploads\/2021\/06\/IMG_20201222_090042688_HDR-Copy-224x300.jpg 224w\" sizes=\"auto, (max-width: 673px) 100vw, 673px\" \/><\/a><\/figure><\/li><li class=\"blocks-gallery-item\"><figure><a href=\"http:\/\/sp1.kielce.eu\/wp-content\/uploads\/2021\/06\/IMG_20210121_131119206-Copy.jpg\"><img loading=\"lazy\" decoding=\"async\" width=\"1200\" height=\"898\" src=\"http:\/\/sp1.kielce.eu\/wp-content\/uploads\/2021\/06\/IMG_20210121_131119206-Copy.jpg\" alt=\"\" data-id=\"17631\" data-full-url=\"http:\/\/sp1.kielce.eu\/wp-content\/uploads\/2021\/06\/IMG_20210121_131119206-Copy.jpg\" data-link=\"http:\/\/sp1.kielce.eu\/?attachment_id=17631\" class=\"wp-image-17631\" srcset=\"https:\/\/sp1.kielce.eu\/wp-content\/uploads\/2021\/06\/IMG_20210121_131119206-Copy.jpg 1200w, https:\/\/sp1.kielce.eu\/wp-content\/uploads\/2021\/06\/IMG_20210121_131119206-Copy-300x225.jpg 300w, https:\/\/sp1.kielce.eu\/wp-content\/uploads\/2021\/06\/IMG_20210121_131119206-Copy-768x575.jpg 768w, https:\/\/sp1.kielce.eu\/wp-content\/uploads\/2021\/06\/IMG_20210121_131119206-Copy-820x614.jpg 820w\" sizes=\"auto, (max-width: 1200px) 100vw, 1200px\" \/><\/a><\/figure><\/li><\/ul><\/figure>\n","protected":false},"excerpt":{"rendered":"<p>Zgodnie z&nbsp;rekomendacjami \u015awi\u0119tokrzyskiego Kuratora O\u015bwiaty uczniowie klas I-VIII (wszystkie klasy) wsp\u00f3lnie z&nbsp;wychowawcami uczestniczyli w&nbsp;zaj\u0119ciach online [&hellip;]<\/p>\n","protected":false},"author":13,"featured_media":17632,"comment_status":"closed","ping_status":"open","sticky":false,"template":"","format":"standard","meta":{"footnotes":""},"categories":[36],"tags":[],"class_list":["post-17628","post","type-post","status-publish","format-standard","has-post-thumbnail","hentry","category-wydarzenia"],"_links":{"self":[{"href":"https:\/\/sp1.kielce.eu\/index.php\/wp-json\/wp\/v2\/posts\/17628","targetHints":{"allow":["GET"]}}],"collection":[{"href":"https:\/\/sp1.kielce.eu\/index.php\/wp-json\/wp\/v2\/posts"}],"about":[{"href":"https:\/\/sp1.kielce.eu\/index.php\/wp-json\/wp\/v2\/types\/post"}],"author":[{"embeddable":true,"href":"https:\/\/sp1.kielce.eu\/index.php\/wp-json\/wp\/v2\/users\/13"}],"replies":[{"embeddable":true,"href":"https:\/\/sp1.kielce.eu\/index.php\/wp-json\/wp\/v2\/comments?post=17628"}],"version-history":[{"count":1,"href":"https:\/\/sp1.kielce.eu\/index.php\/wp-json\/wp\/v2\/posts\/17628\/revisions"}],"predecessor-version":[{"id":17633,"href":"https:\/\/sp1.kielce.eu\/index.php\/wp-json\/wp\/v2\/posts\/17628\/revisions\/17633"}],"wp:featuredmedia":[{"embeddable":true,"href":"https:\/\/sp1.kielce.eu\/index.php\/wp-json\/wp\/v2\/media\/17632"}],"wp:attachment":[{"href":"https:\/\/sp1.kielce.eu\/index.php\/wp-json\/wp\/v2\/media?parent=17628"}],"wp:term":[{"taxonomy":"category","embeddable":true,"href":"https:\/\/sp1.kielce.eu\/index.php\/wp-json\/wp\/v2\/categories?post=17628"},{"taxonomy":"post_tag","embeddable":true,"href":"https:\/\/sp1.kielce.eu\/index.php\/wp-json\/wp\/v2\/tags?post=17628"}],"curies":[{"name":"wp","href":"https:\/\/api.w.org\/{rel}","templated":true}]}}