{"id":17567,"date":"2021-06-21T13:14:47","date_gmt":"2021-06-21T11:14:47","guid":{"rendered":"http:\/\/sp1.kielce.eu\/?p=17567"},"modified":"2021-06-21T13:14:47","modified_gmt":"2021-06-21T11:14:47","slug":"wyjscie-kl-6b","status":"publish","type":"post","link":"https:\/\/sp1.kielce.eu\/index.php\/2021\/06\/21\/wyjscie-kl-6b\/","title":{"rendered":"Wyj\u015bcie kl. 6b"},"content":{"rendered":"\n<p>W\u00a0 czwartek\u00a0 17 czerwca klasa 6b integrowa\u0142a si\u0119 na \u015bwie\u017cym powietrzu w pobli\u017cu szko\u0142y.\u00a0 W jednej z altanek osiedlowych zosta\u0142 zorganizowany grill. Po spo\u017cyciu\u00a0 kie\u0142basek uczniowie oddali si\u0119 grom i zabawom. Nie zabrak\u0142o\u00a0 r\u00f3wnie\u017c s\u0142odkich niespodzianek wykonanych przez rodzic\u00f3w. Pogoda i humory dopisa\u0142y, a nad bezpiecze\u0144stwem podczas grillowania i zabaw czuwali rodzice uczni\u00f3w wraz\u00a0 z wychowawc\u0105. Dzieci wreszcie mia\u0142y mo\u017cliwo\u015b\u0107 roz\u0142adowa\u0107 energi\u0119 nagromadzon\u0105\u00a0 w czasie pandemii, porozmawia\u0107 ze sob\u0105 i czu\u0107 si\u0119 swobodnie.\u00a0\u00a0\u00a0To spotkanie, to zapowied\u017a nadchodz\u0105cych wakacji.<\/p>\n\n\n\n<p>Iwona M\u0142ynarczyk-Halicka<\/p>\n\n\n\n<figure class=\"wp-block-gallery columns-3 is-cropped wp-block-gallery-1 is-layout-flex wp-block-gallery-is-layout-flex\"><ul class=\"blocks-gallery-grid\"><li class=\"blocks-gallery-item\"><figure><a href=\"http:\/\/sp1.kielce.eu\/wp-content\/uploads\/2021\/06\/IMG_2981.jpg\"><img loading=\"lazy\" decoding=\"async\" width=\"640\" height=\"480\" src=\"http:\/\/sp1.kielce.eu\/wp-content\/uploads\/2021\/06\/IMG_2981.jpg\" alt=\"\" data-id=\"17568\" data-full-url=\"http:\/\/sp1.kielce.eu\/wp-content\/uploads\/2021\/06\/IMG_2981.jpg\" data-link=\"http:\/\/sp1.kielce.eu\/?attachment_id=17568\" class=\"wp-image-17568\" srcset=\"https:\/\/sp1.kielce.eu\/wp-content\/uploads\/2021\/06\/IMG_2981.jpg 640w, https:\/\/sp1.kielce.eu\/wp-content\/uploads\/2021\/06\/IMG_2981-300x225.jpg 300w\" sizes=\"auto, (max-width: 640px) 100vw, 640px\" \/><\/a><figcaption class=\"blocks-gallery-item__caption\">1<\/figcaption><\/figure><\/li><li class=\"blocks-gallery-item\"><figure><a href=\"http:\/\/sp1.kielce.eu\/wp-content\/uploads\/2021\/06\/IMG_2982.jpg\"><img loading=\"lazy\" decoding=\"async\" width=\"640\" height=\"480\" src=\"http:\/\/sp1.kielce.eu\/wp-content\/uploads\/2021\/06\/IMG_2982.jpg\" alt=\"\" data-id=\"17569\" data-full-url=\"http:\/\/sp1.kielce.eu\/wp-content\/uploads\/2021\/06\/IMG_2982.jpg\" data-link=\"http:\/\/sp1.kielce.eu\/?attachment_id=17569\" class=\"wp-image-17569\" srcset=\"https:\/\/sp1.kielce.eu\/wp-content\/uploads\/2021\/06\/IMG_2982.jpg 640w, https:\/\/sp1.kielce.eu\/wp-content\/uploads\/2021\/06\/IMG_2982-300x225.jpg 300w\" sizes=\"auto, (max-width: 640px) 100vw, 640px\" \/><\/a><figcaption class=\"blocks-gallery-item__caption\">2<\/figcaption><\/figure><\/li><li class=\"blocks-gallery-item\"><figure><a href=\"http:\/\/sp1.kielce.eu\/wp-content\/uploads\/2021\/06\/IMG_2987-rotated.jpg\"><img loading=\"lazy\" decoding=\"async\" width=\"480\" height=\"640\" src=\"http:\/\/sp1.kielce.eu\/wp-content\/uploads\/2021\/06\/IMG_2987-rotated.jpg\" alt=\"\" data-id=\"17570\" data-full-url=\"http:\/\/sp1.kielce.eu\/wp-content\/uploads\/2021\/06\/IMG_2987-rotated.jpg\" data-link=\"http:\/\/sp1.kielce.eu\/?attachment_id=17570\" class=\"wp-image-17570\" srcset=\"https:\/\/sp1.kielce.eu\/wp-content\/uploads\/2021\/06\/IMG_2987-rotated.jpg 480w, https:\/\/sp1.kielce.eu\/wp-content\/uploads\/2021\/06\/IMG_2987-225x300.jpg 225w\" sizes=\"auto, (max-width: 480px) 100vw, 480px\" \/><\/a><figcaption class=\"blocks-gallery-item__caption\">3<\/figcaption><\/figure><\/li><\/ul><\/figure>\n","protected":false},"excerpt":{"rendered":"<p>W\u00a0 czwartek\u00a0 17 czerwca klasa 6b integrowa\u0142a si\u0119 na \u015bwie\u017cym powietrzu w pobli\u017cu szko\u0142y.\u00a0 W [&hellip;]<\/p>\n","protected":false},"author":5,"featured_media":17569,"comment_status":"closed","ping_status":"open","sticky":false,"template":"","format":"standard","meta":{"footnotes":""},"categories":[36],"tags":[],"class_list":["post-17567","post","type-post","status-publish","format-standard","has-post-thumbnail","hentry","category-wydarzenia"],"_links":{"self":[{"href":"https:\/\/sp1.kielce.eu\/index.php\/wp-json\/wp\/v2\/posts\/17567","targetHints":{"allow":["GET"]}}],"collection":[{"href":"https:\/\/sp1.kielce.eu\/index.php\/wp-json\/wp\/v2\/posts"}],"about":[{"href":"https:\/\/sp1.kielce.eu\/index.php\/wp-json\/wp\/v2\/types\/post"}],"author":[{"embeddable":true,"href":"https:\/\/sp1.kielce.eu\/index.php\/wp-json\/wp\/v2\/users\/5"}],"replies":[{"embeddable":true,"href":"https:\/\/sp1.kielce.eu\/index.php\/wp-json\/wp\/v2\/comments?post=17567"}],"version-history":[{"count":1,"href":"https:\/\/sp1.kielce.eu\/index.php\/wp-json\/wp\/v2\/posts\/17567\/revisions"}],"predecessor-version":[{"id":17571,"href":"https:\/\/sp1.kielce.eu\/index.php\/wp-json\/wp\/v2\/posts\/17567\/revisions\/17571"}],"wp:featuredmedia":[{"embeddable":true,"href":"https:\/\/sp1.kielce.eu\/index.php\/wp-json\/wp\/v2\/media\/17569"}],"wp:attachment":[{"href":"https:\/\/sp1.kielce.eu\/index.php\/wp-json\/wp\/v2\/media?parent=17567"}],"wp:term":[{"taxonomy":"category","embeddable":true,"href":"https:\/\/sp1.kielce.eu\/index.php\/wp-json\/wp\/v2\/categories?post=17567"},{"taxonomy":"post_tag","embeddable":true,"href":"https:\/\/sp1.kielce.eu\/index.php\/wp-json\/wp\/v2\/tags?post=17567"}],"curies":[{"name":"wp","href":"https:\/\/api.w.org\/{rel}","templated":true}]}}