{"id":1745,"date":"2017-04-07T23:02:35","date_gmt":"2017-04-07T21:02:35","guid":{"rendered":"http:\/\/sp1.kielce.eu\/?p=1745"},"modified":"2019-09-27T22:50:46","modified_gmt":"2019-09-27T20:50:46","slug":"sport2016","status":"publish","type":"post","link":"https:\/\/sp1.kielce.eu\/index.php\/2017\/04\/07\/sport2016\/","title":{"rendered":"Rok szkolny 2016\/2017"},"content":{"rendered":"<table>\n<tbody>\n<tr>\n<td>Data<\/td>\n<td>Miejsce<\/td>\n<td>Nazwisko i imi\u0119<\/td>\n<td>Konkurencja<\/td>\n<td>Nazwa konkursu<\/td>\n<td>Organizator<\/td>\n<td>Opiekunowie<\/td>\n<\/tr>\n<tr>\n<td>21.06.2017<\/td>\n<td>III<\/td>\n<td>Dru\u017cyna w sk\u0142adzie:<br \/>\nCygan Kacper<br \/>\nKaczmarzyk Grzegorz<br \/>\nKo\u0142odziej Olaf<br \/>\nKowalski Olaf<br \/>\nKr\u00f3l Maciej<br \/>\nKruk Kacper<br \/>\nLis Szymon<br \/>\nM\u0105dzik Krzysztof<br \/>\nMichta Bartosz<br \/>\nNawara Mateusz<br \/>\nNawrot Jakub<br \/>\nWicha Wiktor<br \/>\nWola\u0144ski Bartosz<br \/>\nZdrojewski Maksymilian<br \/>\nZdrojewski Wiktor<br \/>\n\u017bo\u0144ca Szymon<\/td>\n<td>Turniej pi\u0142ki no\u017cnej<\/td>\n<td>Mini M\u0142odzie\u017cowe Mistrzostwa Europy<br \/>\nKielce 2017<\/td>\n<td>Urz\u0105d Miasta Kielc<br \/>\nPAMAF<\/td>\n<td>Grzegorz Ko\u0142oma\u0144ski<\/td>\n<\/tr>\n<tr>\n<td>31.05.2017<\/td>\n<td>I<\/td>\n<td>Zaj\u0105c Piotr-6b<\/td>\n<td>Bieg na dystansie 300 m<\/td>\n<td>Mistrzostwa Kielc Szk\u00f3\u0142 Podstawowych w<br \/>\nIndywidualnych Zawodach Lekkoatletycznych<\/td>\n<td>Szkolny Zwi\u0105zek Sportowy<\/td>\n<td>Urszula Wo\u017aniak<\/td>\n<\/tr>\n<tr>\n<td>30.05.2017<\/td>\n<td>I<\/td>\n<td>Koz\u0142owska Anna-5a<\/td>\n<td>Bieg na dystansie 300 m<\/td>\n<td>Fina\u0142 Miejski Czwartk\u00f3w Lekkoatletycznych<\/td>\n<td>MOSiR w Kielcach<\/td>\n<td>Urszula Wo\u017aniak<\/td>\n<\/tr>\n<tr>\n<td>30.05.2017<\/td>\n<td>I<\/td>\n<td>Pulut Maja-4b<\/td>\n<td>Rzut pi\u0142k\u0105 palantow\u0105<\/td>\n<td>Fina\u0142 Miejski Czwartk\u00f3w Lekkoatletycznych<\/td>\n<td>MOSiR w Kielcach<\/td>\n<td>Urszula Wo\u017aniak<\/td>\n<\/tr>\n<tr>\n<td>30.05.2017<\/td>\n<td>I<\/td>\n<td>Zaj\u0105c Piotr-6b<\/td>\n<td>Bieg na dystansie 300 m<\/td>\n<td>Fina\u0142 Miejski Czwartk\u00f3w Lekkoatletycznych<\/td>\n<td>MOSiR w Kielcach<\/td>\n<td>Urszula Wo\u017aniak<\/td>\n<\/tr>\n<tr>\n<td>30.05.2017<\/td>\n<td>II<\/td>\n<td>Zaj\u0105c Piotr-6b<\/td>\n<td>Rzut pi\u0142k\u0105 palantow\u0105<\/td>\n<td>Fina\u0142 Miejski Czwartk\u00f3w Lekkoatletycznych<\/td>\n<td>MOSiR w Kielcach<\/td>\n<td>Urszula Wo\u017aniak<\/td>\n<\/tr>\n<tr>\n<td>30.05.2017<\/td>\n<td>II<\/td>\n<td>Chmielewska Gabriela-4b<\/td>\n<td>Rzut pi\u0142k\u0105 palantow\u0105<\/td>\n<td>Fina\u0142 Miejski Czwartk\u00f3w Lekkoatletycznych<\/td>\n<td>MOSiR w Kielcach<\/td>\n<td>Urszula Wo\u017aniak<\/td>\n<\/tr>\n<tr>\n<td>29.05.2017<\/td>\n<td>I<\/td>\n<td>Dru\u017cyna w sk\u0142adzie:<br \/>\nAdler Krzysztof<br \/>\nZaj\u0105c Piotr<br \/>\nKruk Kacper<br \/>\nBera Mateusz<br \/>\nLudwinek Mi\u0142osz<br \/>\nKr\u00f3l Maciej<br \/>\nStochmal Jakub<br \/>\nZegad\u0142o Igor<br \/>\n\u017bo\u0144ca Szymon<br \/>\nWicha Wiktor<br \/>\nYuseinov Sebastian<\/td>\n<td>Pi\u0142ka no\u017cna<\/td>\n<td>XII Mi\u0119dzyszkolny<br \/>\nTurniej Pi\u0142ki No\u017cnej o Puchar Dyrektora Szko\u0142y<br \/>\nPodstawowej nr 5 im. Stefana Artwi\u0144skiego<\/td>\n<td>SP nr 5 w Kielcach<\/td>\n<td>Grzegorz Ko\u0142oma\u0144ski<\/td>\n<\/tr>\n<tr>\n<td>10.04.2017<\/td>\n<td>III<\/td>\n<td>Dru\u017cyna w sk\u0142adzie:<\/p>\n<ol>\n<li>Fert Zuzanna,<\/li>\n<li>Janikowska Aleksandra,<\/li>\n<li>Januchta Amelia,<\/li>\n<li>Koz\u0142owska Anna,<\/li>\n<li>Pulut Maja,<\/li>\n<li>Zg\u00f3rska Zuzanna.<\/li>\n<\/ol>\n<\/td>\n<td>Suma punkt\u00f3w<br \/>\nw klasyfikacji dziewcz\u0105t:<br \/>\n&#8211; bieg na dystansie 60m,<br \/>\n&#8211; skok w dal,<br \/>\n&#8211; rzut pi\u0142k\u0105 lekarsk\u0105 2kg,<br \/>\n&#8211; bieg na dystansie 600m.<\/td>\n<td>Halowe Mistrzostwa Kielc w Wieloboju Lekkoatletycznym<br \/>\nSzk\u00f3\u0142 Podstawowych<br \/>\n(fina\u0142)<\/td>\n<td>Kielecki Klub Lekkoatletyczny<\/td>\n<td>Urszula Wo\u017aniak<\/td>\n<\/tr>\n<tr>\n<td>20.03.2017<\/td>\n<td>III<\/td>\n<td>Odej Karolina<\/td>\n<td>Dystans 50m stylem klasycznym z wynikiem 57,58<\/td>\n<td>Mistrzostwa Kielc Szk\u00f3\u0142 Podstawowych<br \/>\nw P\u0142ywaniu<br \/>\nKlas V &#8211; VI<\/td>\n<td>MOSiR<br \/>\nw Kielcach<\/td>\n<td>Grzegorz Ko\u0142oma\u0144ski<\/td>\n<\/tr>\n<tr>\n<td>15.03.2017<\/td>\n<td>I<\/td>\n<td>Choi\u0144ska Maja<\/td>\n<td>Dystans 50m stylem dowolnym z wynikiem 36,95<\/td>\n<td>Mistrzostwa Kielc Szk\u00f3\u0142 Podstawowych<br \/>\nw P\u0142ywaniu<br \/>\nKlas III &#8211; IV<\/td>\n<td>MOSiR<br \/>\nw Kielcach<\/td>\n<td>Grzegorz Ko\u0142oma\u0144ski<\/td>\n<\/tr>\n<tr>\n<td>15.03.2017<\/td>\n<td>I<\/td>\n<td>Choi\u0144ska Maja<\/td>\n<td>Dystans 50m stylem grzbietowym z wynikiem 39,16<\/td>\n<td>Mistrzostwa Kielc Szk\u00f3\u0142 Podstawowych<br \/>\nw P\u0142ywaniu<br \/>\nKlas III &#8211; IV<\/td>\n<td>MOSiR<br \/>\nw Kielcach<\/td>\n<td>Grzegorz Ko\u0142oma\u0144ski<\/td>\n<\/tr>\n<tr>\n<td>09.11.2016<\/td>\n<td>III<\/td>\n<td>Zesp\u00f3\u0142 sztafetowy<br \/>\nw sk\u0142adzie:<\/p>\n<ol>\n<li>Choi\u0144ska Maja,<\/li>\n<li>Bakalarska Daria,<\/li>\n<li>Zielonka Gabriela,<\/li>\n<li>Wieczorek Anna.<\/li>\n<\/ol>\n<\/td>\n<td>Sztafeta na dystansie 4 x 50m stylem dowolnym w kategorii klas III-IV<\/td>\n<td>Mistrzostwa Kielc Szk\u00f3\u0142 Podstawowych w P\u0142ywaniu<\/td>\n<td>MOSiR w Kielcach<\/td>\n<td>Grzegorz Ko\u0142oma\u0144ski<\/td>\n<\/tr>\n<tr>\n<td>02.11.2016<\/td>\n<td>I<\/td>\n<td>Choi\u0144ska Maja<\/td>\n<td>Dystans 50m stylem grzbietowym z wynikiem 41,81 w kategorii<br \/>\nklas III-IV<\/td>\n<td>Mistrzostwa Kielc Szk\u00f3\u0142 Podstawowych w P\u0142ywaniu<\/td>\n<td>MOSiR w Kielcach<\/td>\n<td>Grzegorz Ko\u0142oma\u0144ski<\/td>\n<\/tr>\n<tr>\n<td>02.11.2016<\/td>\n<td>I<\/td>\n<td>Choi\u0144ska Maja<\/td>\n<td>Dystans 50m stylem dowolnym z wynikiem 36,45 w kategorii klas III-IV<\/td>\n<td>Mistrzostwa Kielc Szk\u00f3\u0142 Podstawowych w P\u0142ywaniu<\/td>\n<td>MOSiR w Kielcach<\/td>\n<td>Grzegorz Ko\u0142oma\u0144ski<\/td>\n<\/tr>\n<tr>\n<td>02.11.2016<\/td>\n<td>III<\/td>\n<td>anikowska Aleksandra<\/td>\n<td>Dystans 50m stylem klasycznym z wynikiem 36,45 w kategorii klas III-IV<\/td>\n<td>Mistrzostwa Kielc Szk\u00f3\u0142 Podstawowych w P\u0142ywaniu<\/td>\n<td>MOSiR w Kielcach<\/td>\n<td>Grzegorz Ko\u0142oma\u0144ski<\/td>\n<\/tr>\n<\/tbody>\n<\/table>\n","protected":false},"excerpt":{"rendered":"<p>Data Miejsce Nazwisko i imi\u0119 Konkurencja Nazwa konkursu Organizator Opiekunowie 21.06.2017 III Dru\u017cyna w sk\u0142adzie: [&hellip;]<\/p>\n","protected":false},"author":4,"featured_media":0,"comment_status":"closed","ping_status":"open","sticky":false,"template":"","format":"standard","meta":{"footnotes":""},"categories":[11],"tags":[89],"class_list":["post-1745","post","type-post","status-publish","format-standard","hentry","category-zawody-sportowe","tag-sport-sukces"],"_links":{"self":[{"href":"https:\/\/sp1.kielce.eu\/index.php\/wp-json\/wp\/v2\/posts\/1745","targetHints":{"allow":["GET"]}}],"collection":[{"href":"https:\/\/sp1.kielce.eu\/index.php\/wp-json\/wp\/v2\/posts"}],"about":[{"href":"https:\/\/sp1.kielce.eu\/index.php\/wp-json\/wp\/v2\/types\/post"}],"author":[{"embeddable":true,"href":"https:\/\/sp1.kielce.eu\/index.php\/wp-json\/wp\/v2\/users\/4"}],"replies":[{"embeddable":true,"href":"https:\/\/sp1.kielce.eu\/index.php\/wp-json\/wp\/v2\/comments?post=1745"}],"version-history":[{"count":11,"href":"https:\/\/sp1.kielce.eu\/index.php\/wp-json\/wp\/v2\/posts\/1745\/revisions"}],"predecessor-version":[{"id":2705,"href":"https:\/\/sp1.kielce.eu\/index.php\/wp-json\/wp\/v2\/posts\/1745\/revisions\/2705"}],"wp:attachment":[{"href":"https:\/\/sp1.kielce.eu\/index.php\/wp-json\/wp\/v2\/media?parent=1745"}],"wp:term":[{"taxonomy":"category","embeddable":true,"href":"https:\/\/sp1.kielce.eu\/index.php\/wp-json\/wp\/v2\/categories?post=1745"},{"taxonomy":"post_tag","embeddable":true,"href":"https:\/\/sp1.kielce.eu\/index.php\/wp-json\/wp\/v2\/tags?post=1745"}],"curies":[{"name":"wp","href":"https:\/\/api.w.org\/{rel}","templated":true}]}}