{"id":17418,"date":"2021-06-16T23:13:53","date_gmt":"2021-06-16T21:13:53","guid":{"rendered":"http:\/\/sp1.kielce.eu\/?p=17418"},"modified":"2021-06-16T23:13:53","modified_gmt":"2021-06-16T21:13:53","slug":"wielkie-serce-jozefa-dla-hospicjum-juz-dwa-napelnienia","status":"publish","type":"post","link":"https:\/\/sp1.kielce.eu\/index.php\/2021\/06\/16\/wielkie-serce-jozefa-dla-hospicjum-juz-dwa-napelnienia\/","title":{"rendered":"Wielkie Serce J\u00f3zefa dla Hospicjum \u2013 ju\u017c dwa \u201enape\u0142nienia\u201d!"},"content":{"rendered":"\n<p>Z ogromn\u0105 rado\u015bci\u0105 <strong>dzielimy si\u0119 podw\u00f3jn\u0105 dobr\u0105 wiadomo\u015bci\u0105<\/strong>!<\/p>\n\n\n\n<p>Chodzi o&nbsp;<strong>dwukrotne przepe\u0142nienie si\u0119 pojemnika-serca na nakr\u0119tki<\/strong> przy ko\u015bciele \u015bw.&nbsp;J\u00f3zefa. Nasi wolontariusze jak zwykle okazali si\u0119 bardzo pomocni w&nbsp;spakowaniu i&nbsp;przetransportowaniu nakr\u0119tek (po 5&nbsp;work\u00f3w 120 litrowych z&nbsp;ka\u017cdego nape\u0142nienia) do Magazynu Caritas naszej diecezji.<\/p>\n\n\n\n<p>Oj, b\u0119dzie si\u0119 przepe\u0142nia\u0107 nakr\u0119tkami Wielkie Serce J\u00f3zefa dla Hospicjum! Oby jak najcz\u0119\u015bciej! Bo ka\u017cda nakr\u0119tka jest na wag\u0119 mi\u0142o\u015bci, gdy si\u0119 naprawd\u0119 my\u015bli o&nbsp;innych potrzebuj\u0105cych.<\/p>\n\n\n\n<p>Dzi\u0119kujemy wszystkim ofiarodawcom nakr\u0119tek, a&nbsp;szczeg\u00f3lnie naszym dzielnym Wolontariuszom, za sta\u0142\u0105 dyspozycyjno\u015b\u0107 w&nbsp;opr\u00f3\u017cnianiu i&nbsp;przekazywaniu zebranych nakr\u0119tek.<\/p>\n\n\n\n<p class=\"has-text-align-center\"><strong>Dobro si\u0119 przepe\u0142nia na innych! B\u00d3G ZAP\u0141A\u0106!<\/strong> <\/p>\n\n\n\n<p class=\"has-text-align-right\">ks. Konrad Walerczak<br>ks. Micha\u0142 Segiet<\/p>\n\n\n\n<figure class=\"wp-block-gallery columns-4 is-cropped wp-block-gallery-1 is-layout-flex wp-block-gallery-is-layout-flex\"><ul class=\"blocks-gallery-grid\"><li class=\"blocks-gallery-item\"><figure><a href=\"http:\/\/sp1.kielce.eu\/wp-content\/uploads\/2021\/06\/20210609-141049-Copy.jpg\"><img loading=\"lazy\" decoding=\"async\" width=\"675\" height=\"900\" src=\"http:\/\/sp1.kielce.eu\/wp-content\/uploads\/2021\/06\/20210609-141049-Copy.jpg\" alt=\"\" data-id=\"17419\" data-full-url=\"http:\/\/sp1.kielce.eu\/wp-content\/uploads\/2021\/06\/20210609-141049-Copy.jpg\" data-link=\"http:\/\/sp1.kielce.eu\/?attachment_id=17419\" class=\"wp-image-17419\" srcset=\"https:\/\/sp1.kielce.eu\/wp-content\/uploads\/2021\/06\/20210609-141049-Copy.jpg 675w, https:\/\/sp1.kielce.eu\/wp-content\/uploads\/2021\/06\/20210609-141049-Copy-225x300.jpg 225w\" sizes=\"auto, (max-width: 675px) 100vw, 675px\" \/><\/a><\/figure><\/li><li class=\"blocks-gallery-item\"><figure><a href=\"http:\/\/sp1.kielce.eu\/wp-content\/uploads\/2021\/06\/img-20210616-201747-640-Copy.jpg\"><img loading=\"lazy\" decoding=\"async\" width=\"505\" height=\"900\" src=\"http:\/\/sp1.kielce.eu\/wp-content\/uploads\/2021\/06\/img-20210616-201747-640-Copy.jpg\" alt=\"\" data-id=\"17421\" data-full-url=\"http:\/\/sp1.kielce.eu\/wp-content\/uploads\/2021\/06\/img-20210616-201747-640-Copy.jpg\" data-link=\"http:\/\/sp1.kielce.eu\/?attachment_id=17421\" class=\"wp-image-17421\" srcset=\"https:\/\/sp1.kielce.eu\/wp-content\/uploads\/2021\/06\/img-20210616-201747-640-Copy.jpg 505w, https:\/\/sp1.kielce.eu\/wp-content\/uploads\/2021\/06\/img-20210616-201747-640-Copy-168x300.jpg 168w\" sizes=\"auto, (max-width: 505px) 100vw, 505px\" \/><\/a><\/figure><\/li><li class=\"blocks-gallery-item\"><figure><a href=\"http:\/\/sp1.kielce.eu\/wp-content\/uploads\/2021\/06\/img-20210616-202039-208-Copy.jpg\"><img loading=\"lazy\" decoding=\"async\" width=\"505\" height=\"900\" src=\"http:\/\/sp1.kielce.eu\/wp-content\/uploads\/2021\/06\/img-20210616-202039-208-Copy.jpg\" alt=\"\" data-id=\"17422\" data-full-url=\"http:\/\/sp1.kielce.eu\/wp-content\/uploads\/2021\/06\/img-20210616-202039-208-Copy.jpg\" data-link=\"http:\/\/sp1.kielce.eu\/?attachment_id=17422\" class=\"wp-image-17422\" srcset=\"https:\/\/sp1.kielce.eu\/wp-content\/uploads\/2021\/06\/img-20210616-202039-208-Copy.jpg 505w, https:\/\/sp1.kielce.eu\/wp-content\/uploads\/2021\/06\/img-20210616-202039-208-Copy-168x300.jpg 168w\" sizes=\"auto, (max-width: 505px) 100vw, 505px\" \/><\/a><\/figure><\/li><li class=\"blocks-gallery-item\"><figure><a href=\"http:\/\/sp1.kielce.eu\/wp-content\/uploads\/2021\/06\/Odkrec-marnowanie-nakrec-pomaganie.-Plakat-Copy-1.jpg\"><img loading=\"lazy\" decoding=\"async\" width=\"1200\" height=\"848\" src=\"http:\/\/sp1.kielce.eu\/wp-content\/uploads\/2021\/06\/Odkrec-marnowanie-nakrec-pomaganie.-Plakat-Copy-1.jpg\" alt=\"\" data-id=\"17423\" data-full-url=\"http:\/\/sp1.kielce.eu\/wp-content\/uploads\/2021\/06\/Odkrec-marnowanie-nakrec-pomaganie.-Plakat-Copy-1.jpg\" data-link=\"http:\/\/sp1.kielce.eu\/?attachment_id=17423\" class=\"wp-image-17423\" srcset=\"https:\/\/sp1.kielce.eu\/wp-content\/uploads\/2021\/06\/Odkrec-marnowanie-nakrec-pomaganie.-Plakat-Copy-1.jpg 1200w, https:\/\/sp1.kielce.eu\/wp-content\/uploads\/2021\/06\/Odkrec-marnowanie-nakrec-pomaganie.-Plakat-Copy-1-300x212.jpg 300w, https:\/\/sp1.kielce.eu\/wp-content\/uploads\/2021\/06\/Odkrec-marnowanie-nakrec-pomaganie.-Plakat-Copy-1-768x543.jpg 768w, https:\/\/sp1.kielce.eu\/wp-content\/uploads\/2021\/06\/Odkrec-marnowanie-nakrec-pomaganie.-Plakat-Copy-1-820x579.jpg 820w\" sizes=\"auto, (max-width: 1200px) 100vw, 1200px\" \/><\/a><\/figure><\/li><\/ul><\/figure>\n","protected":false},"excerpt":{"rendered":"<p>Z ogromn\u0105 rado\u015bci\u0105 dzielimy si\u0119 podw\u00f3jn\u0105 dobr\u0105 wiadomo\u015bci\u0105! Chodzi o&nbsp;dwukrotne przepe\u0142nienie si\u0119 pojemnika-serca na nakr\u0119tki [&hellip;]<\/p>\n","protected":false},"author":13,"featured_media":17420,"comment_status":"closed","ping_status":"open","sticky":false,"template":"","format":"standard","meta":{"footnotes":""},"categories":[36,163,23],"tags":[],"class_list":["post-17418","post","type-post","status-publish","format-standard","has-post-thumbnail","hentry","category-wydarzenia","category-skw","category-charytatywne"],"_links":{"self":[{"href":"https:\/\/sp1.kielce.eu\/index.php\/wp-json\/wp\/v2\/posts\/17418","targetHints":{"allow":["GET"]}}],"collection":[{"href":"https:\/\/sp1.kielce.eu\/index.php\/wp-json\/wp\/v2\/posts"}],"about":[{"href":"https:\/\/sp1.kielce.eu\/index.php\/wp-json\/wp\/v2\/types\/post"}],"author":[{"embeddable":true,"href":"https:\/\/sp1.kielce.eu\/index.php\/wp-json\/wp\/v2\/users\/13"}],"replies":[{"embeddable":true,"href":"https:\/\/sp1.kielce.eu\/index.php\/wp-json\/wp\/v2\/comments?post=17418"}],"version-history":[{"count":2,"href":"https:\/\/sp1.kielce.eu\/index.php\/wp-json\/wp\/v2\/posts\/17418\/revisions"}],"predecessor-version":[{"id":17425,"href":"https:\/\/sp1.kielce.eu\/index.php\/wp-json\/wp\/v2\/posts\/17418\/revisions\/17425"}],"wp:featuredmedia":[{"embeddable":true,"href":"https:\/\/sp1.kielce.eu\/index.php\/wp-json\/wp\/v2\/media\/17420"}],"wp:attachment":[{"href":"https:\/\/sp1.kielce.eu\/index.php\/wp-json\/wp\/v2\/media?parent=17418"}],"wp:term":[{"taxonomy":"category","embeddable":true,"href":"https:\/\/sp1.kielce.eu\/index.php\/wp-json\/wp\/v2\/categories?post=17418"},{"taxonomy":"post_tag","embeddable":true,"href":"https:\/\/sp1.kielce.eu\/index.php\/wp-json\/wp\/v2\/tags?post=17418"}],"curies":[{"name":"wp","href":"https:\/\/api.w.org\/{rel}","templated":true}]}}