{"id":17370,"date":"2021-06-16T08:45:34","date_gmt":"2021-06-16T06:45:34","guid":{"rendered":"http:\/\/sp1.kielce.eu\/?p=17370"},"modified":"2021-06-16T08:45:34","modified_gmt":"2021-06-16T06:45:34","slug":"ognisko-integracyjne-kl-8a","status":"publish","type":"post","link":"https:\/\/sp1.kielce.eu\/index.php\/2021\/06\/16\/ognisko-integracyjne-kl-8a\/","title":{"rendered":"Ognisko Integracyjne kl 8A"},"content":{"rendered":"\n<p>15 czerwca klasa 8A wraz z wychowawc\u0105 uda\u0142a si\u0119 na ognisko integracyjne na kielecki Stadion. Przeszli\u015bmy przez centrum Kielc i potem w kierunku na Stadion. Na miejscu wraz z rodzicami zosta\u0142o zorganizowane ognisko z pieczeniem kie\u0142basek. Wsp\u00f3lne gry i zabawy, oraz pi\u0119kna pogoda sprzyja\u0142y integracji. Wr\u00f3cili\u015bmy wszyscy zadowoleni i z na\u0142adowanymi bateriami.<\/p>\n\n\n\n<p>Piotr Surma <\/p>\n\n\n\n<figure class=\"wp-block-embed-youtube wp-block-embed is-type-video is-provider-youtube wp-embed-aspect-16-9 wp-has-aspect-ratio\"><div class=\"wp-block-embed__wrapper\">\n<iframe loading=\"lazy\" title=\"Ognisko Integracyjne kl 8A\" width=\"1160\" height=\"653\" src=\"https:\/\/www.youtube.com\/embed\/BgcNsAgbftc?feature=oembed\" frameborder=\"0\" allow=\"accelerometer; autoplay; clipboard-write; encrypted-media; gyroscope; picture-in-picture\" allowfullscreen><\/iframe>\n<\/div><\/figure>\n\n\n\n<figure class=\"wp-block-gallery columns-3 is-cropped wp-block-gallery-1 is-layout-flex wp-block-gallery-is-layout-flex\"><ul class=\"blocks-gallery-grid\"><li class=\"blocks-gallery-item\"><figure><a href=\"http:\/\/sp1.kielce.eu\/wp-content\/uploads\/2021\/06\/IMG_0181-Medium.jpg\"><img loading=\"lazy\" decoding=\"async\" width=\"1365\" height=\"768\" src=\"http:\/\/sp1.kielce.eu\/wp-content\/uploads\/2021\/06\/IMG_0181-Medium.jpg\" alt=\"\" data-id=\"17371\" data-full-url=\"http:\/\/sp1.kielce.eu\/wp-content\/uploads\/2021\/06\/IMG_0181-Medium.jpg\" data-link=\"http:\/\/sp1.kielce.eu\/?attachment_id=17371\" class=\"wp-image-17371\" srcset=\"https:\/\/sp1.kielce.eu\/wp-content\/uploads\/2021\/06\/IMG_0181-Medium.jpg 1365w, https:\/\/sp1.kielce.eu\/wp-content\/uploads\/2021\/06\/IMG_0181-Medium-300x169.jpg 300w, https:\/\/sp1.kielce.eu\/wp-content\/uploads\/2021\/06\/IMG_0181-Medium-768x432.jpg 768w, https:\/\/sp1.kielce.eu\/wp-content\/uploads\/2021\/06\/IMG_0181-Medium-820x461.jpg 820w\" sizes=\"auto, (max-width: 1365px) 100vw, 1365px\" \/><\/a><figcaption class=\"blocks-gallery-item__caption\">1<\/figcaption><\/figure><\/li><li class=\"blocks-gallery-item\"><figure><a href=\"http:\/\/sp1.kielce.eu\/wp-content\/uploads\/2021\/06\/IMG_0182-Medium.jpg\"><img loading=\"lazy\" decoding=\"async\" width=\"1365\" height=\"768\" src=\"http:\/\/sp1.kielce.eu\/wp-content\/uploads\/2021\/06\/IMG_0182-Medium.jpg\" alt=\"\" data-id=\"17372\" data-full-url=\"http:\/\/sp1.kielce.eu\/wp-content\/uploads\/2021\/06\/IMG_0182-Medium.jpg\" data-link=\"http:\/\/sp1.kielce.eu\/?attachment_id=17372\" class=\"wp-image-17372\" srcset=\"https:\/\/sp1.kielce.eu\/wp-content\/uploads\/2021\/06\/IMG_0182-Medium.jpg 1365w, https:\/\/sp1.kielce.eu\/wp-content\/uploads\/2021\/06\/IMG_0182-Medium-300x169.jpg 300w, https:\/\/sp1.kielce.eu\/wp-content\/uploads\/2021\/06\/IMG_0182-Medium-768x432.jpg 768w, https:\/\/sp1.kielce.eu\/wp-content\/uploads\/2021\/06\/IMG_0182-Medium-820x461.jpg 820w\" sizes=\"auto, (max-width: 1365px) 100vw, 1365px\" \/><\/a><figcaption class=\"blocks-gallery-item__caption\">2<\/figcaption><\/figure><\/li><li class=\"blocks-gallery-item\"><figure><a href=\"http:\/\/sp1.kielce.eu\/wp-content\/uploads\/2021\/06\/IMG_0185-Medium.jpg\"><img loading=\"lazy\" decoding=\"async\" width=\"1365\" height=\"768\" src=\"http:\/\/sp1.kielce.eu\/wp-content\/uploads\/2021\/06\/IMG_0185-Medium.jpg\" alt=\"\" data-id=\"17373\" data-full-url=\"http:\/\/sp1.kielce.eu\/wp-content\/uploads\/2021\/06\/IMG_0185-Medium.jpg\" data-link=\"http:\/\/sp1.kielce.eu\/?attachment_id=17373\" class=\"wp-image-17373\" srcset=\"https:\/\/sp1.kielce.eu\/wp-content\/uploads\/2021\/06\/IMG_0185-Medium.jpg 1365w, https:\/\/sp1.kielce.eu\/wp-content\/uploads\/2021\/06\/IMG_0185-Medium-300x169.jpg 300w, https:\/\/sp1.kielce.eu\/wp-content\/uploads\/2021\/06\/IMG_0185-Medium-768x432.jpg 768w, https:\/\/sp1.kielce.eu\/wp-content\/uploads\/2021\/06\/IMG_0185-Medium-820x461.jpg 820w\" sizes=\"auto, (max-width: 1365px) 100vw, 1365px\" \/><\/a><figcaption class=\"blocks-gallery-item__caption\">3<\/figcaption><\/figure><\/li><li class=\"blocks-gallery-item\"><figure><a href=\"http:\/\/sp1.kielce.eu\/wp-content\/uploads\/2021\/06\/IMG_0192-Medium.jpg\"><img loading=\"lazy\" decoding=\"async\" width=\"1365\" height=\"768\" src=\"http:\/\/sp1.kielce.eu\/wp-content\/uploads\/2021\/06\/IMG_0192-Medium.jpg\" alt=\"\" data-id=\"17374\" data-full-url=\"http:\/\/sp1.kielce.eu\/wp-content\/uploads\/2021\/06\/IMG_0192-Medium.jpg\" data-link=\"http:\/\/sp1.kielce.eu\/?attachment_id=17374\" class=\"wp-image-17374\" srcset=\"https:\/\/sp1.kielce.eu\/wp-content\/uploads\/2021\/06\/IMG_0192-Medium.jpg 1365w, https:\/\/sp1.kielce.eu\/wp-content\/uploads\/2021\/06\/IMG_0192-Medium-300x169.jpg 300w, https:\/\/sp1.kielce.eu\/wp-content\/uploads\/2021\/06\/IMG_0192-Medium-768x432.jpg 768w, https:\/\/sp1.kielce.eu\/wp-content\/uploads\/2021\/06\/IMG_0192-Medium-820x461.jpg 820w\" sizes=\"auto, (max-width: 1365px) 100vw, 1365px\" \/><\/a><figcaption class=\"blocks-gallery-item__caption\">4<\/figcaption><\/figure><\/li><li class=\"blocks-gallery-item\"><figure><a href=\"http:\/\/sp1.kielce.eu\/wp-content\/uploads\/2021\/06\/IMG_0204-Medium.jpg\"><img loading=\"lazy\" decoding=\"async\" width=\"1365\" height=\"768\" src=\"http:\/\/sp1.kielce.eu\/wp-content\/uploads\/2021\/06\/IMG_0204-Medium.jpg\" alt=\"\" data-id=\"17375\" data-full-url=\"http:\/\/sp1.kielce.eu\/wp-content\/uploads\/2021\/06\/IMG_0204-Medium.jpg\" data-link=\"http:\/\/sp1.kielce.eu\/?attachment_id=17375\" class=\"wp-image-17375\" srcset=\"https:\/\/sp1.kielce.eu\/wp-content\/uploads\/2021\/06\/IMG_0204-Medium.jpg 1365w, https:\/\/sp1.kielce.eu\/wp-content\/uploads\/2021\/06\/IMG_0204-Medium-300x169.jpg 300w, https:\/\/sp1.kielce.eu\/wp-content\/uploads\/2021\/06\/IMG_0204-Medium-768x432.jpg 768w, https:\/\/sp1.kielce.eu\/wp-content\/uploads\/2021\/06\/IMG_0204-Medium-820x461.jpg 820w\" sizes=\"auto, (max-width: 1365px) 100vw, 1365px\" \/><\/a><figcaption class=\"blocks-gallery-item__caption\">5<\/figcaption><\/figure><\/li><\/ul><\/figure>\n","protected":false},"excerpt":{"rendered":"<p>15 czerwca klasa 8A wraz z wychowawc\u0105 uda\u0142a si\u0119 na ognisko integracyjne na kielecki Stadion. [&hellip;]<\/p>\n","protected":false},"author":5,"featured_media":17372,"comment_status":"closed","ping_status":"open","sticky":false,"template":"","format":"standard","meta":{"footnotes":""},"categories":[36],"tags":[],"class_list":["post-17370","post","type-post","status-publish","format-standard","has-post-thumbnail","hentry","category-wydarzenia"],"_links":{"self":[{"href":"https:\/\/sp1.kielce.eu\/index.php\/wp-json\/wp\/v2\/posts\/17370","targetHints":{"allow":["GET"]}}],"collection":[{"href":"https:\/\/sp1.kielce.eu\/index.php\/wp-json\/wp\/v2\/posts"}],"about":[{"href":"https:\/\/sp1.kielce.eu\/index.php\/wp-json\/wp\/v2\/types\/post"}],"author":[{"embeddable":true,"href":"https:\/\/sp1.kielce.eu\/index.php\/wp-json\/wp\/v2\/users\/5"}],"replies":[{"embeddable":true,"href":"https:\/\/sp1.kielce.eu\/index.php\/wp-json\/wp\/v2\/comments?post=17370"}],"version-history":[{"count":1,"href":"https:\/\/sp1.kielce.eu\/index.php\/wp-json\/wp\/v2\/posts\/17370\/revisions"}],"predecessor-version":[{"id":17376,"href":"https:\/\/sp1.kielce.eu\/index.php\/wp-json\/wp\/v2\/posts\/17370\/revisions\/17376"}],"wp:featuredmedia":[{"embeddable":true,"href":"https:\/\/sp1.kielce.eu\/index.php\/wp-json\/wp\/v2\/media\/17372"}],"wp:attachment":[{"href":"https:\/\/sp1.kielce.eu\/index.php\/wp-json\/wp\/v2\/media?parent=17370"}],"wp:term":[{"taxonomy":"category","embeddable":true,"href":"https:\/\/sp1.kielce.eu\/index.php\/wp-json\/wp\/v2\/categories?post=17370"},{"taxonomy":"post_tag","embeddable":true,"href":"https:\/\/sp1.kielce.eu\/index.php\/wp-json\/wp\/v2\/tags?post=17370"}],"curies":[{"name":"wp","href":"https:\/\/api.w.org\/{rel}","templated":true}]}}