{"id":17354,"date":"2021-06-16T08:34:43","date_gmt":"2021-06-16T06:34:43","guid":{"rendered":"http:\/\/sp1.kielce.eu\/?p=17354"},"modified":"2021-06-16T08:34:43","modified_gmt":"2021-06-16T06:34:43","slug":"wycieczka-klas-5a-i-5b-do-ogrodu-botanicznego","status":"publish","type":"post","link":"https:\/\/sp1.kielce.eu\/index.php\/2021\/06\/16\/wycieczka-klas-5a-i-5b-do-ogrodu-botanicznego\/","title":{"rendered":"Wycieczka klas 5a i 5b do Ogrodu Botanicznego"},"content":{"rendered":"\n<p>Dnia 15 czerwca klasy 5a i 5b z wychowawcami uczestniczy\u0142y w wycieczce edukacyjno &#8211; integracyjnej do Ogrodu Botanicznego w Kielcach, kt\u00f3ry znajduje si\u0119 na po\u0142udniowo-wschodnich zboczach g\u00f3ry Karcz\u00f3wka (339 m n.p.m.) Ogr\u00f3d Przywita\u0142 nas pi\u0119knym malowniczym krajobrazem oraz niezwyk\u0142\u0105 woni\u0105 kolekcji r\u00f3\u017c (tzw. r\u00f3\u017cank\u0105) Pi\u0119kna pogoda zach\u0119ca\u0142a do spacer\u00f3w alejami wype\u0142nionymi r\u00f3\u017cnorodno\u015bci\u0105 kwiat\u00f3w, krzew\u00f3w i drzew. Mieli\u015bmy mo\u017cliwo\u015b\u0107 zobaczenia i poznania rzadko spotykanych gatunk\u00f3w ro\u015blin wodnych i l\u0105dowych. Nie zabrak\u0142o r\u00f3wnie\u017c pikniku na \u015bwie\u017cym powietrzu &#8211; dzieci zabra\u0142y koce i pyszne przek\u0105ski, a wsp\u00f3lne jedzenie i rozmowa to \u015bwietny przepis na przyjemne sp\u0119dzanie czasu.<\/p>\n\n\n\n<p>Krystyna Banasik<\/p>\n\n\n\n<p>Anna Mazur<\/p>\n\n\n\n<figure class=\"wp-block-gallery columns-3 is-cropped wp-block-gallery-1 is-layout-flex wp-block-gallery-is-layout-flex\"><ul class=\"blocks-gallery-grid\"><li class=\"blocks-gallery-item\"><figure><a href=\"http:\/\/sp1.kielce.eu\/wp-content\/uploads\/2021\/06\/01-Ogr-d-Medium.jpg\"><img loading=\"lazy\" decoding=\"async\" width=\"1268\" height=\"768\" src=\"http:\/\/sp1.kielce.eu\/wp-content\/uploads\/2021\/06\/01-Ogr-d-Medium.jpg\" alt=\"\" data-id=\"17355\" data-full-url=\"http:\/\/sp1.kielce.eu\/wp-content\/uploads\/2021\/06\/01-Ogr-d-Medium.jpg\" data-link=\"http:\/\/sp1.kielce.eu\/?attachment_id=17355\" class=\"wp-image-17355\" srcset=\"https:\/\/sp1.kielce.eu\/wp-content\/uploads\/2021\/06\/01-Ogr-d-Medium.jpg 1268w, https:\/\/sp1.kielce.eu\/wp-content\/uploads\/2021\/06\/01-Ogr-d-Medium-300x182.jpg 300w, https:\/\/sp1.kielce.eu\/wp-content\/uploads\/2021\/06\/01-Ogr-d-Medium-768x465.jpg 768w, https:\/\/sp1.kielce.eu\/wp-content\/uploads\/2021\/06\/01-Ogr-d-Medium-820x497.jpg 820w\" sizes=\"auto, (max-width: 1268px) 100vw, 1268px\" \/><\/a><figcaption class=\"blocks-gallery-item__caption\">1<\/figcaption><\/figure><\/li><li class=\"blocks-gallery-item\"><figure><a href=\"http:\/\/sp1.kielce.eu\/wp-content\/uploads\/2021\/06\/02-Ogr-d-Medium.jpg\"><img loading=\"lazy\" decoding=\"async\" width=\"1358\" height=\"768\" src=\"http:\/\/sp1.kielce.eu\/wp-content\/uploads\/2021\/06\/02-Ogr-d-Medium.jpg\" alt=\"\" data-id=\"17356\" data-full-url=\"http:\/\/sp1.kielce.eu\/wp-content\/uploads\/2021\/06\/02-Ogr-d-Medium.jpg\" data-link=\"http:\/\/sp1.kielce.eu\/?attachment_id=17356\" class=\"wp-image-17356\" srcset=\"https:\/\/sp1.kielce.eu\/wp-content\/uploads\/2021\/06\/02-Ogr-d-Medium.jpg 1358w, https:\/\/sp1.kielce.eu\/wp-content\/uploads\/2021\/06\/02-Ogr-d-Medium-300x170.jpg 300w, https:\/\/sp1.kielce.eu\/wp-content\/uploads\/2021\/06\/02-Ogr-d-Medium-768x434.jpg 768w, https:\/\/sp1.kielce.eu\/wp-content\/uploads\/2021\/06\/02-Ogr-d-Medium-820x464.jpg 820w\" sizes=\"auto, (max-width: 1358px) 100vw, 1358px\" \/><\/a><figcaption class=\"blocks-gallery-item__caption\">2<\/figcaption><\/figure><\/li><li class=\"blocks-gallery-item\"><figure><a href=\"http:\/\/sp1.kielce.eu\/wp-content\/uploads\/2021\/06\/03-Og-rd-Medium.jpg\"><img loading=\"lazy\" decoding=\"async\" width=\"1048\" height=\"768\" src=\"http:\/\/sp1.kielce.eu\/wp-content\/uploads\/2021\/06\/03-Og-rd-Medium.jpg\" alt=\"\" data-id=\"17357\" data-full-url=\"http:\/\/sp1.kielce.eu\/wp-content\/uploads\/2021\/06\/03-Og-rd-Medium.jpg\" data-link=\"http:\/\/sp1.kielce.eu\/?attachment_id=17357\" class=\"wp-image-17357\" srcset=\"https:\/\/sp1.kielce.eu\/wp-content\/uploads\/2021\/06\/03-Og-rd-Medium.jpg 1048w, https:\/\/sp1.kielce.eu\/wp-content\/uploads\/2021\/06\/03-Og-rd-Medium-300x220.jpg 300w, https:\/\/sp1.kielce.eu\/wp-content\/uploads\/2021\/06\/03-Og-rd-Medium-768x563.jpg 768w, https:\/\/sp1.kielce.eu\/wp-content\/uploads\/2021\/06\/03-Og-rd-Medium-820x601.jpg 820w\" sizes=\"auto, (max-width: 1048px) 100vw, 1048px\" \/><\/a><figcaption class=\"blocks-gallery-item__caption\">3<\/figcaption><\/figure><\/li><li class=\"blocks-gallery-item\"><figure><a href=\"http:\/\/sp1.kielce.eu\/wp-content\/uploads\/2021\/06\/04-Og-rd-Medium.jpg\"><img loading=\"lazy\" decoding=\"async\" width=\"1002\" height=\"768\" src=\"http:\/\/sp1.kielce.eu\/wp-content\/uploads\/2021\/06\/04-Og-rd-Medium.jpg\" alt=\"\" data-id=\"17358\" data-full-url=\"http:\/\/sp1.kielce.eu\/wp-content\/uploads\/2021\/06\/04-Og-rd-Medium.jpg\" data-link=\"http:\/\/sp1.kielce.eu\/?attachment_id=17358\" class=\"wp-image-17358\" srcset=\"https:\/\/sp1.kielce.eu\/wp-content\/uploads\/2021\/06\/04-Og-rd-Medium.jpg 1002w, https:\/\/sp1.kielce.eu\/wp-content\/uploads\/2021\/06\/04-Og-rd-Medium-300x230.jpg 300w, https:\/\/sp1.kielce.eu\/wp-content\/uploads\/2021\/06\/04-Og-rd-Medium-768x589.jpg 768w, https:\/\/sp1.kielce.eu\/wp-content\/uploads\/2021\/06\/04-Og-rd-Medium-820x629.jpg 820w\" sizes=\"auto, (max-width: 1002px) 100vw, 1002px\" \/><\/a><figcaption class=\"blocks-gallery-item__caption\">4<\/figcaption><\/figure><\/li><li class=\"blocks-gallery-item\"><figure><a href=\"http:\/\/sp1.kielce.eu\/wp-content\/uploads\/2021\/06\/05-Og-rd-Medium.jpg\"><img loading=\"lazy\" decoding=\"async\" width=\"987\" height=\"768\" src=\"http:\/\/sp1.kielce.eu\/wp-content\/uploads\/2021\/06\/05-Og-rd-Medium.jpg\" alt=\"\" data-id=\"17359\" data-full-url=\"http:\/\/sp1.kielce.eu\/wp-content\/uploads\/2021\/06\/05-Og-rd-Medium.jpg\" data-link=\"http:\/\/sp1.kielce.eu\/?attachment_id=17359\" class=\"wp-image-17359\" srcset=\"https:\/\/sp1.kielce.eu\/wp-content\/uploads\/2021\/06\/05-Og-rd-Medium.jpg 987w, https:\/\/sp1.kielce.eu\/wp-content\/uploads\/2021\/06\/05-Og-rd-Medium-300x233.jpg 300w, https:\/\/sp1.kielce.eu\/wp-content\/uploads\/2021\/06\/05-Og-rd-Medium-768x598.jpg 768w, https:\/\/sp1.kielce.eu\/wp-content\/uploads\/2021\/06\/05-Og-rd-Medium-820x638.jpg 820w\" sizes=\"auto, (max-width: 987px) 100vw, 987px\" \/><\/a><figcaption class=\"blocks-gallery-item__caption\">5<\/figcaption><\/figure><\/li><li class=\"blocks-gallery-item\"><figure><a href=\"http:\/\/sp1.kielce.eu\/wp-content\/uploads\/2021\/06\/06-Og-rd-Medium.jpg\"><img loading=\"lazy\" decoding=\"async\" width=\"1205\" height=\"768\" src=\"http:\/\/sp1.kielce.eu\/wp-content\/uploads\/2021\/06\/06-Og-rd-Medium.jpg\" alt=\"\" data-id=\"17360\" data-full-url=\"http:\/\/sp1.kielce.eu\/wp-content\/uploads\/2021\/06\/06-Og-rd-Medium.jpg\" data-link=\"http:\/\/sp1.kielce.eu\/?attachment_id=17360\" class=\"wp-image-17360\" srcset=\"https:\/\/sp1.kielce.eu\/wp-content\/uploads\/2021\/06\/06-Og-rd-Medium.jpg 1205w, https:\/\/sp1.kielce.eu\/wp-content\/uploads\/2021\/06\/06-Og-rd-Medium-300x191.jpg 300w, https:\/\/sp1.kielce.eu\/wp-content\/uploads\/2021\/06\/06-Og-rd-Medium-768x489.jpg 768w, https:\/\/sp1.kielce.eu\/wp-content\/uploads\/2021\/06\/06-Og-rd-Medium-820x523.jpg 820w\" sizes=\"auto, (max-width: 1205px) 100vw, 1205px\" \/><\/a><figcaption class=\"blocks-gallery-item__caption\">6<\/figcaption><\/figure><\/li><li class=\"blocks-gallery-item\"><figure><a href=\"http:\/\/sp1.kielce.eu\/wp-content\/uploads\/2021\/06\/07-Ogr-d-Medium.jpg\"><img loading=\"lazy\" decoding=\"async\" width=\"1007\" height=\"768\" src=\"http:\/\/sp1.kielce.eu\/wp-content\/uploads\/2021\/06\/07-Ogr-d-Medium.jpg\" alt=\"\" data-id=\"17361\" data-full-url=\"http:\/\/sp1.kielce.eu\/wp-content\/uploads\/2021\/06\/07-Ogr-d-Medium.jpg\" data-link=\"http:\/\/sp1.kielce.eu\/?attachment_id=17361\" class=\"wp-image-17361\" srcset=\"https:\/\/sp1.kielce.eu\/wp-content\/uploads\/2021\/06\/07-Ogr-d-Medium.jpg 1007w, https:\/\/sp1.kielce.eu\/wp-content\/uploads\/2021\/06\/07-Ogr-d-Medium-300x229.jpg 300w, https:\/\/sp1.kielce.eu\/wp-content\/uploads\/2021\/06\/07-Ogr-d-Medium-768x586.jpg 768w, https:\/\/sp1.kielce.eu\/wp-content\/uploads\/2021\/06\/07-Ogr-d-Medium-820x625.jpg 820w\" sizes=\"auto, (max-width: 1007px) 100vw, 1007px\" \/><\/a><figcaption class=\"blocks-gallery-item__caption\">7<\/figcaption><\/figure><\/li><li class=\"blocks-gallery-item\"><figure><a href=\"http:\/\/sp1.kielce.eu\/wp-content\/uploads\/2021\/06\/08-Ogr-d-Medium.jpg\"><img loading=\"lazy\" decoding=\"async\" width=\"1031\" height=\"768\" src=\"http:\/\/sp1.kielce.eu\/wp-content\/uploads\/2021\/06\/08-Ogr-d-Medium.jpg\" alt=\"\" data-id=\"17362\" data-full-url=\"http:\/\/sp1.kielce.eu\/wp-content\/uploads\/2021\/06\/08-Ogr-d-Medium.jpg\" data-link=\"http:\/\/sp1.kielce.eu\/?attachment_id=17362\" class=\"wp-image-17362\" srcset=\"https:\/\/sp1.kielce.eu\/wp-content\/uploads\/2021\/06\/08-Ogr-d-Medium.jpg 1031w, https:\/\/sp1.kielce.eu\/wp-content\/uploads\/2021\/06\/08-Ogr-d-Medium-300x223.jpg 300w, https:\/\/sp1.kielce.eu\/wp-content\/uploads\/2021\/06\/08-Ogr-d-Medium-768x572.jpg 768w, https:\/\/sp1.kielce.eu\/wp-content\/uploads\/2021\/06\/08-Ogr-d-Medium-820x611.jpg 820w\" sizes=\"auto, (max-width: 1031px) 100vw, 1031px\" \/><\/a><figcaption class=\"blocks-gallery-item__caption\">8<\/figcaption><\/figure><\/li><li class=\"blocks-gallery-item\"><figure><a href=\"http:\/\/sp1.kielce.eu\/wp-content\/uploads\/2021\/06\/09-Ogr-d-Medium.jpg\"><img loading=\"lazy\" decoding=\"async\" width=\"1328\" height=\"768\" src=\"http:\/\/sp1.kielce.eu\/wp-content\/uploads\/2021\/06\/09-Ogr-d-Medium.jpg\" alt=\"\" data-id=\"17363\" data-full-url=\"http:\/\/sp1.kielce.eu\/wp-content\/uploads\/2021\/06\/09-Ogr-d-Medium.jpg\" data-link=\"http:\/\/sp1.kielce.eu\/?attachment_id=17363\" class=\"wp-image-17363\" srcset=\"https:\/\/sp1.kielce.eu\/wp-content\/uploads\/2021\/06\/09-Ogr-d-Medium.jpg 1328w, https:\/\/sp1.kielce.eu\/wp-content\/uploads\/2021\/06\/09-Ogr-d-Medium-300x173.jpg 300w, https:\/\/sp1.kielce.eu\/wp-content\/uploads\/2021\/06\/09-Ogr-d-Medium-768x444.jpg 768w, https:\/\/sp1.kielce.eu\/wp-content\/uploads\/2021\/06\/09-Ogr-d-Medium-820x474.jpg 820w\" sizes=\"auto, (max-width: 1328px) 100vw, 1328px\" \/><\/a><figcaption class=\"blocks-gallery-item__caption\">9<\/figcaption><\/figure><\/li><li class=\"blocks-gallery-item\"><figure><a href=\"http:\/\/sp1.kielce.eu\/wp-content\/uploads\/2021\/06\/10-Ogr-d-Medium.jpg\"><img loading=\"lazy\" decoding=\"async\" width=\"1366\" height=\"541\" src=\"http:\/\/sp1.kielce.eu\/wp-content\/uploads\/2021\/06\/10-Ogr-d-Medium.jpg\" alt=\"\" data-id=\"17364\" data-full-url=\"http:\/\/sp1.kielce.eu\/wp-content\/uploads\/2021\/06\/10-Ogr-d-Medium.jpg\" data-link=\"http:\/\/sp1.kielce.eu\/?attachment_id=17364\" class=\"wp-image-17364\" srcset=\"https:\/\/sp1.kielce.eu\/wp-content\/uploads\/2021\/06\/10-Ogr-d-Medium.jpg 1366w, https:\/\/sp1.kielce.eu\/wp-content\/uploads\/2021\/06\/10-Ogr-d-Medium-300x119.jpg 300w, https:\/\/sp1.kielce.eu\/wp-content\/uploads\/2021\/06\/10-Ogr-d-Medium-768x304.jpg 768w, https:\/\/sp1.kielce.eu\/wp-content\/uploads\/2021\/06\/10-Ogr-d-Medium-820x325.jpg 820w\" sizes=\"auto, (max-width: 1366px) 100vw, 1366px\" \/><\/a><figcaption class=\"blocks-gallery-item__caption\">10<\/figcaption><\/figure><\/li><li class=\"blocks-gallery-item\"><figure><a href=\"http:\/\/sp1.kielce.eu\/wp-content\/uploads\/2021\/06\/11-Ogr-d-Medium.jpg\"><img loading=\"lazy\" decoding=\"async\" width=\"1366\" height=\"647\" src=\"http:\/\/sp1.kielce.eu\/wp-content\/uploads\/2021\/06\/11-Ogr-d-Medium.jpg\" alt=\"\" data-id=\"17365\" data-full-url=\"http:\/\/sp1.kielce.eu\/wp-content\/uploads\/2021\/06\/11-Ogr-d-Medium.jpg\" data-link=\"http:\/\/sp1.kielce.eu\/?attachment_id=17365\" class=\"wp-image-17365\" srcset=\"https:\/\/sp1.kielce.eu\/wp-content\/uploads\/2021\/06\/11-Ogr-d-Medium.jpg 1366w, https:\/\/sp1.kielce.eu\/wp-content\/uploads\/2021\/06\/11-Ogr-d-Medium-300x142.jpg 300w, https:\/\/sp1.kielce.eu\/wp-content\/uploads\/2021\/06\/11-Ogr-d-Medium-768x364.jpg 768w, https:\/\/sp1.kielce.eu\/wp-content\/uploads\/2021\/06\/11-Ogr-d-Medium-820x388.jpg 820w\" sizes=\"auto, (max-width: 1366px) 100vw, 1366px\" \/><\/a><figcaption class=\"blocks-gallery-item__caption\">11<\/figcaption><\/figure><\/li><li class=\"blocks-gallery-item\"><figure><a href=\"http:\/\/sp1.kielce.eu\/wp-content\/uploads\/2021\/06\/12-Ogr-d-Medium.jpg\"><img loading=\"lazy\" decoding=\"async\" width=\"940\" height=\"768\" src=\"http:\/\/sp1.kielce.eu\/wp-content\/uploads\/2021\/06\/12-Ogr-d-Medium.jpg\" alt=\"\" data-id=\"17366\" data-full-url=\"http:\/\/sp1.kielce.eu\/wp-content\/uploads\/2021\/06\/12-Ogr-d-Medium.jpg\" data-link=\"http:\/\/sp1.kielce.eu\/?attachment_id=17366\" class=\"wp-image-17366\" srcset=\"https:\/\/sp1.kielce.eu\/wp-content\/uploads\/2021\/06\/12-Ogr-d-Medium.jpg 940w, https:\/\/sp1.kielce.eu\/wp-content\/uploads\/2021\/06\/12-Ogr-d-Medium-300x245.jpg 300w, https:\/\/sp1.kielce.eu\/wp-content\/uploads\/2021\/06\/12-Ogr-d-Medium-768x627.jpg 768w, https:\/\/sp1.kielce.eu\/wp-content\/uploads\/2021\/06\/12-Ogr-d-Medium-820x670.jpg 820w\" sizes=\"auto, (max-width: 940px) 100vw, 940px\" \/><\/a><figcaption class=\"blocks-gallery-item__caption\">12<\/figcaption><\/figure><\/li><li class=\"blocks-gallery-item\"><figure><a href=\"http:\/\/sp1.kielce.eu\/wp-content\/uploads\/2021\/06\/13-Ogr-d-Medium.jpg\"><img loading=\"lazy\" decoding=\"async\" width=\"1013\" height=\"768\" src=\"http:\/\/sp1.kielce.eu\/wp-content\/uploads\/2021\/06\/13-Ogr-d-Medium.jpg\" alt=\"\" data-id=\"17367\" data-full-url=\"http:\/\/sp1.kielce.eu\/wp-content\/uploads\/2021\/06\/13-Ogr-d-Medium.jpg\" data-link=\"http:\/\/sp1.kielce.eu\/?attachment_id=17367\" class=\"wp-image-17367\" srcset=\"https:\/\/sp1.kielce.eu\/wp-content\/uploads\/2021\/06\/13-Ogr-d-Medium.jpg 1013w, https:\/\/sp1.kielce.eu\/wp-content\/uploads\/2021\/06\/13-Ogr-d-Medium-300x227.jpg 300w, https:\/\/sp1.kielce.eu\/wp-content\/uploads\/2021\/06\/13-Ogr-d-Medium-768x582.jpg 768w, https:\/\/sp1.kielce.eu\/wp-content\/uploads\/2021\/06\/13-Ogr-d-Medium-820x622.jpg 820w\" sizes=\"auto, (max-width: 1013px) 100vw, 1013px\" \/><\/a><figcaption class=\"blocks-gallery-item__caption\">13<\/figcaption><\/figure><\/li><li class=\"blocks-gallery-item\"><figure><a href=\"http:\/\/sp1.kielce.eu\/wp-content\/uploads\/2021\/06\/14-Ogr-d-Medium.jpg\"><img loading=\"lazy\" decoding=\"async\" width=\"1233\" height=\"768\" src=\"http:\/\/sp1.kielce.eu\/wp-content\/uploads\/2021\/06\/14-Ogr-d-Medium.jpg\" alt=\"\" data-id=\"17368\" data-full-url=\"http:\/\/sp1.kielce.eu\/wp-content\/uploads\/2021\/06\/14-Ogr-d-Medium.jpg\" data-link=\"http:\/\/sp1.kielce.eu\/?attachment_id=17368\" class=\"wp-image-17368\" srcset=\"https:\/\/sp1.kielce.eu\/wp-content\/uploads\/2021\/06\/14-Ogr-d-Medium.jpg 1233w, https:\/\/sp1.kielce.eu\/wp-content\/uploads\/2021\/06\/14-Ogr-d-Medium-300x187.jpg 300w, https:\/\/sp1.kielce.eu\/wp-content\/uploads\/2021\/06\/14-Ogr-d-Medium-768x478.jpg 768w, https:\/\/sp1.kielce.eu\/wp-content\/uploads\/2021\/06\/14-Ogr-d-Medium-820x511.jpg 820w\" sizes=\"auto, (max-width: 1233px) 100vw, 1233px\" \/><\/a><figcaption class=\"blocks-gallery-item__caption\">14<\/figcaption><\/figure><\/li><\/ul><\/figure>\n","protected":false},"excerpt":{"rendered":"<p>Dnia 15 czerwca klasy 5a i 5b z wychowawcami uczestniczy\u0142y w wycieczce edukacyjno &#8211; integracyjnej [&hellip;]<\/p>\n","protected":false},"author":5,"featured_media":17355,"comment_status":"closed","ping_status":"open","sticky":false,"template":"","format":"standard","meta":{"footnotes":""},"categories":[36],"tags":[],"class_list":["post-17354","post","type-post","status-publish","format-standard","has-post-thumbnail","hentry","category-wydarzenia"],"_links":{"self":[{"href":"https:\/\/sp1.kielce.eu\/index.php\/wp-json\/wp\/v2\/posts\/17354","targetHints":{"allow":["GET"]}}],"collection":[{"href":"https:\/\/sp1.kielce.eu\/index.php\/wp-json\/wp\/v2\/posts"}],"about":[{"href":"https:\/\/sp1.kielce.eu\/index.php\/wp-json\/wp\/v2\/types\/post"}],"author":[{"embeddable":true,"href":"https:\/\/sp1.kielce.eu\/index.php\/wp-json\/wp\/v2\/users\/5"}],"replies":[{"embeddable":true,"href":"https:\/\/sp1.kielce.eu\/index.php\/wp-json\/wp\/v2\/comments?post=17354"}],"version-history":[{"count":1,"href":"https:\/\/sp1.kielce.eu\/index.php\/wp-json\/wp\/v2\/posts\/17354\/revisions"}],"predecessor-version":[{"id":17369,"href":"https:\/\/sp1.kielce.eu\/index.php\/wp-json\/wp\/v2\/posts\/17354\/revisions\/17369"}],"wp:featuredmedia":[{"embeddable":true,"href":"https:\/\/sp1.kielce.eu\/index.php\/wp-json\/wp\/v2\/media\/17355"}],"wp:attachment":[{"href":"https:\/\/sp1.kielce.eu\/index.php\/wp-json\/wp\/v2\/media?parent=17354"}],"wp:term":[{"taxonomy":"category","embeddable":true,"href":"https:\/\/sp1.kielce.eu\/index.php\/wp-json\/wp\/v2\/categories?post=17354"},{"taxonomy":"post_tag","embeddable":true,"href":"https:\/\/sp1.kielce.eu\/index.php\/wp-json\/wp\/v2\/tags?post=17354"}],"curies":[{"name":"wp","href":"https:\/\/api.w.org\/{rel}","templated":true}]}}