{"id":17301,"date":"2021-06-14T09:13:15","date_gmt":"2021-06-14T07:13:15","guid":{"rendered":"http:\/\/sp1.kielce.eu\/?p=17301"},"modified":"2021-07-01T23:44:41","modified_gmt":"2021-07-01T21:44:41","slug":"nagrody-w-ii-miejskim-konkursie-krasomowczym-mistrz-oracji-12","status":"publish","type":"post","link":"https:\/\/sp1.kielce.eu\/index.php\/2021\/06\/14\/nagrody-w-ii-miejskim-konkursie-krasomowczym-mistrz-oracji-12\/","title":{"rendered":"Nagrody w II Miejskim Konkursie Krasom\u00f3wczym ,,Mistrz Oracji 12 +\u201d"},"content":{"rendered":"\n<p>W dniu 11 czerwca dotar\u0142y do nas nagrody od SP nr 28 w Kielcach dla&nbsp; Ewy Hlebickiej- J\u00f3zefowicz&nbsp; z 7c ( zdobywczyni III Miejsca w II Miejskim Konkursie Krasom\u00f3wczym ,,Mistrz Oracji 12 + ) oraz Ewy Kwieci\u0144skiej z 7b za udzia\u0142 w konkursie. Uczennice otrzyma\u0142y pi\u0119kne dyplomy oraz&nbsp; gad\u017cety zwi\u0105zane z Kielcami. Nagrody sprawi\u0142y im wiele rado\u015bci. Serdecznie dzi\u0119kujemy organizatorom.<\/p>\n\n\n\n<p>\u00a0\u00a0\u00a0\u00a0\u00a0\u00a0\u00a0\u00a0\u00a0\u00a0\u00a0\u00a0\u00a0\u00a0\u00a0\u00a0\u00a0\u00a0\u00a0\u00a0\u00a0\u00a0\u00a0\u00a0\u00a0\u00a0\u00a0\u00a0\u00a0\u00a0\u00a0\u00a0\u00a0\u00a0\u00a0\u00a0\u00a0\u00a0\u00a0\u00a0\u00a0\u00a0\u00a0\u00a0\u00a0\u00a0\u00a0\u00a0\u00a0\u00a0\u00a0\u00a0\u00a0\u00a0\u00a0\u00a0\u00a0\u00a0\u00a0\u00a0\u00a0 \u00a0\u00a0\u00a0\u00a0\u00a0\u00a0Dorota Broni\u015b \u2013 nauczyciel j. polskiego<\/p>\n\n\n\n<figure class=\"wp-block-gallery columns-3 is-cropped wp-block-gallery-1 is-layout-flex wp-block-gallery-is-layout-flex\"><ul class=\"blocks-gallery-grid\"><li class=\"blocks-gallery-item\"><figure><a href=\"http:\/\/sp1.kielce.eu\/wp-content\/uploads\/2021\/06\/20210611_120224-1200x900.jpg\"><img loading=\"lazy\" decoding=\"async\" width=\"1200\" height=\"900\" src=\"http:\/\/sp1.kielce.eu\/wp-content\/uploads\/2021\/06\/20210611_120224-1200x900.jpg\" alt=\"\" data-id=\"17302\" data-link=\"http:\/\/sp1.kielce.eu\/?attachment_id=17302\" class=\"wp-image-17302\" srcset=\"https:\/\/sp1.kielce.eu\/wp-content\/uploads\/2021\/06\/20210611_120224-1200x900.jpg 1200w, https:\/\/sp1.kielce.eu\/wp-content\/uploads\/2021\/06\/20210611_120224-300x225.jpg 300w, https:\/\/sp1.kielce.eu\/wp-content\/uploads\/2021\/06\/20210611_120224-768x576.jpg 768w, https:\/\/sp1.kielce.eu\/wp-content\/uploads\/2021\/06\/20210611_120224-1536x1152.jpg 1536w, https:\/\/sp1.kielce.eu\/wp-content\/uploads\/2021\/06\/20210611_120224-2048x1536.jpg 2048w, https:\/\/sp1.kielce.eu\/wp-content\/uploads\/2021\/06\/20210611_120224-820x615.jpg 820w\" sizes=\"auto, (max-width: 1200px) 100vw, 1200px\" \/><\/a><\/figure><\/li><li class=\"blocks-gallery-item\"><figure><a href=\"http:\/\/sp1.kielce.eu\/wp-content\/uploads\/2021\/06\/20210611_120611-675x900.jpg\"><img loading=\"lazy\" decoding=\"async\" width=\"675\" height=\"900\" src=\"http:\/\/sp1.kielce.eu\/wp-content\/uploads\/2021\/06\/20210611_120611-675x900.jpg\" alt=\"\" data-id=\"17305\" data-link=\"http:\/\/sp1.kielce.eu\/?attachment_id=17305\" class=\"wp-image-17305\" srcset=\"https:\/\/sp1.kielce.eu\/wp-content\/uploads\/2021\/06\/20210611_120611-675x900.jpg 675w, https:\/\/sp1.kielce.eu\/wp-content\/uploads\/2021\/06\/20210611_120611-225x300.jpg 225w, https:\/\/sp1.kielce.eu\/wp-content\/uploads\/2021\/06\/20210611_120611-768x1024.jpg 768w, https:\/\/sp1.kielce.eu\/wp-content\/uploads\/2021\/06\/20210611_120611-1152x1536.jpg 1152w, https:\/\/sp1.kielce.eu\/wp-content\/uploads\/2021\/06\/20210611_120611-1536x2048.jpg 1536w, https:\/\/sp1.kielce.eu\/wp-content\/uploads\/2021\/06\/20210611_120611-820x1093.jpg 820w, https:\/\/sp1.kielce.eu\/wp-content\/uploads\/2021\/06\/20210611_120611-scaled.jpg 1920w\" sizes=\"auto, (max-width: 675px) 100vw, 675px\" \/><\/a><\/figure><\/li><li class=\"blocks-gallery-item\"><figure><a href=\"http:\/\/sp1.kielce.eu\/wp-content\/uploads\/2021\/06\/20210611_120247-1-scaled.jpg\"><img loading=\"lazy\" decoding=\"async\" width=\"675\" height=\"900\" src=\"http:\/\/sp1.kielce.eu\/wp-content\/uploads\/2021\/06\/20210611_120247-1-675x900.jpg\" alt=\"\" data-id=\"17307\" data-full-url=\"http:\/\/sp1.kielce.eu\/wp-content\/uploads\/2021\/06\/20210611_120247-1-scaled.jpg\" data-link=\"http:\/\/sp1.kielce.eu\/?attachment_id=17307\" class=\"wp-image-17307\" srcset=\"https:\/\/sp1.kielce.eu\/wp-content\/uploads\/2021\/06\/20210611_120247-1-675x900.jpg 675w, https:\/\/sp1.kielce.eu\/wp-content\/uploads\/2021\/06\/20210611_120247-1-225x300.jpg 225w, https:\/\/sp1.kielce.eu\/wp-content\/uploads\/2021\/06\/20210611_120247-1-768x1024.jpg 768w, https:\/\/sp1.kielce.eu\/wp-content\/uploads\/2021\/06\/20210611_120247-1-1152x1536.jpg 1152w, https:\/\/sp1.kielce.eu\/wp-content\/uploads\/2021\/06\/20210611_120247-1-1536x2048.jpg 1536w, https:\/\/sp1.kielce.eu\/wp-content\/uploads\/2021\/06\/20210611_120247-1-820x1093.jpg 820w, https:\/\/sp1.kielce.eu\/wp-content\/uploads\/2021\/06\/20210611_120247-1-scaled.jpg 1920w\" sizes=\"auto, (max-width: 675px) 100vw, 675px\" \/><\/a><\/figure><\/li><li class=\"blocks-gallery-item\"><figure><a href=\"http:\/\/sp1.kielce.eu\/wp-content\/uploads\/2021\/06\/20210611_120330-1-scaled.jpg\"><img loading=\"lazy\" decoding=\"async\" width=\"675\" height=\"900\" src=\"http:\/\/sp1.kielce.eu\/wp-content\/uploads\/2021\/06\/20210611_120330-1-675x900.jpg\" alt=\"\" data-id=\"17308\" data-full-url=\"http:\/\/sp1.kielce.eu\/wp-content\/uploads\/2021\/06\/20210611_120330-1-scaled.jpg\" data-link=\"http:\/\/sp1.kielce.eu\/?attachment_id=17308\" class=\"wp-image-17308\" srcset=\"https:\/\/sp1.kielce.eu\/wp-content\/uploads\/2021\/06\/20210611_120330-1-675x900.jpg 675w, https:\/\/sp1.kielce.eu\/wp-content\/uploads\/2021\/06\/20210611_120330-1-225x300.jpg 225w, https:\/\/sp1.kielce.eu\/wp-content\/uploads\/2021\/06\/20210611_120330-1-768x1024.jpg 768w, https:\/\/sp1.kielce.eu\/wp-content\/uploads\/2021\/06\/20210611_120330-1-1152x1536.jpg 1152w, https:\/\/sp1.kielce.eu\/wp-content\/uploads\/2021\/06\/20210611_120330-1-1536x2048.jpg 1536w, https:\/\/sp1.kielce.eu\/wp-content\/uploads\/2021\/06\/20210611_120330-1-820x1093.jpg 820w, https:\/\/sp1.kielce.eu\/wp-content\/uploads\/2021\/06\/20210611_120330-1-scaled.jpg 1920w\" sizes=\"auto, (max-width: 675px) 100vw, 675px\" \/><\/a><\/figure><\/li><\/ul><\/figure>\n","protected":false},"excerpt":{"rendered":"<p>W dniu 11 czerwca dotar\u0142y do nas nagrody od SP nr 28 w Kielcach dla&nbsp; [&hellip;]<\/p>\n","protected":false},"author":5,"featured_media":17305,"comment_status":"closed","ping_status":"open","sticky":false,"template":"","format":"standard","meta":{"footnotes":""},"categories":[36,10,21],"tags":[],"class_list":["post-17301","post","type-post","status-publish","format-standard","has-post-thumbnail","hentry","category-wydarzenia","category-konkursy-przedmiotowe","category-konkursy"],"_links":{"self":[{"href":"https:\/\/sp1.kielce.eu\/index.php\/wp-json\/wp\/v2\/posts\/17301","targetHints":{"allow":["GET"]}}],"collection":[{"href":"https:\/\/sp1.kielce.eu\/index.php\/wp-json\/wp\/v2\/posts"}],"about":[{"href":"https:\/\/sp1.kielce.eu\/index.php\/wp-json\/wp\/v2\/types\/post"}],"author":[{"embeddable":true,"href":"https:\/\/sp1.kielce.eu\/index.php\/wp-json\/wp\/v2\/users\/5"}],"replies":[{"embeddable":true,"href":"https:\/\/sp1.kielce.eu\/index.php\/wp-json\/wp\/v2\/comments?post=17301"}],"version-history":[{"count":1,"href":"https:\/\/sp1.kielce.eu\/index.php\/wp-json\/wp\/v2\/posts\/17301\/revisions"}],"predecessor-version":[{"id":17309,"href":"https:\/\/sp1.kielce.eu\/index.php\/wp-json\/wp\/v2\/posts\/17301\/revisions\/17309"}],"wp:featuredmedia":[{"embeddable":true,"href":"https:\/\/sp1.kielce.eu\/index.php\/wp-json\/wp\/v2\/media\/17305"}],"wp:attachment":[{"href":"https:\/\/sp1.kielce.eu\/index.php\/wp-json\/wp\/v2\/media?parent=17301"}],"wp:term":[{"taxonomy":"category","embeddable":true,"href":"https:\/\/sp1.kielce.eu\/index.php\/wp-json\/wp\/v2\/categories?post=17301"},{"taxonomy":"post_tag","embeddable":true,"href":"https:\/\/sp1.kielce.eu\/index.php\/wp-json\/wp\/v2\/tags?post=17301"}],"curies":[{"name":"wp","href":"https:\/\/api.w.org\/{rel}","templated":true}]}}