{"id":1729,"date":"2017-04-26T23:45:28","date_gmt":"2017-04-26T21:45:28","guid":{"rendered":"http:\/\/sp1.kielce.eu\/?p=1729"},"modified":"2017-09-25T18:39:56","modified_gmt":"2017-09-25T16:39:56","slug":"szkolny-konkurs-przyrodniczy-dla-klas-v","status":"publish","type":"post","link":"https:\/\/sp1.kielce.eu\/index.php\/2017\/04\/26\/szkolny-konkurs-przyrodniczy-dla-klas-v\/","title":{"rendered":"Szkolny Konkurs Przyrodniczy dla klas V"},"content":{"rendered":"<p lang=\"zxx\"><span style=\"font-family: Times New Roman,serif;\">Dnia 16 marca 2017 roku w naszej szkole odby\u0142 si\u0119 konkurs przyrodniczy dla klas V. <\/span><\/p>\n<p lang=\"zxx\"><span style=\"font-family: Times New Roman,serif;\">Konkurs mia\u0142 form\u0119 pisemn\u0105 uczniowie wype\u0142niali test przyrodniczy sk\u0142adaj\u0105cy si\u0119 z pyta\u0144 zamkni\u0119tych i otwartych obejmuj\u0105cych tre\u015bci podstawy programowej z przyrody dla klas IV i V.<\/span><\/p>\n<p lang=\"zxx\"><strong>Celem konkursu by\u0142o:<\/strong><br \/>\n&#8211; rozwijanie zainteresowa\u0144 przyrodniczych i wspieranie uzdolnie\u0144 uczni\u00f3w.<br \/>\n&#8211; kszta\u0142towanie w\u0142a\u015bciwych postaw cz\u0142owieka wobec przyrody.<br \/>\n&#8211; rozwijanie umiej\u0119tno\u015bci stosowania zdobytej wiedzy w praktyce.<\/p>\n<p lang=\"zxx\"><span style=\"font-family: Times New Roman,serif;\"><span style=\"font-size: large;\"><b>I miejsce \u2013 Karolina Komasara kl. 5b<\/b><\/span><\/span><\/p>\n<p lang=\"zxx\"><span style=\"font-family: Times New Roman,serif;\"><span style=\"font-size: large;\"><b>II miejsce \u2013 Aleksandra Sobolak kl. 5b <\/b><\/span><\/span><\/p>\n<p lang=\"zxx\"><span style=\"font-family: Times New Roman,serif;\"><span style=\"font-size: large;\"><b>III miejsce \u2013 Maciej Lis kl. 5a<\/b><\/span><\/span><\/p>\n<p lang=\"zxx\">Wszystkim uczestnikom dzi\u0119kujemy za udzia\u0142, a zwyci\u0119zcom serdecznie gratulujemy.<\/p>\n<p lang=\"zxx\" style=\"text-align: right;\">Krystyna Banasik<\/p>\n<div id='gallery-1' class='gallery galleryid-1729 gallery-columns-3 gallery-size-thumbnail'><figure class='gallery-item'>\n\t\t\t<div class='gallery-icon landscape'>\n\t\t\t\t<a href='https:\/\/sp1.kielce.eu\/wp-content\/uploads\/2017\/04\/laureaci.jpg'><img loading=\"lazy\" decoding=\"async\" width=\"150\" height=\"150\" src=\"https:\/\/sp1.kielce.eu\/wp-content\/uploads\/2017\/04\/laureaci-150x150.jpg\" class=\"attachment-thumbnail size-thumbnail\" alt=\"Laureaci\" \/><\/a>\n\t\t\t<\/div><\/figure><figure class='gallery-item'>\n\t\t\t<div class='gallery-icon landscape'>\n\t\t\t\t<a href='https:\/\/sp1.kielce.eu\/wp-content\/uploads\/2017\/04\/IMG_6112.jpg'><img loading=\"lazy\" decoding=\"async\" width=\"150\" height=\"150\" src=\"https:\/\/sp1.kielce.eu\/wp-content\/uploads\/2017\/04\/IMG_6112-150x150.jpg\" class=\"attachment-thumbnail size-thumbnail\" alt=\"\" aria-describedby=\"gallery-1-1730\" \/><\/a>\n\t\t\t<\/div>\n\t\t\t\t<figcaption class='wp-caption-text gallery-caption' id='gallery-1-1730'>\n\t\t\t\t01\n\t\t\t\t<\/figcaption><\/figure><figure class='gallery-item'>\n\t\t\t<div class='gallery-icon landscape'>\n\t\t\t\t<a href='https:\/\/sp1.kielce.eu\/wp-content\/uploads\/2017\/04\/IMG_6113.jpg'><img loading=\"lazy\" decoding=\"async\" width=\"150\" height=\"150\" src=\"https:\/\/sp1.kielce.eu\/wp-content\/uploads\/2017\/04\/IMG_6113-150x150.jpg\" class=\"attachment-thumbnail size-thumbnail\" alt=\"\" aria-describedby=\"gallery-1-1731\" \/><\/a>\n\t\t\t<\/div>\n\t\t\t\t<figcaption class='wp-caption-text gallery-caption' id='gallery-1-1731'>\n\t\t\t\t02\n\t\t\t\t<\/figcaption><\/figure>\n\t\t<\/div>\n\n","protected":false},"excerpt":{"rendered":"<p>Dnia 16 marca 2017 roku w naszej szkole odby\u0142 si\u0119 konkurs przyrodniczy dla klas V. [&hellip;]<\/p>\n","protected":false},"author":6,"featured_media":1730,"comment_status":"closed","ping_status":"open","sticky":false,"template":"","format":"standard","meta":{"footnotes":""},"categories":[10,22],"tags":[65],"class_list":["post-1729","post","type-post","status-publish","format-standard","has-post-thumbnail","hentry","category-konkursy-przedmiotowe","category-konkursy-konkursy-przedmiotowe","tag-konkurs"],"_links":{"self":[{"href":"https:\/\/sp1.kielce.eu\/index.php\/wp-json\/wp\/v2\/posts\/1729","targetHints":{"allow":["GET"]}}],"collection":[{"href":"https:\/\/sp1.kielce.eu\/index.php\/wp-json\/wp\/v2\/posts"}],"about":[{"href":"https:\/\/sp1.kielce.eu\/index.php\/wp-json\/wp\/v2\/types\/post"}],"author":[{"embeddable":true,"href":"https:\/\/sp1.kielce.eu\/index.php\/wp-json\/wp\/v2\/users\/6"}],"replies":[{"embeddable":true,"href":"https:\/\/sp1.kielce.eu\/index.php\/wp-json\/wp\/v2\/comments?post=1729"}],"version-history":[{"count":5,"href":"https:\/\/sp1.kielce.eu\/index.php\/wp-json\/wp\/v2\/posts\/1729\/revisions"}],"predecessor-version":[{"id":2815,"href":"https:\/\/sp1.kielce.eu\/index.php\/wp-json\/wp\/v2\/posts\/1729\/revisions\/2815"}],"wp:featuredmedia":[{"embeddable":true,"href":"https:\/\/sp1.kielce.eu\/index.php\/wp-json\/wp\/v2\/media\/1730"}],"wp:attachment":[{"href":"https:\/\/sp1.kielce.eu\/index.php\/wp-json\/wp\/v2\/media?parent=1729"}],"wp:term":[{"taxonomy":"category","embeddable":true,"href":"https:\/\/sp1.kielce.eu\/index.php\/wp-json\/wp\/v2\/categories?post=1729"},{"taxonomy":"post_tag","embeddable":true,"href":"https:\/\/sp1.kielce.eu\/index.php\/wp-json\/wp\/v2\/tags?post=1729"}],"curies":[{"name":"wp","href":"https:\/\/api.w.org\/{rel}","templated":true}]}}