{"id":17286,"date":"2021-06-14T08:52:33","date_gmt":"2021-06-14T06:52:33","guid":{"rendered":"http:\/\/sp1.kielce.eu\/?p=17286"},"modified":"2021-07-01T23:44:51","modified_gmt":"2021-07-01T21:44:51","slug":"wyroznienie-w-ogolnopolskim-konkursie-matematyczno-literackim-dla-mateusza-cedro","status":"publish","type":"post","link":"https:\/\/sp1.kielce.eu\/index.php\/2021\/06\/14\/wyroznienie-w-ogolnopolskim-konkursie-matematyczno-literackim-dla-mateusza-cedro\/","title":{"rendered":"Wyr\u00f3\u017cnienie w Og\u00f3lnopolskim Konkursie Matematyczno \u2013 Literackim dla Mateusza Cedro"},"content":{"rendered":"\n<p>Uczniowie naszej szko\u0142y wzi\u0119li udzia\u0142 w II edycji Og\u00f3lnopolskiego Konkursu Matematyczno \u2013 Literackiego \u201eMatematyka fraszk\u0105, wierszem i limerykiem\u201d, kt\u00f3rego organizatorem jest Stowarzyszenie Nauczycieli Matematyki z siedzib\u0105 w Bielsku-Bia\u0142ej. Na konkurs nades\u0142ano 420 prac, spo\u015br\u00f3d kt\u00f3rych Komisja Konkursowa, pod kierownictwem dr Tomasza Szweda, wy\u0142oni\u0142a zwyci\u0119zc\u00f3w tegorocznej edycji. Mi\u0142o nam poinformowa\u0107, \u017ce ucze\u0144 klasy 6a \u2013 Mateusz Cedro otrzyma\u0142 wyr\u00f3\u017cnienie. Mateuszowi serdecznie gratulujemy, a wszystkim uczniom dzi\u0119kuj\u0119 za udzia\u0142.<\/p>\n\n\n\n<p>Zapraszamy do lektury nagrodzonych utwor\u00f3w.<\/p>\n\n\n\n<p><a href=\"https:\/\/drive.google.com\/file\/d\/1uJbuAbkULKcIOYoN6i0mlHJUvycrs6kw\/view\">https:\/\/drive.google.com\/file\/d\/1uJbuAbkULKcIOYoN6i0mlHJUvycrs6kw\/view<\/a><\/p>\n\n\n\n<p>Anna Mazur<\/p>\n\n\n\n<p>Urszula Sodel<\/p>\n\n\n\n<p>Dorota Broni\u015b<\/p>\n\n\n\n<figure class=\"wp-block-gallery columns-3 is-cropped wp-block-gallery-1 is-layout-flex wp-block-gallery-is-layout-flex\"><ul class=\"blocks-gallery-grid\"><li class=\"blocks-gallery-item\"><figure><a href=\"http:\/\/sp1.kielce.eu\/wp-content\/uploads\/2021\/06\/01-Matusz-Cedro-Medium.jpg\"><img loading=\"lazy\" decoding=\"async\" width=\"684\" height=\"900\" src=\"http:\/\/sp1.kielce.eu\/wp-content\/uploads\/2021\/06\/01-Matusz-Cedro-Medium-684x900.jpg\" alt=\"\" data-id=\"17287\" data-full-url=\"http:\/\/sp1.kielce.eu\/wp-content\/uploads\/2021\/06\/01-Matusz-Cedro-Medium.jpg\" data-link=\"http:\/\/sp1.kielce.eu\/?attachment_id=17287\" class=\"wp-image-17287\" srcset=\"https:\/\/sp1.kielce.eu\/wp-content\/uploads\/2021\/06\/01-Matusz-Cedro-Medium-684x900.jpg 684w, https:\/\/sp1.kielce.eu\/wp-content\/uploads\/2021\/06\/01-Matusz-Cedro-Medium-228x300.jpg 228w, https:\/\/sp1.kielce.eu\/wp-content\/uploads\/2021\/06\/01-Matusz-Cedro-Medium.jpg 768w\" sizes=\"auto, (max-width: 684px) 100vw, 684px\" \/><\/a><figcaption class=\"blocks-gallery-item__caption\">1<\/figcaption><\/figure><\/li><li class=\"blocks-gallery-item\"><figure><a href=\"http:\/\/sp1.kielce.eu\/wp-content\/uploads\/2021\/06\/02-Matusz-Cedro-Medium.jpg\"><img loading=\"lazy\" decoding=\"async\" width=\"694\" height=\"900\" src=\"http:\/\/sp1.kielce.eu\/wp-content\/uploads\/2021\/06\/02-Matusz-Cedro-Medium-694x900.jpg\" alt=\"\" data-id=\"17288\" data-full-url=\"http:\/\/sp1.kielce.eu\/wp-content\/uploads\/2021\/06\/02-Matusz-Cedro-Medium.jpg\" data-link=\"http:\/\/sp1.kielce.eu\/?attachment_id=17288\" class=\"wp-image-17288\" srcset=\"https:\/\/sp1.kielce.eu\/wp-content\/uploads\/2021\/06\/02-Matusz-Cedro-Medium-694x900.jpg 694w, https:\/\/sp1.kielce.eu\/wp-content\/uploads\/2021\/06\/02-Matusz-Cedro-Medium-231x300.jpg 231w, https:\/\/sp1.kielce.eu\/wp-content\/uploads\/2021\/06\/02-Matusz-Cedro-Medium.jpg 768w\" sizes=\"auto, (max-width: 694px) 100vw, 694px\" \/><\/a><figcaption class=\"blocks-gallery-item__caption\">2<\/figcaption><\/figure><\/li><li class=\"blocks-gallery-item\"><figure><a href=\"http:\/\/sp1.kielce.eu\/wp-content\/uploads\/2021\/06\/03-Matusz-Cedro-Medium.jpg\"><img loading=\"lazy\" decoding=\"async\" width=\"707\" height=\"900\" src=\"http:\/\/sp1.kielce.eu\/wp-content\/uploads\/2021\/06\/03-Matusz-Cedro-Medium-707x900.jpg\" alt=\"\" data-id=\"17289\" data-full-url=\"http:\/\/sp1.kielce.eu\/wp-content\/uploads\/2021\/06\/03-Matusz-Cedro-Medium.jpg\" data-link=\"http:\/\/sp1.kielce.eu\/?attachment_id=17289\" class=\"wp-image-17289\" srcset=\"https:\/\/sp1.kielce.eu\/wp-content\/uploads\/2021\/06\/03-Matusz-Cedro-Medium-707x900.jpg 707w, https:\/\/sp1.kielce.eu\/wp-content\/uploads\/2021\/06\/03-Matusz-Cedro-Medium-236x300.jpg 236w, https:\/\/sp1.kielce.eu\/wp-content\/uploads\/2021\/06\/03-Matusz-Cedro-Medium.jpg 768w\" sizes=\"auto, (max-width: 707px) 100vw, 707px\" \/><\/a><figcaption class=\"blocks-gallery-item__caption\">3<\/figcaption><\/figure><\/li><\/ul><\/figure>\n","protected":false},"excerpt":{"rendered":"<p>Uczniowie naszej szko\u0142y wzi\u0119li udzia\u0142 w II edycji Og\u00f3lnopolskiego Konkursu Matematyczno \u2013 Literackiego \u201eMatematyka fraszk\u0105, [&hellip;]<\/p>\n","protected":false},"author":5,"featured_media":17287,"comment_status":"closed","ping_status":"open","sticky":false,"template":"","format":"standard","meta":{"footnotes":""},"categories":[36,10,21],"tags":[],"class_list":["post-17286","post","type-post","status-publish","format-standard","has-post-thumbnail","hentry","category-wydarzenia","category-konkursy-przedmiotowe","category-konkursy"],"_links":{"self":[{"href":"https:\/\/sp1.kielce.eu\/index.php\/wp-json\/wp\/v2\/posts\/17286","targetHints":{"allow":["GET"]}}],"collection":[{"href":"https:\/\/sp1.kielce.eu\/index.php\/wp-json\/wp\/v2\/posts"}],"about":[{"href":"https:\/\/sp1.kielce.eu\/index.php\/wp-json\/wp\/v2\/types\/post"}],"author":[{"embeddable":true,"href":"https:\/\/sp1.kielce.eu\/index.php\/wp-json\/wp\/v2\/users\/5"}],"replies":[{"embeddable":true,"href":"https:\/\/sp1.kielce.eu\/index.php\/wp-json\/wp\/v2\/comments?post=17286"}],"version-history":[{"count":1,"href":"https:\/\/sp1.kielce.eu\/index.php\/wp-json\/wp\/v2\/posts\/17286\/revisions"}],"predecessor-version":[{"id":17290,"href":"https:\/\/sp1.kielce.eu\/index.php\/wp-json\/wp\/v2\/posts\/17286\/revisions\/17290"}],"wp:featuredmedia":[{"embeddable":true,"href":"https:\/\/sp1.kielce.eu\/index.php\/wp-json\/wp\/v2\/media\/17287"}],"wp:attachment":[{"href":"https:\/\/sp1.kielce.eu\/index.php\/wp-json\/wp\/v2\/media?parent=17286"}],"wp:term":[{"taxonomy":"category","embeddable":true,"href":"https:\/\/sp1.kielce.eu\/index.php\/wp-json\/wp\/v2\/categories?post=17286"},{"taxonomy":"post_tag","embeddable":true,"href":"https:\/\/sp1.kielce.eu\/index.php\/wp-json\/wp\/v2\/tags?post=17286"}],"curies":[{"name":"wp","href":"https:\/\/api.w.org\/{rel}","templated":true}]}}