{"id":17152,"date":"2021-06-09T15:45:21","date_gmt":"2021-06-09T13:45:21","guid":{"rendered":"http:\/\/sp1.kielce.eu\/?p=17152"},"modified":"2021-06-09T15:45:21","modified_gmt":"2021-06-09T13:45:21","slug":"daj-wyraz-swojej-radosci","status":"publish","type":"post","link":"https:\/\/sp1.kielce.eu\/index.php\/2021\/06\/09\/daj-wyraz-swojej-radosci\/","title":{"rendered":"Daj wyraz swojej rado\u015bci!"},"content":{"rendered":"\n<p>Samorz\u0105d Uczniowski ustanawia pi\u0105tek 11&nbsp;czerwca \u201eDNIEM RADO\u015aCI\u201d.<\/p>\n\n\n\n<p>Zapraszamy ca\u0142\u0105 spo\u0142eczno\u015b\u0107 naszej szko\u0142y \u2013 uczni\u00f3w i&nbsp;nauczycieli, do wyra\u017cenia swojej rado\u015bci w&nbsp;postaci szalonego ubioru lub motywu \u201eu\u015bmiechni\u0119tego emotikonka\u201d (mo\u017cna ubra\u0107 si\u0119 na kolorowo lub umie\u015bci\u0107 na ubraniu emotikonki).<\/p>\n\n\n\n<p>B\u0105d\u017amy RADO\u015aNI, wszak ju\u017c za chwilk\u0119 wakacje!!!<\/p>\n\n\n\n<p class=\"has-text-align-right\">Opiekunki SU \u2013 R. Kozie\u0142, K. Kozie\u0142<\/p>\n\n\n\n<p><\/p>\n","protected":false},"excerpt":{"rendered":"<p>Samorz\u0105d Uczniowski ustanawia pi\u0105tek 11&nbsp;czerwca \u201eDNIEM RADO\u015aCI\u201d. Zapraszamy ca\u0142\u0105 spo\u0142eczno\u015b\u0107 naszej szko\u0142y \u2013 uczni\u00f3w i&nbsp;nauczycieli, [&hellip;]<\/p>\n","protected":false},"author":13,"featured_media":17154,"comment_status":"closed","ping_status":"open","sticky":false,"template":"","format":"standard","meta":{"footnotes":""},"categories":[1,170,18],"tags":[],"class_list":["post-17152","post","type-post","status-publish","format-standard","has-post-thumbnail","hentry","category-bez-kategorii","category-msu","category-samorzad-uczniowoski"],"_links":{"self":[{"href":"https:\/\/sp1.kielce.eu\/index.php\/wp-json\/wp\/v2\/posts\/17152","targetHints":{"allow":["GET"]}}],"collection":[{"href":"https:\/\/sp1.kielce.eu\/index.php\/wp-json\/wp\/v2\/posts"}],"about":[{"href":"https:\/\/sp1.kielce.eu\/index.php\/wp-json\/wp\/v2\/types\/post"}],"author":[{"embeddable":true,"href":"https:\/\/sp1.kielce.eu\/index.php\/wp-json\/wp\/v2\/users\/13"}],"replies":[{"embeddable":true,"href":"https:\/\/sp1.kielce.eu\/index.php\/wp-json\/wp\/v2\/comments?post=17152"}],"version-history":[{"count":1,"href":"https:\/\/sp1.kielce.eu\/index.php\/wp-json\/wp\/v2\/posts\/17152\/revisions"}],"predecessor-version":[{"id":17153,"href":"https:\/\/sp1.kielce.eu\/index.php\/wp-json\/wp\/v2\/posts\/17152\/revisions\/17153"}],"wp:featuredmedia":[{"embeddable":true,"href":"https:\/\/sp1.kielce.eu\/index.php\/wp-json\/wp\/v2\/media\/17154"}],"wp:attachment":[{"href":"https:\/\/sp1.kielce.eu\/index.php\/wp-json\/wp\/v2\/media?parent=17152"}],"wp:term":[{"taxonomy":"category","embeddable":true,"href":"https:\/\/sp1.kielce.eu\/index.php\/wp-json\/wp\/v2\/categories?post=17152"},{"taxonomy":"post_tag","embeddable":true,"href":"https:\/\/sp1.kielce.eu\/index.php\/wp-json\/wp\/v2\/tags?post=17152"}],"curies":[{"name":"wp","href":"https:\/\/api.w.org\/{rel}","templated":true}]}}