{"id":17089,"date":"2021-06-07T18:09:15","date_gmt":"2021-06-07T16:09:15","guid":{"rendered":"http:\/\/sp1.kielce.eu\/?p=17089"},"modified":"2021-06-07T18:09:15","modified_gmt":"2021-06-07T16:09:15","slug":"eko-poslanie-i-zebranych-poscieli-przekazanie","status":"publish","type":"post","link":"https:\/\/sp1.kielce.eu\/index.php\/2021\/06\/07\/eko-poslanie-i-zebranych-poscieli-przekazanie\/","title":{"rendered":"\u201eEKO \u2013 POS\u0141ANIE\u201d i zebranych po\u015bcieli PRZEKAZANIE"},"content":{"rendered":"\n<p>Z wielk\u0105 rado\u015bci\u0105 chcemy Was Wszystkich poinformowa\u0107, \u017ce z&nbsp;Wasz\u0105 ogromn\u0105 pomoc\u0105, wyp\u0142ywaj\u0105c\u0105 z&nbsp;jak\u017ce wra\u017cliwego serca, w&nbsp;ramach zako\u0144czonej akcji \u201eEKO-POS\u0141ANIE\u201d zebrali\u015bmy w&nbsp;naszej spo\u0142eczno\u015bci szkolnej <strong>kilkadziesi\u0105t po\u015bcieli<\/strong>, kt\u00f3ra zosta\u0142a przekazana do Diecezjalnego Centrum Wolontariatu w&nbsp;Kielcach. Ju\u017c nied\u0142ugo <strong>podopieczni Hospicjum<\/strong>, tym razem <strong>z&nbsp;Miechowa<\/strong>, <strong>b\u0119d\u0105 mogli z&nbsp;wi\u0119ksz\u0105 ulg\u0105<\/strong> \u2013 dzi\u0119ki zebranym po\u015bcielom &#8211; <strong>znosi\u0107 swoje cierpienia le\u017c\u0105c na swoich \u0142\u00f3\u017ckach<\/strong>.&nbsp;&nbsp;<\/p>\n\n\n\n<p>W ich imieniu sk\u0142adam serdeczne <strong>podzi\u0119kowania, Wszystkim dzieciom, ich rodzinom, ofiarodawcom po\u015bcieli, za dar ich serca. B\u00d3G ZAP\u0141A\u0106!<\/strong><\/p>\n\n\n\n<p>Otrzymali\u015bmy jako Szko\u0142a &#8211; na r\u0119ce przedstawicieli naszego Szkolnego Ko\u0142a Wolontariatu \u201eJEDYNKA \u201d &#8211; r\u00f3wnie\u017c <strong>podzi\u0119kowanie od p.\u00a0Damiana Zegad\u0142o, Koordynatora Diecezjalnego Centrum Wolontariatu<\/strong> za kolejn\u0105, pi\u0119kn\u0105 i\u00a0szlachetn\u0105 akcj\u0119 jaka mia\u0142a miejsce w\u00a0naszej Szkole. <\/p>\n\n\n\n<p class=\"has-text-align-right\">ks. Konrad Walerczak,<br>Agnieszka Rycombel,<br>ks. Micha\u0142 Segiet<\/p>\n\n\n\n<figure class=\"wp-block-gallery columns-2 is-cropped wp-block-gallery-1 is-layout-flex wp-block-gallery-is-layout-flex\"><ul class=\"blocks-gallery-grid\"><li class=\"blocks-gallery-item\"><figure><a href=\"http:\/\/sp1.kielce.eu\/wp-content\/uploads\/2021\/06\/Eko-poslanie.-Przekazanie-zebranej-poscieli-do-DCW.-20210601_115134-Copy.jpg\"><img loading=\"lazy\" decoding=\"async\" width=\"1200\" height=\"900\" src=\"http:\/\/sp1.kielce.eu\/wp-content\/uploads\/2021\/06\/Eko-poslanie.-Przekazanie-zebranej-poscieli-do-DCW.-20210601_115134-Copy.jpg\" alt=\"\" data-id=\"17090\" data-full-url=\"http:\/\/sp1.kielce.eu\/wp-content\/uploads\/2021\/06\/Eko-poslanie.-Przekazanie-zebranej-poscieli-do-DCW.-20210601_115134-Copy.jpg\" data-link=\"http:\/\/sp1.kielce.eu\/?attachment_id=17090\" class=\"wp-image-17090\" srcset=\"https:\/\/sp1.kielce.eu\/wp-content\/uploads\/2021\/06\/Eko-poslanie.-Przekazanie-zebranej-poscieli-do-DCW.-20210601_115134-Copy.jpg 1200w, https:\/\/sp1.kielce.eu\/wp-content\/uploads\/2021\/06\/Eko-poslanie.-Przekazanie-zebranej-poscieli-do-DCW.-20210601_115134-Copy-300x225.jpg 300w, https:\/\/sp1.kielce.eu\/wp-content\/uploads\/2021\/06\/Eko-poslanie.-Przekazanie-zebranej-poscieli-do-DCW.-20210601_115134-Copy-768x576.jpg 768w, https:\/\/sp1.kielce.eu\/wp-content\/uploads\/2021\/06\/Eko-poslanie.-Przekazanie-zebranej-poscieli-do-DCW.-20210601_115134-Copy-820x615.jpg 820w\" sizes=\"auto, (max-width: 1200px) 100vw, 1200px\" \/><\/a><\/figure><\/li><li class=\"blocks-gallery-item\"><figure><a href=\"http:\/\/sp1.kielce.eu\/wp-content\/uploads\/2021\/06\/Podziekowanie-z-przekazania-zebarnej-poscieli-do-DCW.-zdjecie.-20210607_134443-Copy.jpg\"><img loading=\"lazy\" decoding=\"async\" width=\"635\" height=\"900\" src=\"http:\/\/sp1.kielce.eu\/wp-content\/uploads\/2021\/06\/Podziekowanie-z-przekazania-zebarnej-poscieli-do-DCW.-zdjecie.-20210607_134443-Copy.jpg\" alt=\"\" data-id=\"17091\" data-full-url=\"http:\/\/sp1.kielce.eu\/wp-content\/uploads\/2021\/06\/Podziekowanie-z-przekazania-zebarnej-poscieli-do-DCW.-zdjecie.-20210607_134443-Copy.jpg\" data-link=\"http:\/\/sp1.kielce.eu\/?attachment_id=17091\" class=\"wp-image-17091\" srcset=\"https:\/\/sp1.kielce.eu\/wp-content\/uploads\/2021\/06\/Podziekowanie-z-przekazania-zebarnej-poscieli-do-DCW.-zdjecie.-20210607_134443-Copy.jpg 635w, https:\/\/sp1.kielce.eu\/wp-content\/uploads\/2021\/06\/Podziekowanie-z-przekazania-zebarnej-poscieli-do-DCW.-zdjecie.-20210607_134443-Copy-212x300.jpg 212w\" sizes=\"auto, (max-width: 635px) 100vw, 635px\" \/><\/a><\/figure><\/li><\/ul><\/figure>\n","protected":false},"excerpt":{"rendered":"<p>Z wielk\u0105 rado\u015bci\u0105 chcemy Was Wszystkich poinformowa\u0107, \u017ce z&nbsp;Wasz\u0105 ogromn\u0105 pomoc\u0105, wyp\u0142ywaj\u0105c\u0105 z&nbsp;jak\u017ce wra\u017cliwego serca, [&hellip;]<\/p>\n","protected":false},"author":13,"featured_media":17090,"comment_status":"closed","ping_status":"open","sticky":false,"template":"","format":"standard","meta":{"footnotes":""},"categories":[163,23],"tags":[],"class_list":["post-17089","post","type-post","status-publish","format-standard","has-post-thumbnail","hentry","category-skw","category-charytatywne"],"_links":{"self":[{"href":"https:\/\/sp1.kielce.eu\/index.php\/wp-json\/wp\/v2\/posts\/17089","targetHints":{"allow":["GET"]}}],"collection":[{"href":"https:\/\/sp1.kielce.eu\/index.php\/wp-json\/wp\/v2\/posts"}],"about":[{"href":"https:\/\/sp1.kielce.eu\/index.php\/wp-json\/wp\/v2\/types\/post"}],"author":[{"embeddable":true,"href":"https:\/\/sp1.kielce.eu\/index.php\/wp-json\/wp\/v2\/users\/13"}],"replies":[{"embeddable":true,"href":"https:\/\/sp1.kielce.eu\/index.php\/wp-json\/wp\/v2\/comments?post=17089"}],"version-history":[{"count":1,"href":"https:\/\/sp1.kielce.eu\/index.php\/wp-json\/wp\/v2\/posts\/17089\/revisions"}],"predecessor-version":[{"id":17092,"href":"https:\/\/sp1.kielce.eu\/index.php\/wp-json\/wp\/v2\/posts\/17089\/revisions\/17092"}],"wp:featuredmedia":[{"embeddable":true,"href":"https:\/\/sp1.kielce.eu\/index.php\/wp-json\/wp\/v2\/media\/17090"}],"wp:attachment":[{"href":"https:\/\/sp1.kielce.eu\/index.php\/wp-json\/wp\/v2\/media?parent=17089"}],"wp:term":[{"taxonomy":"category","embeddable":true,"href":"https:\/\/sp1.kielce.eu\/index.php\/wp-json\/wp\/v2\/categories?post=17089"},{"taxonomy":"post_tag","embeddable":true,"href":"https:\/\/sp1.kielce.eu\/index.php\/wp-json\/wp\/v2\/tags?post=17089"}],"curies":[{"name":"wp","href":"https:\/\/api.w.org\/{rel}","templated":true}]}}