{"id":17084,"date":"2021-06-07T17:19:41","date_gmt":"2021-06-07T15:19:41","guid":{"rendered":"http:\/\/sp1.kielce.eu\/?p=17084"},"modified":"2021-06-07T17:19:41","modified_gmt":"2021-06-07T15:19:41","slug":"matematyka-w-wierszu-lub-basni","status":"publish","type":"post","link":"https:\/\/sp1.kielce.eu\/index.php\/2021\/06\/07\/matematyka-w-wierszu-lub-basni\/","title":{"rendered":"Matematyka w wierszu lub ba\u015bni"},"content":{"rendered":"\n<p>&nbsp;&nbsp;&nbsp;&nbsp;&nbsp;&nbsp;&nbsp; W drugim semestrze wychowankowie \u015bwietlicy oraz ch\u0119tni uczniowie z&nbsp;pozosta\u0142ych klas wzi\u0119li udzia\u0142 w&nbsp;improwizacji s\u0142owno &#8211; plastycznej na temat: \u201eMatematyka w&nbsp;wierszu lub ba\u015bni\u201d. Dzieci wykona\u0142y prace plastyczne na zadany temat.<\/p>\n\n\n\n<p>&nbsp;&nbsp;&nbsp;&nbsp;&nbsp;&nbsp;&nbsp; Celem wydarzenia by\u0142\u0105 popularyzacja matematyki, kt\u00f3ra dla wielu uczni\u00f3w jest nie\u0142atwa i&nbsp;k\u0142opotliwa, lecz jak si\u0119 okaza\u0142o, przedstawiona w&nbsp;spos\u00f3b zabawny i&nbsp;humorystyczny mo\u017ce sprawi\u0107 wiele rado\u015bci.<\/p>\n\n\n\n<p>&nbsp;&nbsp;&nbsp;&nbsp;&nbsp;&nbsp;&nbsp; Wszystkie wykonane prace by\u0142y interesuj\u0105ce i&nbsp;ukazywa\u0142y du\u017ce zaanga\u017cowanie uczni\u00f3w.<\/p>\n\n\n\n<p class=\"has-text-align-right\">\u00a0\u00a0\u00a0\u00a0\u00a0\u00a0\u00a0 Poni\u017cej przedstawiamy przyk\u0142adowe zdj\u0119cia wykonanych prac. <\/p>\n\n\n\n<p class=\"has-text-align-right\">Ma\u0142gorzata G\u0119bska \u2013 Lisowska<br>\u00a0Marlena Jamro\u017cek &#8211; Pryciak<\/p>\n\n\n\n<figure class=\"wp-block-gallery columns-2 is-cropped wp-block-gallery-1 is-layout-flex wp-block-gallery-is-layout-flex\"><ul class=\"blocks-gallery-grid\"><li class=\"blocks-gallery-item\"><figure><a href=\"http:\/\/sp1.kielce.eu\/wp-content\/uploads\/2021\/06\/IMG_20210607_082328-Copy.jpg\"><img loading=\"lazy\" decoding=\"async\" width=\"1169\" height=\"900\" src=\"http:\/\/sp1.kielce.eu\/wp-content\/uploads\/2021\/06\/IMG_20210607_082328-Copy.jpg\" alt=\"\" data-id=\"17086\" data-full-url=\"http:\/\/sp1.kielce.eu\/wp-content\/uploads\/2021\/06\/IMG_20210607_082328-Copy.jpg\" data-link=\"http:\/\/sp1.kielce.eu\/?attachment_id=17086\" class=\"wp-image-17086\" srcset=\"https:\/\/sp1.kielce.eu\/wp-content\/uploads\/2021\/06\/IMG_20210607_082328-Copy.jpg 1169w, https:\/\/sp1.kielce.eu\/wp-content\/uploads\/2021\/06\/IMG_20210607_082328-Copy-300x231.jpg 300w, https:\/\/sp1.kielce.eu\/wp-content\/uploads\/2021\/06\/IMG_20210607_082328-Copy-768x591.jpg 768w, https:\/\/sp1.kielce.eu\/wp-content\/uploads\/2021\/06\/IMG_20210607_082328-Copy-820x631.jpg 820w\" sizes=\"auto, (max-width: 1169px) 100vw, 1169px\" \/><\/a><\/figure><\/li><li class=\"blocks-gallery-item\"><figure><a href=\"http:\/\/sp1.kielce.eu\/wp-content\/uploads\/2021\/06\/IMG_20210607_082432-Copy.jpg\"><img loading=\"lazy\" decoding=\"async\" width=\"1200\" height=\"724\" src=\"http:\/\/sp1.kielce.eu\/wp-content\/uploads\/2021\/06\/IMG_20210607_082432-Copy.jpg\" alt=\"\" data-id=\"17087\" data-full-url=\"http:\/\/sp1.kielce.eu\/wp-content\/uploads\/2021\/06\/IMG_20210607_082432-Copy.jpg\" data-link=\"http:\/\/sp1.kielce.eu\/?attachment_id=17087\" class=\"wp-image-17087\" srcset=\"https:\/\/sp1.kielce.eu\/wp-content\/uploads\/2021\/06\/IMG_20210607_082432-Copy.jpg 1200w, https:\/\/sp1.kielce.eu\/wp-content\/uploads\/2021\/06\/IMG_20210607_082432-Copy-300x181.jpg 300w, https:\/\/sp1.kielce.eu\/wp-content\/uploads\/2021\/06\/IMG_20210607_082432-Copy-768x463.jpg 768w, https:\/\/sp1.kielce.eu\/wp-content\/uploads\/2021\/06\/IMG_20210607_082432-Copy-820x495.jpg 820w\" sizes=\"auto, (max-width: 1200px) 100vw, 1200px\" \/><\/a><\/figure><\/li><\/ul><\/figure>\n","protected":false},"excerpt":{"rendered":"<p>&nbsp;&nbsp;&nbsp;&nbsp;&nbsp;&nbsp;&nbsp; W drugim semestrze wychowankowie \u015bwietlicy oraz ch\u0119tni uczniowie z&nbsp;pozosta\u0142ych klas wzi\u0119li udzia\u0142 w&nbsp;improwizacji s\u0142owno [&hellip;]<\/p>\n","protected":false},"author":13,"featured_media":17085,"comment_status":"closed","ping_status":"open","sticky":false,"template":"","format":"standard","meta":{"footnotes":""},"categories":[25],"tags":[],"class_list":["post-17084","post","type-post","status-publish","format-standard","has-post-thumbnail","hentry","category-swietlica"],"_links":{"self":[{"href":"https:\/\/sp1.kielce.eu\/index.php\/wp-json\/wp\/v2\/posts\/17084","targetHints":{"allow":["GET"]}}],"collection":[{"href":"https:\/\/sp1.kielce.eu\/index.php\/wp-json\/wp\/v2\/posts"}],"about":[{"href":"https:\/\/sp1.kielce.eu\/index.php\/wp-json\/wp\/v2\/types\/post"}],"author":[{"embeddable":true,"href":"https:\/\/sp1.kielce.eu\/index.php\/wp-json\/wp\/v2\/users\/13"}],"replies":[{"embeddable":true,"href":"https:\/\/sp1.kielce.eu\/index.php\/wp-json\/wp\/v2\/comments?post=17084"}],"version-history":[{"count":1,"href":"https:\/\/sp1.kielce.eu\/index.php\/wp-json\/wp\/v2\/posts\/17084\/revisions"}],"predecessor-version":[{"id":17088,"href":"https:\/\/sp1.kielce.eu\/index.php\/wp-json\/wp\/v2\/posts\/17084\/revisions\/17088"}],"wp:featuredmedia":[{"embeddable":true,"href":"https:\/\/sp1.kielce.eu\/index.php\/wp-json\/wp\/v2\/media\/17085"}],"wp:attachment":[{"href":"https:\/\/sp1.kielce.eu\/index.php\/wp-json\/wp\/v2\/media?parent=17084"}],"wp:term":[{"taxonomy":"category","embeddable":true,"href":"https:\/\/sp1.kielce.eu\/index.php\/wp-json\/wp\/v2\/categories?post=17084"},{"taxonomy":"post_tag","embeddable":true,"href":"https:\/\/sp1.kielce.eu\/index.php\/wp-json\/wp\/v2\/tags?post=17084"}],"curies":[{"name":"wp","href":"https:\/\/api.w.org\/{rel}","templated":true}]}}